{"id":61330,"date":"2025-09-26T10:31:12","date_gmt":"2025-09-26T13:31:12","guid":{"rendered":"https:\/\/www.pbagora.com.br\/?p=918724"},"modified":"2025-09-26T10:31:12","modified_gmt":"2025-09-26T13:31:12","slug":"colombiano-e-preso-por-extorsao-e-roubo-em-joao-pessoa","status":"publish","type":"post","link":"https:\/\/sindaopcpb.org.br\/index.php\/2025\/09\/26\/colombiano-e-preso-por-extorsao-e-roubo-em-joao-pessoa\/","title":{"rendered":"Colombiano \u00e9 preso por extors\u00e3o e roubo em Jo\u00e3o Pessoa"},"content":{"rendered":"<p><img width=\"683\" height=\"386\" src=\"https:\/\/www.pbagora.com.br\/storage\/2024\/12\/Policia-Civil-PB-1-683x386-1.jpg\" class=\"attachment-large size-large wp-post-image\" alt=\"\" style=\"margin-bottom: 20px;\" decoding=\"async\" loading=\"lazy\" srcset=\"https:\/\/www.pbagora.com.br\/storage\/2024\/12\/Policia-Civil-PB-1-683x386-1.jpg 683w, https:\/\/www.pbagora.com.br\/storage\/2024\/12\/Policia-Civil-PB-1-683x386-1-300x170.jpg 300w, https:\/\/www.pbagora.com.br\/storage\/2024\/12\/Policia-Civil-PB-1-683x386-1-150x85.jpg 150w, https:\/\/www.pbagora.com.br\/storage\/2024\/12\/Policia-Civil-PB-1-683x386-1-380x215.jpg 380w, https:\/\/www.pbagora.com.br\/storage\/2024\/12\/Policia-Civil-PB-1-683x386-1-80x46.jpg 80w, https:\/\/www.pbagora.com.br\/storage\/2024\/12\/Policia-Civil-PB-1-683x386-1-600x339.jpg 600w\" sizes=\"auto, (max-width: 683px) 100vw, 683px\" \/><\/p>\n<p>A Pol\u00edcia Civil da Para\u00edba prendeu, nessa quinta-feira (25), dois homens suspeitos de envolvimento em um roubo seguido de extors\u00e3o ocorrido na noite da \u00faltima quarta-feira (24), em Jo\u00e3o Pessoa. A a\u00e7\u00e3o foi conduzida pela Delegacia de Roubos e Furtos de Ve\u00edculos e Cargas (DRFVC), ap\u00f3s den\u00fancia que levou \u00e0 localiza\u00e7\u00e3o dos suspeitos.<\/p>\n\n\n\n<p>Um dos presos \u00e9 um cidad\u00e3o colombiano, de 33 anos. O segundo, de 30 anos, possui uma extensa ficha criminal e responde a oito processos por homic\u00eddio no estado do Rio Grande do Norte. Ele tamb\u00e9m tinha um mandado de pris\u00e3o em aberto e tentou se passar por outra pessoa no momento da abordagem, mas a tentativa de ocultar a identidade foi descoberta pelos investigadores.<\/p>\n\n\n\n<p>A dupla foi autuada em flagrante pelos crimes de roubo, extors\u00e3o, associa\u00e7\u00e3o criminosa e falsa identidade. A motocicleta roubada foi recuperada, e os suspeitos foram encaminhados \u00e0 delegacia para os procedimentos legais.<\/p>\n\n\n\n<p><strong><em>PB Agora<\/em><\/strong><\/p>\n","protected":false},"excerpt":{"rendered":"<p><img loading=\"lazy\" decoding=\"async\" width=\"683\" height=\"386\" src=\"https:\/\/www.pbagora.com.br\/storage\/2024\/12\/Policia-Civil-PB-1-683x386-1.jpg\" class=\"attachment-large size-large wp-post-image\" alt=\"\" srcset=\"https:\/\/www.pbagora.com.br\/storage\/2024\/12\/Policia-Civil-PB-1-683x386-1.jpg 683w, https:\/\/www.pbagora.com.br\/storage\/2024\/12\/Policia-Civil-PB-1-683x386-1-300x170.jpg 300w, https:\/\/www.pbagora.com.br\/storage\/2024\/12\/Policia-Civil-PB-1-683x386-1-150x85.jpg 150w, https:\/\/www.pbagora.com.br\/storage\/2024\/12\/Policia-Civil-PB-1-683x386-1-380x215.jpg 380w, https:\/\/www.pbagora.com.br\/storage\/2024\/12\/Policia-Civil-PB-1-683x386-1-80x46.jpg 80w, https:\/\/www.pbagora.com.br\/storage\/2024\/12\/Policia-Civil-PB-1-683x386-1-600x339.jpg 600w\" sizes=\"auto, (max-width: 683px) 100vw, 683px\"><\/p>\n<p>A Pol\u00edcia Civil da Para\u00edba prendeu, nessa quinta-feira (25), dois homens suspeitos de envolvimento em um roubo seguido\u2026<\/p>\n","protected":false},"author":123457,"featured_media":0,"comment_status":"closed","ping_status":"closed","sticky":false,"template":"","format":"standard","meta":{"advgb_blocks_editor_width":"","advgb_blocks_columns_visual_guide":"","footnotes":""},"categories":[34],"tags":[35,10839,10842],"class_list":["post-61330","post","type-post","status-publish","format-standard","hentry","category-g1","tag-g1","tag-policial","tag-principal3"],"author_meta":{"display_name":"Reda\u00e7\u00e3o","author_link":"https:\/\/sindaopcpb.org.br\/author\/redacao\/"},"featured_img":null,"coauthors":[],"tax_additional":{"categories":{"linked":["<a href=\"https:\/\/sindaopcpb.org.br\/g1\/\" class=\"advgb-post-tax-term\">G1<\/a>"],"unlinked":["<span class=\"advgb-post-tax-term\">G1<\/span>"]},"tags":{"linked":["<a href=\"https:\/\/sindaopcpb.org.br\/g1\/\" class=\"advgb-post-tax-term\">g1<\/a>","<a href=\"https:\/\/sindaopcpb.org.br\/g1\/\" class=\"advgb-post-tax-term\">Policial<\/a>","<a href=\"https:\/\/sindaopcpb.org.br\/g1\/\" class=\"advgb-post-tax-term\">Principal3<\/a>"],"unlinked":["<span class=\"advgb-post-tax-term\">g1<\/span>","<span class=\"advgb-post-tax-term\">Policial<\/span>","<span class=\"advgb-post-tax-term\">Principal3<\/span>"]}},"comment_count":"0","relative_dates":{"created":"Publicado 7 meses atr\u00e1s","modified":"Atualizado 7 meses atr\u00e1s"},"absolute_dates":{"created":"Publicado em 26 de setembro de 2025","modified":"Atualizado em 26 de setembro de 2025"},"absolute_dates_time":{"created":"Publicado em 26 de setembro de 2025 10:31","modified":"Atualizado em 26 de setembro de 2025 10:31"},"featured_img_caption":"","series_order":"","_links":{"self":[{"href":"https:\/\/sindaopcpb.org.br\/index.php\/wp-json\/wp\/v2\/posts\/61330","targetHints":{"allow":["GET"]}}],"collection":[{"href":"https:\/\/sindaopcpb.org.br\/index.php\/wp-json\/wp\/v2\/posts"}],"about":[{"href":"https:\/\/sindaopcpb.org.br\/index.php\/wp-json\/wp\/v2\/types\/post"}],"author":[{"embeddable":true,"href":"https:\/\/sindaopcpb.org.br\/index.php\/wp-json\/wp\/v2\/users\/123457"}],"replies":[{"embeddable":true,"href":"https:\/\/sindaopcpb.org.br\/index.php\/wp-json\/wp\/v2\/comments?post=61330"}],"version-history":[{"count":2,"href":"https:\/\/sindaopcpb.org.br\/index.php\/wp-json\/wp\/v2\/posts\/61330\/revisions"}],"predecessor-version":[{"id":61336,"href":"https:\/\/sindaopcpb.org.br\/index.php\/wp-json\/wp\/v2\/posts\/61330\/revisions\/61336"}],"wp:attachment":[{"href":"https:\/\/sindaopcpb.org.br\/index.php\/wp-json\/wp\/v2\/media?parent=61330"}],"wp:term":[{"taxonomy":"category","embeddable":true,"href":"https:\/\/sindaopcpb.org.br\/index.php\/wp-json\/wp\/v2\/categories?post=61330"},{"taxonomy":"post_tag","embeddable":true,"href":"https:\/\/sindaopcpb.org.br\/index.php\/wp-json\/wp\/v2\/tags?post=61330"}],"curies":[{"name":"wp","href":"https:\/\/api.w.org\/{rel}","templated":true}]}}