{"id":61328,"date":"2025-09-26T10:56:12","date_gmt":"2025-09-26T13:56:12","guid":{"rendered":"https:\/\/www.pbagora.com.br\/?p=918727"},"modified":"2025-09-26T12:45:12","modified_gmt":"2025-09-26T15:45:12","slug":"camareira-e-presa-em-joao-pessoa-por-manter-idosa-em-carcere-e-desviar-mais-de-r-200-mil","status":"publish","type":"post","link":"https:\/\/sindaopcpb.org.br\/index.php\/2025\/09\/26\/camareira-e-presa-em-joao-pessoa-por-manter-idosa-em-carcere-e-desviar-mais-de-r-200-mil\/","title":{"rendered":"Camareira \u00e9 presa em Jo\u00e3o Pessoa por manter idosa em c\u00e1rcere e desviar mais de R$ 200 mil"},"content":{"rendered":"<p><img width=\"935\" height=\"499\" src=\"https:\/\/www.pbagora.com.br\/storage\/2025\/09\/image-122.png\" class=\"attachment-large size-large wp-post-image\" alt=\"\" style=\"margin-bottom: 20px;\" decoding=\"async\" loading=\"lazy\" srcset=\"https:\/\/www.pbagora.com.br\/storage\/2025\/09\/image-122.png 935w, https:\/\/www.pbagora.com.br\/storage\/2025\/09\/image-122-300x160.png 300w, https:\/\/www.pbagora.com.br\/storage\/2025\/09\/image-122-150x80.png 150w, https:\/\/www.pbagora.com.br\/storage\/2025\/09\/image-122-768x410.png 768w, https:\/\/www.pbagora.com.br\/storage\/2025\/09\/image-122-380x203.png 380w, https:\/\/www.pbagora.com.br\/storage\/2025\/09\/image-122-800x427.png 800w, https:\/\/www.pbagora.com.br\/storage\/2025\/09\/image-122-80x42.png 80w, https:\/\/www.pbagora.com.br\/storage\/2025\/09\/image-122-760x406.png 760w, https:\/\/www.pbagora.com.br\/storage\/2025\/09\/image-122-600x320.png 600w\" sizes=\"auto, (max-width: 935px) 100vw, 935px\" \/><\/p>\n<p>Uma camareira foi presa em flagrante em Jo\u00e3o Pessoa, suspeita de manter uma idosa em c\u00e1rcere privado por cerca de um m\u00eas e desviar mais de R$ 200 mil da v\u00edtima. A pris\u00e3o foi realizada pela Delegacia de Defrauda\u00e7\u00f5es e Falsifica\u00e7\u00f5es da Pol\u00edcia Civil da Para\u00edba, ap\u00f3s den\u00fancia feita por um advogado acionado por funcion\u00e1rios de uma pousada.<\/p>\n\n\n\n<p>Segundo o delegado Ademir Fernandes, a v\u00edtima \u00e9 uma mulher de 73 anos, natural de S\u00e3o Paulo, que veio \u00e0 capital paraibana ap\u00f3s a morte do filho. Hospedada em uma pousada no bairro de Mana\u00edra, ela teria revelado \u00e0 camareira, durante conversas informais, que possu\u00eda R$ 230 mil em conta e que tinha familiares na cidade, mas n\u00e3o havia informado a ningu\u00e9m sobre sua chegada.<\/p>\n\n\n\n<p>A partir dessas informa\u00e7\u00f5es, a camareira teria roubado os documentos da idosa enquanto limpava o quarto e, em seguida, a amea\u00e7ado. A v\u00edtima foi levada para a casa da suspeita, onde passou a ser dopada de forma cont\u00ednua. Durante esse per\u00edodo, a mulher utilizou os recursos da idosa para comprar eletrodom\u00e9sticos e at\u00e9 um im\u00f3vel avaliado em R$ 150 mil.<\/p>\n\n\n\n<p>A movimenta\u00e7\u00e3o incomum na resid\u00eancia da camareira, com a chegada de bens caros e o estado debilitado da idosa, chamou a aten\u00e7\u00e3o dos vizinhos. Temendo ser descoberta, a suspeita transferiu a v\u00edtima para outra pousada. Foi nesse novo local que a idosa, ainda sob efeito de medicamentos, conseguiu relatar o ocorrido ao propriet\u00e1rio do estabelecimento, que acionou um advogado. A den\u00fancia foi formalizada na delegacia, levando \u00e0 pris\u00e3o da camareira.<\/p>\n\n\n\n<p>A camareira responder\u00e1 pelos crimes de c\u00e1rcere privado, estelionato, falsidade ideol\u00f3gica e tentativa de homic\u00eddio. <\/p>\n\n\n\n<p><strong><em>PB Agora<\/em><\/strong><\/p>\n","protected":false},"excerpt":{"rendered":"<p><img decoding=\"async\" width=\"935\" height=\"499\" src=\"https:\/\/www.pbagora.com.br\/storage\/2025\/09\/image-122.png\" class=\"attachment-large size-large wp-post-image\" alt=\"\" loading=\"lazy\" srcset=\"https:\/\/www.pbagora.com.br\/storage\/2025\/09\/image-122.png 935w, https:\/\/www.pbagora.com.br\/storage\/2025\/09\/image-122-300x160.png 300w, https:\/\/www.pbagora.com.br\/storage\/2025\/09\/image-122-150x80.png 150w, https:\/\/www.pbagora.com.br\/storage\/2025\/09\/image-122-768x410.png 768w, https:\/\/www.pbagora.com.br\/storage\/2025\/09\/image-122-380x203.png 380w, https:\/\/www.pbagora.com.br\/storage\/2025\/09\/image-122-800x427.png 800w, https:\/\/www.pbagora.com.br\/storage\/2025\/09\/image-122-80x42.png 80w, https:\/\/www.pbagora.com.br\/storage\/2025\/09\/image-122-760x406.png 760w, https:\/\/www.pbagora.com.br\/storage\/2025\/09\/image-122-600x320.png 600w\" sizes=\"auto, (max-width: 935px) 100vw, 935px\"><\/p>\n<p>Uma camareira foi presa em flagrante em Jo\u00e3o Pessoa, suspeita de manter uma idosa em c\u00e1rcere privado por\u2026<\/p>\n","protected":false},"author":123457,"featured_media":0,"comment_status":"closed","ping_status":"closed","sticky":false,"template":"","format":"standard","meta":{"advgb_blocks_editor_width":"","advgb_blocks_columns_visual_guide":"","footnotes":""},"categories":[34],"tags":[35,10839,10848],"class_list":["post-61328","post","type-post","status-publish","format-standard","hentry","category-g1","tag-g1","tag-policial","tag-rodape-01"],"author_meta":{"display_name":"Reda\u00e7\u00e3o","author_link":"https:\/\/sindaopcpb.org.br\/author\/redacao\/"},"featured_img":null,"coauthors":[],"tax_additional":{"categories":{"linked":["<a href=\"https:\/\/sindaopcpb.org.br\/g1\/\" class=\"advgb-post-tax-term\">G1<\/a>"],"unlinked":["<span class=\"advgb-post-tax-term\">G1<\/span>"]},"tags":{"linked":["<a href=\"https:\/\/sindaopcpb.org.br\/g1\/\" class=\"advgb-post-tax-term\">g1<\/a>","<a href=\"https:\/\/sindaopcpb.org.br\/g1\/\" class=\"advgb-post-tax-term\">Policial<\/a>","<a href=\"https:\/\/sindaopcpb.org.br\/g1\/\" class=\"advgb-post-tax-term\">Rodape 01<\/a>"],"unlinked":["<span class=\"advgb-post-tax-term\">g1<\/span>","<span class=\"advgb-post-tax-term\">Policial<\/span>","<span class=\"advgb-post-tax-term\">Rodape 01<\/span>"]}},"comment_count":"0","relative_dates":{"created":"Publicado 7 meses atr\u00e1s","modified":"Atualizado 7 meses atr\u00e1s"},"absolute_dates":{"created":"Publicado em 26 de setembro de 2025","modified":"Atualizado em 26 de setembro de 2025"},"absolute_dates_time":{"created":"Publicado em 26 de setembro de 2025 10:56","modified":"Atualizado em 26 de setembro de 2025 12:45"},"featured_img_caption":"","series_order":"","_links":{"self":[{"href":"https:\/\/sindaopcpb.org.br\/index.php\/wp-json\/wp\/v2\/posts\/61328","targetHints":{"allow":["GET"]}}],"collection":[{"href":"https:\/\/sindaopcpb.org.br\/index.php\/wp-json\/wp\/v2\/posts"}],"about":[{"href":"https:\/\/sindaopcpb.org.br\/index.php\/wp-json\/wp\/v2\/types\/post"}],"author":[{"embeddable":true,"href":"https:\/\/sindaopcpb.org.br\/index.php\/wp-json\/wp\/v2\/users\/123457"}],"replies":[{"embeddable":true,"href":"https:\/\/sindaopcpb.org.br\/index.php\/wp-json\/wp\/v2\/comments?post=61328"}],"version-history":[{"count":2,"href":"https:\/\/sindaopcpb.org.br\/index.php\/wp-json\/wp\/v2\/posts\/61328\/revisions"}],"predecessor-version":[{"id":61342,"href":"https:\/\/sindaopcpb.org.br\/index.php\/wp-json\/wp\/v2\/posts\/61328\/revisions\/61342"}],"wp:attachment":[{"href":"https:\/\/sindaopcpb.org.br\/index.php\/wp-json\/wp\/v2\/media?parent=61328"}],"wp:term":[{"taxonomy":"category","embeddable":true,"href":"https:\/\/sindaopcpb.org.br\/index.php\/wp-json\/wp\/v2\/categories?post=61328"},{"taxonomy":"post_tag","embeddable":true,"href":"https:\/\/sindaopcpb.org.br\/index.php\/wp-json\/wp\/v2\/tags?post=61328"}],"curies":[{"name":"wp","href":"https:\/\/api.w.org\/{rel}","templated":true}]}}