{"id":61320,"date":"2025-09-26T08:54:50","date_gmt":"2025-09-26T11:54:50","guid":{"rendered":"https:\/\/www.pbagora.com.br\/?p=918699"},"modified":"2025-09-26T10:54:50","modified_gmt":"2025-09-26T13:54:50","slug":"ex-policial-penal-e-preso-suspeito-de-montar-rede-de-trafico-digital-em-cg","status":"publish","type":"post","link":"https:\/\/sindaopcpb.org.br\/index.php\/2025\/09\/26\/ex-policial-penal-e-preso-suspeito-de-montar-rede-de-trafico-digital-em-cg\/","title":{"rendered":"Ex-policial penal \u00e9 preso suspeito de montar rede de tr\u00e1fico digital, em CG"},"content":{"rendered":"<p><img width=\"482\" height=\"402\" src=\"https:\/\/www.pbagora.com.br\/storage\/2025\/09\/WhatsApp-Image-2025-09-26-at-07.37.57.jpeg\" class=\"attachment-large size-large wp-post-image\" alt=\"\" style=\"margin-bottom: 20px;\" decoding=\"async\" loading=\"lazy\" srcset=\"https:\/\/www.pbagora.com.br\/storage\/2025\/09\/WhatsApp-Image-2025-09-26-at-07.37.57.jpeg 482w, https:\/\/www.pbagora.com.br\/storage\/2025\/09\/WhatsApp-Image-2025-09-26-at-07.37.57-300x250.jpeg 300w, https:\/\/www.pbagora.com.br\/storage\/2025\/09\/WhatsApp-Image-2025-09-26-at-07.37.57-150x125.jpeg 150w, https:\/\/www.pbagora.com.br\/storage\/2025\/09\/WhatsApp-Image-2025-09-26-at-07.37.57-380x317.jpeg 380w, https:\/\/www.pbagora.com.br\/storage\/2025\/09\/WhatsApp-Image-2025-09-26-at-07.37.57-80x67.jpeg 80w\" sizes=\"auto, (max-width: 482px) 100vw, 482px\" \/><\/p>\n<p>A Pol\u00edcia Civil da Para\u00edba prendeu, na noite dessa quinta-feira (25), um ex-policial penal do Rio Grande do Norte suspeito de envolvimento com tr\u00e1fico de drogas em Campina Grande. A opera\u00e7\u00e3o foi conduzida pela Delegacia de Repress\u00e3o ao Crime Organizado (Draco) e contou com o apoio de outras unidades especializadas. A m\u00e3e do suspeito tamb\u00e9m foi detida e levada \u00e0 delegacia.<\/p>\n\n\n\n<p>Segundo o delegado Alex Amorim, o homem foi abordado no momento em que realizava uma entrega de entorpecentes. Parte da droga foi encontrada com ele, e o restante foi localizado na resid\u00eancia da m\u00e3e, onde os policiais tamb\u00e9m apreenderam materiais il\u00edcitos.<\/p>\n\n\n\n<p>De acordo com informa\u00e7\u00f5es o ex-policial \u00e9 apontado como criador de sites voltados para a venda de drogas por delivery na cidade. Ainda segundo o delegado, ele desenvolvia as plataformas digitais e depois repassava para terceiros, que davam continuidade ao com\u00e9rcio ilegal.<\/p>\n\n\n\n<p>Durante a a\u00e7\u00e3o, os agentes apreenderam maconha in natura e uma variedade de produtos com entorpecentes incorporados, como cones de chocolate e brownies recheados com a subst\u00e2ncia.<\/p>\n\n\n\n<figure class=\"wp-block-embed is-type-video is-provider-youtube wp-block-embed-youtube wp-embed-aspect-9-16 wp-has-aspect-ratio\"><div class=\"wp-block-embed__wrapper\">\n<iframe loading=\"lazy\" title=\"Ex-policial penal \u00e9 preso suspeito de montar rede de tr\u00e1fico digital, em CG\" width=\"563\" height=\"1000\" src=\"https:\/\/www.youtube.com\/embed\/a-yLoMEPR9k?feature=oembed\" frameborder=\"0\" allow=\"accelerometer; autoplay; clipboard-write; encrypted-media; gyroscope; picture-in-picture; web-share\" referrerpolicy=\"strict-origin-when-cross-origin\" allowfullscreen><\/iframe>\n<\/div><\/figure>\n\n\n\n<p><strong><em>PB Agora<\/em><\/strong><\/p>\n","protected":false},"excerpt":{"rendered":"<p><img loading=\"lazy\" decoding=\"async\" width=\"482\" height=\"402\" src=\"https:\/\/www.pbagora.com.br\/storage\/2025\/09\/WhatsApp-Image-2025-09-26-at-07.37.57.jpeg\" class=\"attachment-large size-large wp-post-image\" alt=\"\" srcset=\"https:\/\/www.pbagora.com.br\/storage\/2025\/09\/WhatsApp-Image-2025-09-26-at-07.37.57.jpeg 482w, https:\/\/www.pbagora.com.br\/storage\/2025\/09\/WhatsApp-Image-2025-09-26-at-07.37.57-300x250.jpeg 300w, https:\/\/www.pbagora.com.br\/storage\/2025\/09\/WhatsApp-Image-2025-09-26-at-07.37.57-150x125.jpeg 150w, https:\/\/www.pbagora.com.br\/storage\/2025\/09\/WhatsApp-Image-2025-09-26-at-07.37.57-380x317.jpeg 380w, https:\/\/www.pbagora.com.br\/storage\/2025\/09\/WhatsApp-Image-2025-09-26-at-07.37.57-80x67.jpeg 80w\" sizes=\"auto, (max-width: 482px) 100vw, 482px\"><\/p>\n<p>A Pol\u00edcia Civil da Para\u00edba prendeu, na noite dessa quinta-feira (25), um ex-policial penal do Rio Grande do\u2026<\/p>\n","protected":false},"author":123457,"featured_media":0,"comment_status":"closed","ping_status":"closed","sticky":false,"template":"","format":"standard","meta":{"advgb_blocks_editor_width":"","advgb_blocks_columns_visual_guide":"","footnotes":""},"categories":[34],"tags":[10841,35,10839],"class_list":["post-61320","post","type-post","status-publish","format-standard","hentry","category-g1","tag-destaque-centro-02","tag-g1","tag-policial"],"author_meta":{"display_name":"Reda\u00e7\u00e3o","author_link":"https:\/\/sindaopcpb.org.br\/author\/redacao\/"},"featured_img":null,"coauthors":[],"tax_additional":{"categories":{"linked":["<a href=\"https:\/\/sindaopcpb.org.br\/g1\/\" class=\"advgb-post-tax-term\">G1<\/a>"],"unlinked":["<span class=\"advgb-post-tax-term\">G1<\/span>"]},"tags":{"linked":["<a href=\"https:\/\/sindaopcpb.org.br\/g1\/\" class=\"advgb-post-tax-term\">Destaque Centro 02<\/a>","<a href=\"https:\/\/sindaopcpb.org.br\/g1\/\" class=\"advgb-post-tax-term\">g1<\/a>","<a href=\"https:\/\/sindaopcpb.org.br\/g1\/\" class=\"advgb-post-tax-term\">Policial<\/a>"],"unlinked":["<span class=\"advgb-post-tax-term\">Destaque Centro 02<\/span>","<span class=\"advgb-post-tax-term\">g1<\/span>","<span class=\"advgb-post-tax-term\">Policial<\/span>"]}},"comment_count":"0","relative_dates":{"created":"Publicado 7 meses atr\u00e1s","modified":"Atualizado 7 meses atr\u00e1s"},"absolute_dates":{"created":"Publicado em 26 de setembro de 2025","modified":"Atualizado em 26 de setembro de 2025"},"absolute_dates_time":{"created":"Publicado em 26 de setembro de 2025 08:54","modified":"Atualizado em 26 de setembro de 2025 10:54"},"featured_img_caption":"","series_order":"","_links":{"self":[{"href":"https:\/\/sindaopcpb.org.br\/index.php\/wp-json\/wp\/v2\/posts\/61320","targetHints":{"allow":["GET"]}}],"collection":[{"href":"https:\/\/sindaopcpb.org.br\/index.php\/wp-json\/wp\/v2\/posts"}],"about":[{"href":"https:\/\/sindaopcpb.org.br\/index.php\/wp-json\/wp\/v2\/types\/post"}],"author":[{"embeddable":true,"href":"https:\/\/sindaopcpb.org.br\/index.php\/wp-json\/wp\/v2\/users\/123457"}],"replies":[{"embeddable":true,"href":"https:\/\/sindaopcpb.org.br\/index.php\/wp-json\/wp\/v2\/comments?post=61320"}],"version-history":[{"count":3,"href":"https:\/\/sindaopcpb.org.br\/index.php\/wp-json\/wp\/v2\/posts\/61320\/revisions"}],"predecessor-version":[{"id":61333,"href":"https:\/\/sindaopcpb.org.br\/index.php\/wp-json\/wp\/v2\/posts\/61320\/revisions\/61333"}],"wp:attachment":[{"href":"https:\/\/sindaopcpb.org.br\/index.php\/wp-json\/wp\/v2\/media?parent=61320"}],"wp:term":[{"taxonomy":"category","embeddable":true,"href":"https:\/\/sindaopcpb.org.br\/index.php\/wp-json\/wp\/v2\/categories?post=61320"},{"taxonomy":"post_tag","embeddable":true,"href":"https:\/\/sindaopcpb.org.br\/index.php\/wp-json\/wp\/v2\/tags?post=61320"}],"curies":[{"name":"wp","href":"https:\/\/api.w.org\/{rel}","templated":true}]}}