{"id":61297,"date":"2025-09-26T05:40:40","date_gmt":"2025-09-26T08:40:40","guid":{"rendered":"https:\/\/www.pbagora.com.br\/?p=918666"},"modified":"2025-09-26T10:40:40","modified_gmt":"2025-09-26T13:40:40","slug":"governador-assina-medida-provisoria-e-garante-20-de-reajuste-salarial-as-forcas-de-seguranca-da-pb","status":"publish","type":"post","link":"https:\/\/sindaopcpb.org.br\/index.php\/2025\/09\/26\/governador-assina-medida-provisoria-e-garante-20-de-reajuste-salarial-as-forcas-de-seguranca-da-pb\/","title":{"rendered":"Governador assina medida provis\u00f3ria e garante 20% de reajuste salarial \u00e0s For\u00e7as de Seguran\u00e7a da PB"},"content":{"rendered":"<p><img width=\"1024\" height=\"839\" src=\"https:\/\/www.pbagora.com.br\/storage\/2025\/04\/curimatau1-1024x839.jpeg\" class=\"attachment-large size-large wp-post-image\" alt=\"\" style=\"margin-bottom: 20px;\" decoding=\"async\" loading=\"lazy\" srcset=\"https:\/\/www.pbagora.com.br\/storage\/2025\/04\/curimatau1-1024x839.jpeg 1024w, https:\/\/www.pbagora.com.br\/storage\/2025\/04\/curimatau1-300x246.jpeg 300w, https:\/\/www.pbagora.com.br\/storage\/2025\/04\/curimatau1-150x123.jpeg 150w, https:\/\/www.pbagora.com.br\/storage\/2025\/04\/curimatau1-768x629.jpeg 768w, https:\/\/www.pbagora.com.br\/storage\/2025\/04\/curimatau1-1536x1259.jpeg 1536w, https:\/\/www.pbagora.com.br\/storage\/2025\/04\/curimatau1-2048x1678.jpeg 2048w, https:\/\/www.pbagora.com.br\/storage\/2025\/04\/curimatau1-380x311.jpeg 380w, https:\/\/www.pbagora.com.br\/storage\/2025\/04\/curimatau1-800x656.jpeg 800w, https:\/\/www.pbagora.com.br\/storage\/2025\/04\/curimatau1-1160x951.jpeg 1160w, https:\/\/www.pbagora.com.br\/storage\/2025\/04\/curimatau1-80x66.jpeg 80w, https:\/\/www.pbagora.com.br\/storage\/2025\/04\/curimatau1-760x623.jpeg 760w, https:\/\/www.pbagora.com.br\/storage\/2025\/04\/curimatau1-600x492.jpeg 600w, https:\/\/www.pbagora.com.br\/storage\/2025\/04\/curimatau1-scaled.jpeg 2560w\" sizes=\"auto, (max-width: 1024px) 100vw, 1024px\" \/><\/p>\n<p><\/p>\n\n\n\n<p>O governador Jo\u00e3o Azev\u00eado assinou, ontem (25), a medida provis\u00f3ria que assegura o reajuste salarial das For\u00e7as de Seguran\u00e7a da Para\u00edba. O aumento foi definido em acordo firmado anteriormente com as categorias e ser\u00e1 concedido de forma escalonada at\u00e9 o fim do ano.<\/p>\n\n\n\n<p>Segundo Jo\u00e3o, al\u00e9m dos 5% j\u00e1 implantados no in\u00edcio de 2025, os servidores receber\u00e3o 11% na folha de setembro e 4% no final do ano, totalizando 20% de reajuste. A medida ser\u00e1 encaminhada para aprecia\u00e7\u00e3o da Assembleia Legislativa da Para\u00edba (ALPB).<\/p>\n\n\n\n<p>\u201cMais um compromisso assumido e honrado. Sentamos com todas as For\u00e7as de Seguran\u00e7a e nos comprometemos de que agora em setembro ir\u00edamos fazer um ajuste de todas as tabelas de pagamento das corpora\u00e7\u00f5es, envolvendo Pol\u00edcia Civil, Pol\u00edcia Penal, Corpo de Bombeiros, Pol\u00edcia Militar, agentes de tr\u00e2nsito e agentes socioeducativos. Essa \u00e9 mais uma demonstra\u00e7\u00e3o do nosso respeito com os homens e mulheres que protegem a nossa sociedade\u201d, afirmou o governador.<\/p>\n\n\n\n<p>A atual gest\u00e3o tem priorizado investimentos no setor, com medidas como a realiza\u00e7\u00e3o de concursos p\u00fablicos, atualiza\u00e7\u00e3o das Leis de Organiza\u00e7\u00e3o B\u00e1sica, implanta\u00e7\u00e3o de Planos de Cargos, Carreira e Remunera\u00e7\u00e3o (PCCR), incorpora\u00e7\u00e3o da bolsa desempenho ao sal\u00e1rio, reajustes nas horas extras e redu\u00e7\u00e3o do tempo de promo\u00e7\u00f5es.<\/p>\n\n\n\n<p>Al\u00e9m disso, o governo afirmou que tamb\u00e9m tem ampliado a estrutura f\u00edsica e operacional das corpora\u00e7\u00f5es, com a constru\u00e7\u00e3o dos Centros Integrados de Comando e Controle (CICC) em Jo\u00e3o Pessoa, Campina Grande e Patos, al\u00e9m da aquisi\u00e7\u00e3o de novas viaturas e armamentos.<\/p>\n\n\n\n<p>Veja a MP:<\/p>\n\n\n\n<p><a href=\"https:\/\/auniao.pb.gov.br\/servicos\/doe\/2025-1\/setembro\/diario-oficial-26-09-2025-portal.pdf\">https:\/\/auniao.pb.gov.br\/servicos\/doe\/2025-1\/setembro\/diario-oficial-26-09-2025-portal.pdf<\/a><\/p>\n\n\n\n<p>Reda\u00e7\u00e3o<\/p>\n","protected":false},"excerpt":{"rendered":"<p><img decoding=\"async\" width=\"1024\" height=\"839\" src=\"https:\/\/www.pbagora.com.br\/storage\/2025\/04\/curimatau1-1024x839.jpeg\" class=\"attachment-large size-large wp-post-image\" alt=\"\" loading=\"lazy\" srcset=\"https:\/\/www.pbagora.com.br\/storage\/2025\/04\/curimatau1-1024x839.jpeg 1024w, https:\/\/www.pbagora.com.br\/storage\/2025\/04\/curimatau1-300x246.jpeg 300w, https:\/\/www.pbagora.com.br\/storage\/2025\/04\/curimatau1-150x123.jpeg 150w, https:\/\/www.pbagora.com.br\/storage\/2025\/04\/curimatau1-768x629.jpeg 768w, https:\/\/www.pbagora.com.br\/storage\/2025\/04\/curimatau1-1536x1259.jpeg 1536w, https:\/\/www.pbagora.com.br\/storage\/2025\/04\/curimatau1-2048x1678.jpeg 2048w, https:\/\/www.pbagora.com.br\/storage\/2025\/04\/curimatau1-380x311.jpeg 380w, https:\/\/www.pbagora.com.br\/storage\/2025\/04\/curimatau1-800x656.jpeg 800w, https:\/\/www.pbagora.com.br\/storage\/2025\/04\/curimatau1-1160x951.jpeg 1160w, https:\/\/www.pbagora.com.br\/storage\/2025\/04\/curimatau1-80x66.jpeg 80w, https:\/\/www.pbagora.com.br\/storage\/2025\/04\/curimatau1-760x623.jpeg 760w, https:\/\/www.pbagora.com.br\/storage\/2025\/04\/curimatau1-600x492.jpeg 600w, https:\/\/www.pbagora.com.br\/storage\/2025\/04\/curimatau1-scaled.jpeg 2560w\" sizes=\"auto, (max-width: 1024px) 100vw, 1024px\"><\/p>\n<p>O governador Jo\u00e3o Azev\u00eado assinou, ontem (25), a medida provis\u00f3ria que assegura o reajuste salarial das For\u00e7as de\u2026<\/p>\n","protected":false},"author":123457,"featured_media":0,"comment_status":"closed","ping_status":"closed","sticky":false,"template":"","format":"standard","meta":{"advgb_blocks_editor_width":"","advgb_blocks_columns_visual_guide":"","footnotes":""},"categories":[34],"tags":[35,10839,10847],"class_list":["post-61297","post","type-post","status-publish","format-standard","hentry","category-g1","tag-g1","tag-policial","tag-rodape-03"],"author_meta":{"display_name":"Reda\u00e7\u00e3o","author_link":"https:\/\/sindaopcpb.org.br\/author\/redacao\/"},"featured_img":null,"coauthors":[],"tax_additional":{"categories":{"linked":["<a href=\"https:\/\/sindaopcpb.org.br\/g1\/\" class=\"advgb-post-tax-term\">G1<\/a>"],"unlinked":["<span class=\"advgb-post-tax-term\">G1<\/span>"]},"tags":{"linked":["<a href=\"https:\/\/sindaopcpb.org.br\/g1\/\" class=\"advgb-post-tax-term\">g1<\/a>","<a href=\"https:\/\/sindaopcpb.org.br\/g1\/\" class=\"advgb-post-tax-term\">Policial<\/a>","<a href=\"https:\/\/sindaopcpb.org.br\/g1\/\" class=\"advgb-post-tax-term\">Rodape 03<\/a>"],"unlinked":["<span class=\"advgb-post-tax-term\">g1<\/span>","<span class=\"advgb-post-tax-term\">Policial<\/span>","<span class=\"advgb-post-tax-term\">Rodape 03<\/span>"]}},"comment_count":"0","relative_dates":{"created":"Publicado 7 meses atr\u00e1s","modified":"Atualizado 7 meses atr\u00e1s"},"absolute_dates":{"created":"Publicado em 26 de setembro de 2025","modified":"Atualizado em 26 de setembro de 2025"},"absolute_dates_time":{"created":"Publicado em 26 de setembro de 2025 05:40","modified":"Atualizado em 26 de setembro de 2025 10:40"},"featured_img_caption":"","series_order":"","_links":{"self":[{"href":"https:\/\/sindaopcpb.org.br\/index.php\/wp-json\/wp\/v2\/posts\/61297","targetHints":{"allow":["GET"]}}],"collection":[{"href":"https:\/\/sindaopcpb.org.br\/index.php\/wp-json\/wp\/v2\/posts"}],"about":[{"href":"https:\/\/sindaopcpb.org.br\/index.php\/wp-json\/wp\/v2\/types\/post"}],"author":[{"embeddable":true,"href":"https:\/\/sindaopcpb.org.br\/index.php\/wp-json\/wp\/v2\/users\/123457"}],"replies":[{"embeddable":true,"href":"https:\/\/sindaopcpb.org.br\/index.php\/wp-json\/wp\/v2\/comments?post=61297"}],"version-history":[{"count":4,"href":"https:\/\/sindaopcpb.org.br\/index.php\/wp-json\/wp\/v2\/posts\/61297\/revisions"}],"predecessor-version":[{"id":61335,"href":"https:\/\/sindaopcpb.org.br\/index.php\/wp-json\/wp\/v2\/posts\/61297\/revisions\/61335"}],"wp:attachment":[{"href":"https:\/\/sindaopcpb.org.br\/index.php\/wp-json\/wp\/v2\/media?parent=61297"}],"wp:term":[{"taxonomy":"category","embeddable":true,"href":"https:\/\/sindaopcpb.org.br\/index.php\/wp-json\/wp\/v2\/categories?post=61297"},{"taxonomy":"post_tag","embeddable":true,"href":"https:\/\/sindaopcpb.org.br\/index.php\/wp-json\/wp\/v2\/tags?post=61297"}],"curies":[{"name":"wp","href":"https:\/\/api.w.org\/{rel}","templated":true}]}}