{"id":61167,"date":"2025-09-23T06:28:28","date_gmt":"2025-09-23T09:28:28","guid":{"rendered":"https:\/\/www.pbagora.com.br\/?p=918127"},"modified":"2025-09-23T09:28:28","modified_gmt":"2025-09-23T12:28:28","slug":"pc-investiga-assassinato-a-tiros-de-um-homem-na-cidade-de-gurinhem","status":"publish","type":"post","link":"https:\/\/sindaopcpb.org.br\/index.php\/2025\/09\/23\/pc-investiga-assassinato-a-tiros-de-um-homem-na-cidade-de-gurinhem\/","title":{"rendered":"PC investiga assassinato a tiros de um homem na cidade de Gurinhem"},"content":{"rendered":"<p><img width=\"687\" height=\"463\" src=\"https:\/\/www.pbagora.com.br\/storage\/2023\/10\/csm_homicidios_homem_morto_a_tiros_homicidio_ipc_numol_gemol_carro_verinho_paparazzo_rtc_0419776e49.jpg\" class=\"attachment-large size-large wp-post-image\" alt=\"\" style=\"margin-bottom: 20px;\" decoding=\"async\" srcset=\"https:\/\/www.pbagora.com.br\/storage\/2023\/10\/csm_homicidios_homem_morto_a_tiros_homicidio_ipc_numol_gemol_carro_verinho_paparazzo_rtc_0419776e49.jpg 687w, https:\/\/www.pbagora.com.br\/storage\/2023\/10\/csm_homicidios_homem_morto_a_tiros_homicidio_ipc_numol_gemol_carro_verinho_paparazzo_rtc_0419776e49-300x202.jpg 300w, https:\/\/www.pbagora.com.br\/storage\/2023\/10\/csm_homicidios_homem_morto_a_tiros_homicidio_ipc_numol_gemol_carro_verinho_paparazzo_rtc_0419776e49-150x101.jpg 150w, https:\/\/www.pbagora.com.br\/storage\/2023\/10\/csm_homicidios_homem_morto_a_tiros_homicidio_ipc_numol_gemol_carro_verinho_paparazzo_rtc_0419776e49-380x256.jpg 380w, https:\/\/www.pbagora.com.br\/storage\/2023\/10\/csm_homicidios_homem_morto_a_tiros_homicidio_ipc_numol_gemol_carro_verinho_paparazzo_rtc_0419776e49-80x54.jpg 80w, https:\/\/www.pbagora.com.br\/storage\/2023\/10\/csm_homicidios_homem_morto_a_tiros_homicidio_ipc_numol_gemol_carro_verinho_paparazzo_rtc_0419776e49-600x404.jpg 600w\" sizes=\"(max-width: 687px) 100vw, 687px\" \/><\/p>\n<p><\/p>\n\n\n\n<p>O corpo de um homem de 48 anos foi encontrado na tarde de ontem (22), na zona rural da cidade de Gurinhem, na divisa com o munic\u00edpio de Mulungu, no estado da Para\u00edba. A v\u00edtima tinha marcas de tiro na cabe\u00e7a.<\/p>\n\n\n\n<p>Segundo dados iniciais das investiga\u00e7\u00f5es, a v\u00edtima estava cortando lenha quando foi surpreendida. Os autores do crime n\u00e3o foram identificados e a motiva\u00e7\u00e3o ainda \u00e9 desconhecida. A pol\u00edcia descartou a hip\u00f3tese de latroc\u00ednio (roubo seguido de morte), pois a motocicleta e os pertences do homem n\u00e3o foram levados.<\/p>\n\n\n\n<p>As autoridades suspeitam que se trate de uma execu\u00e7\u00e3o, motivada por algum envolvimento com o tr\u00e1fico de drogas. Segundo apurado pela pol\u00edcia, a v\u00edtima, natural de Mulungu, tinha envolvimento com drogas e, segundo informa\u00e7\u00f5es, estaria tentando largar o v\u00edcio. O caso est\u00e1 sendo investigado para identificar os autores e a motiva\u00e7\u00e3o exata do crime.<\/p>\n\n\n\n<p>Reda\u00e7\u00e3o<\/p>\n","protected":false},"excerpt":{"rendered":"<p><img loading=\"lazy\" decoding=\"async\" width=\"687\" height=\"463\" src=\"https:\/\/www.pbagora.com.br\/storage\/2023\/10\/csm_homicidios_homem_morto_a_tiros_homicidio_ipc_numol_gemol_carro_verinho_paparazzo_rtc_0419776e49.jpg\" class=\"attachment-large size-large wp-post-image\" alt=\"\" srcset=\"https:\/\/www.pbagora.com.br\/storage\/2023\/10\/csm_homicidios_homem_morto_a_tiros_homicidio_ipc_numol_gemol_carro_verinho_paparazzo_rtc_0419776e49.jpg 687w, https:\/\/www.pbagora.com.br\/storage\/2023\/10\/csm_homicidios_homem_morto_a_tiros_homicidio_ipc_numol_gemol_carro_verinho_paparazzo_rtc_0419776e49-300x202.jpg 300w, https:\/\/www.pbagora.com.br\/storage\/2023\/10\/csm_homicidios_homem_morto_a_tiros_homicidio_ipc_numol_gemol_carro_verinho_paparazzo_rtc_0419776e49-150x101.jpg 150w, https:\/\/www.pbagora.com.br\/storage\/2023\/10\/csm_homicidios_homem_morto_a_tiros_homicidio_ipc_numol_gemol_carro_verinho_paparazzo_rtc_0419776e49-380x256.jpg 380w, https:\/\/www.pbagora.com.br\/storage\/2023\/10\/csm_homicidios_homem_morto_a_tiros_homicidio_ipc_numol_gemol_carro_verinho_paparazzo_rtc_0419776e49-80x54.jpg 80w, https:\/\/www.pbagora.com.br\/storage\/2023\/10\/csm_homicidios_homem_morto_a_tiros_homicidio_ipc_numol_gemol_carro_verinho_paparazzo_rtc_0419776e49-600x404.jpg 600w\" sizes=\"auto, (max-width: 687px) 100vw, 687px\"><\/p>\n<p>O corpo de um homem de 48 anos foi encontrado na tarde de ontem (22), na zona rural\u2026<\/p>\n","protected":false},"author":123457,"featured_media":0,"comment_status":"closed","ping_status":"closed","sticky":false,"template":"","format":"standard","meta":{"advgb_blocks_editor_width":"","advgb_blocks_columns_visual_guide":"","footnotes":""},"categories":[34],"tags":[35,10839,10846],"class_list":["post-61167","post","type-post","status-publish","format-standard","hentry","category-g1","tag-g1","tag-policial","tag-rodape-02"],"author_meta":{"display_name":"Reda\u00e7\u00e3o","author_link":"https:\/\/sindaopcpb.org.br\/author\/redacao\/"},"featured_img":null,"coauthors":[],"tax_additional":{"categories":{"linked":["<a href=\"https:\/\/sindaopcpb.org.br\/g1\/\" class=\"advgb-post-tax-term\">G1<\/a>"],"unlinked":["<span class=\"advgb-post-tax-term\">G1<\/span>"]},"tags":{"linked":["<a href=\"https:\/\/sindaopcpb.org.br\/g1\/\" class=\"advgb-post-tax-term\">g1<\/a>","<a href=\"https:\/\/sindaopcpb.org.br\/g1\/\" class=\"advgb-post-tax-term\">Policial<\/a>","<a href=\"https:\/\/sindaopcpb.org.br\/g1\/\" class=\"advgb-post-tax-term\">Rodape 02<\/a>"],"unlinked":["<span class=\"advgb-post-tax-term\">g1<\/span>","<span class=\"advgb-post-tax-term\">Policial<\/span>","<span class=\"advgb-post-tax-term\">Rodape 02<\/span>"]}},"comment_count":"0","relative_dates":{"created":"Publicado 7 meses atr\u00e1s","modified":"Atualizado 7 meses atr\u00e1s"},"absolute_dates":{"created":"Publicado em 23 de setembro de 2025","modified":"Atualizado em 23 de setembro de 2025"},"absolute_dates_time":{"created":"Publicado em 23 de setembro de 2025 06:28","modified":"Atualizado em 23 de setembro de 2025 09:28"},"featured_img_caption":"","series_order":"","_links":{"self":[{"href":"https:\/\/sindaopcpb.org.br\/index.php\/wp-json\/wp\/v2\/posts\/61167","targetHints":{"allow":["GET"]}}],"collection":[{"href":"https:\/\/sindaopcpb.org.br\/index.php\/wp-json\/wp\/v2\/posts"}],"about":[{"href":"https:\/\/sindaopcpb.org.br\/index.php\/wp-json\/wp\/v2\/types\/post"}],"author":[{"embeddable":true,"href":"https:\/\/sindaopcpb.org.br\/index.php\/wp-json\/wp\/v2\/users\/123457"}],"replies":[{"embeddable":true,"href":"https:\/\/sindaopcpb.org.br\/index.php\/wp-json\/wp\/v2\/comments?post=61167"}],"version-history":[{"count":3,"href":"https:\/\/sindaopcpb.org.br\/index.php\/wp-json\/wp\/v2\/posts\/61167\/revisions"}],"predecessor-version":[{"id":61179,"href":"https:\/\/sindaopcpb.org.br\/index.php\/wp-json\/wp\/v2\/posts\/61167\/revisions\/61179"}],"wp:attachment":[{"href":"https:\/\/sindaopcpb.org.br\/index.php\/wp-json\/wp\/v2\/media?parent=61167"}],"wp:term":[{"taxonomy":"category","embeddable":true,"href":"https:\/\/sindaopcpb.org.br\/index.php\/wp-json\/wp\/v2\/categories?post=61167"},{"taxonomy":"post_tag","embeddable":true,"href":"https:\/\/sindaopcpb.org.br\/index.php\/wp-json\/wp\/v2\/tags?post=61167"}],"curies":[{"name":"wp","href":"https:\/\/api.w.org\/{rel}","templated":true}]}}