{"id":61161,"date":"2025-09-22T15:35:32","date_gmt":"2025-09-22T18:35:32","guid":{"rendered":"https:\/\/www.pbagora.com.br\/?p=918047"},"modified":"2025-09-22T15:35:32","modified_gmt":"2025-09-22T18:35:32","slug":"homem-acusado-de-homicidio-e-preso-durante-operacao-conjunta-em-sao-jose-do-sabugi","status":"publish","type":"post","link":"https:\/\/sindaopcpb.org.br\/index.php\/2025\/09\/22\/homem-acusado-de-homicidio-e-preso-durante-operacao-conjunta-em-sao-jose-do-sabugi\/","title":{"rendered":"Homem acusado de homic\u00eddio \u00e9 preso durante opera\u00e7\u00e3o conjunta em S\u00e3o Jos\u00e9 do Sabugi."},"content":{"rendered":"<p><img width=\"1024\" height=\"683\" src=\"https:\/\/www.pbagora.com.br\/storage\/2025\/06\/WhatsApp-Image-2025-06-06-at-09.07.35-1024x683.jpeg\" class=\"attachment-large size-large wp-post-image\" alt=\"\" style=\"margin-bottom: 20px;\" decoding=\"async\" loading=\"lazy\" srcset=\"https:\/\/www.pbagora.com.br\/storage\/2025\/06\/WhatsApp-Image-2025-06-06-at-09.07.35-1024x683.jpeg 1024w, https:\/\/www.pbagora.com.br\/storage\/2025\/06\/WhatsApp-Image-2025-06-06-at-09.07.35-300x200.jpeg 300w, https:\/\/www.pbagora.com.br\/storage\/2025\/06\/WhatsApp-Image-2025-06-06-at-09.07.35-150x100.jpeg 150w, https:\/\/www.pbagora.com.br\/storage\/2025\/06\/WhatsApp-Image-2025-06-06-at-09.07.35-768x512.jpeg 768w, https:\/\/www.pbagora.com.br\/storage\/2025\/06\/WhatsApp-Image-2025-06-06-at-09.07.35-1536x1024.jpeg 1536w, https:\/\/www.pbagora.com.br\/storage\/2025\/06\/WhatsApp-Image-2025-06-06-at-09.07.35-380x253.jpeg 380w, https:\/\/www.pbagora.com.br\/storage\/2025\/06\/WhatsApp-Image-2025-06-06-at-09.07.35-800x534.jpeg 800w, https:\/\/www.pbagora.com.br\/storage\/2025\/06\/WhatsApp-Image-2025-06-06-at-09.07.35-1160x774.jpeg 1160w, https:\/\/www.pbagora.com.br\/storage\/2025\/06\/WhatsApp-Image-2025-06-06-at-09.07.35-80x53.jpeg 80w, https:\/\/www.pbagora.com.br\/storage\/2025\/06\/WhatsApp-Image-2025-06-06-at-09.07.35-760x507.jpeg 760w, https:\/\/www.pbagora.com.br\/storage\/2025\/06\/WhatsApp-Image-2025-06-06-at-09.07.35-600x400.jpeg 600w, https:\/\/www.pbagora.com.br\/storage\/2025\/06\/WhatsApp-Image-2025-06-06-at-09.07.35.jpeg 1600w\" sizes=\"auto, (max-width: 1024px) 100vw, 1024px\" \/><\/p>\n<p>Um homem de 23 anos, de iniciais J.F.F.L, foi preso na manh\u00e3 desta segunda-feira (22), atrav\u00e9s de uma a\u00e7\u00e3o integrada da Pol\u00edcia Civil e de policiais da 3\u00aa Companhia da Pol\u00edcia Militar de Santa Luzia, com o apoio da Unintelpol. O cumpriu do mandado de pris\u00e3o preventiva aponta que o investigado \u00e9 apontado por envolvimento em um homic\u00eddio na cidade de S\u00e3o Jos\u00e9 do Sabugi, no Sert\u00e3o doestado. <\/p>\n\n\n\n<p>As investiga\u00e7\u00f5es indicam que o jovem tem envolvimento com a morte de Ivanildo Damasceno Barbosa J\u00fanior, de 24 anos, na madrugada do dia 21 de maio de 2025. A v\u00edtima foi brutalmente assassinada em circunst\u00e2ncias que vinham sendo apuradas no curso do inqu\u00e9rito policial conduzido pela Delegacia de Santa Luzia<\/p>\n\n\n\n<p>A pris\u00e3o foi decretada pela Vara \u00danica de Santa Luzia, com base nos artigos 311, 312 e 313 do C\u00f3digo de Processo Penal, como forma de assegurar a ordem p\u00fablica e a aplica\u00e7\u00e3o da lei penal.<\/p>\n\n\n\n<p>Ap\u00f3s as formalidades legais, o preso foi encaminhado ao sistema prisional, onde permanecer\u00e1 \u00e0 disposi\u00e7\u00e3o da Justi\u00e7a.<\/p>\n\n\n\n<p><strong><em>Ascom Pol\u00edcia Civi<\/em><\/strong>l<\/p>\n","protected":false},"excerpt":{"rendered":"<p><img loading=\"lazy\" decoding=\"async\" width=\"1024\" height=\"683\" src=\"https:\/\/www.pbagora.com.br\/storage\/2025\/06\/WhatsApp-Image-2025-06-06-at-09.07.35-1024x683.jpeg\" class=\"attachment-large size-large wp-post-image\" alt=\"\" srcset=\"https:\/\/www.pbagora.com.br\/storage\/2025\/06\/WhatsApp-Image-2025-06-06-at-09.07.35-1024x683.jpeg 1024w, https:\/\/www.pbagora.com.br\/storage\/2025\/06\/WhatsApp-Image-2025-06-06-at-09.07.35-300x200.jpeg 300w, https:\/\/www.pbagora.com.br\/storage\/2025\/06\/WhatsApp-Image-2025-06-06-at-09.07.35-150x100.jpeg 150w, https:\/\/www.pbagora.com.br\/storage\/2025\/06\/WhatsApp-Image-2025-06-06-at-09.07.35-768x512.jpeg 768w, https:\/\/www.pbagora.com.br\/storage\/2025\/06\/WhatsApp-Image-2025-06-06-at-09.07.35-1536x1024.jpeg 1536w, https:\/\/www.pbagora.com.br\/storage\/2025\/06\/WhatsApp-Image-2025-06-06-at-09.07.35-380x253.jpeg 380w, https:\/\/www.pbagora.com.br\/storage\/2025\/06\/WhatsApp-Image-2025-06-06-at-09.07.35-800x534.jpeg 800w, https:\/\/www.pbagora.com.br\/storage\/2025\/06\/WhatsApp-Image-2025-06-06-at-09.07.35-1160x774.jpeg 1160w, https:\/\/www.pbagora.com.br\/storage\/2025\/06\/WhatsApp-Image-2025-06-06-at-09.07.35-80x53.jpeg 80w, https:\/\/www.pbagora.com.br\/storage\/2025\/06\/WhatsApp-Image-2025-06-06-at-09.07.35-760x507.jpeg 760w, https:\/\/www.pbagora.com.br\/storage\/2025\/06\/WhatsApp-Image-2025-06-06-at-09.07.35-600x400.jpeg 600w, https:\/\/www.pbagora.com.br\/storage\/2025\/06\/WhatsApp-Image-2025-06-06-at-09.07.35.jpeg 1600w\" sizes=\"auto, (max-width: 1024px) 100vw, 1024px\"><\/p>\n<p>Um homem de 23 anos, de iniciais J.F.F.L, foi preso na manh\u00e3 desta segunda-feira (22), atrav\u00e9s de uma\u2026<\/p>\n","protected":false},"author":123457,"featured_media":0,"comment_status":"closed","ping_status":"closed","sticky":false,"template":"","format":"standard","meta":{"advgb_blocks_editor_width":"","advgb_blocks_columns_visual_guide":"","footnotes":""},"categories":[34],"tags":[35,10839],"class_list":["post-61161","post","type-post","status-publish","format-standard","hentry","category-g1","tag-g1","tag-policial"],"author_meta":{"display_name":"Reda\u00e7\u00e3o","author_link":"https:\/\/sindaopcpb.org.br\/author\/redacao\/"},"featured_img":null,"coauthors":[],"tax_additional":{"categories":{"linked":["<a href=\"https:\/\/sindaopcpb.org.br\/g1\/\" class=\"advgb-post-tax-term\">G1<\/a>"],"unlinked":["<span class=\"advgb-post-tax-term\">G1<\/span>"]},"tags":{"linked":["<a href=\"https:\/\/sindaopcpb.org.br\/g1\/\" class=\"advgb-post-tax-term\">g1<\/a>","<a href=\"https:\/\/sindaopcpb.org.br\/g1\/\" class=\"advgb-post-tax-term\">Policial<\/a>"],"unlinked":["<span class=\"advgb-post-tax-term\">g1<\/span>","<span class=\"advgb-post-tax-term\">Policial<\/span>"]}},"comment_count":"0","relative_dates":{"created":"Publicado 7 meses atr\u00e1s","modified":"Atualizado 7 meses atr\u00e1s"},"absolute_dates":{"created":"Publicado em 22 de setembro de 2025","modified":"Atualizado em 22 de setembro de 2025"},"absolute_dates_time":{"created":"Publicado em 22 de setembro de 2025 15:35","modified":"Atualizado em 22 de setembro de 2025 15:35"},"featured_img_caption":"","series_order":"","_links":{"self":[{"href":"https:\/\/sindaopcpb.org.br\/index.php\/wp-json\/wp\/v2\/posts\/61161","targetHints":{"allow":["GET"]}}],"collection":[{"href":"https:\/\/sindaopcpb.org.br\/index.php\/wp-json\/wp\/v2\/posts"}],"about":[{"href":"https:\/\/sindaopcpb.org.br\/index.php\/wp-json\/wp\/v2\/types\/post"}],"author":[{"embeddable":true,"href":"https:\/\/sindaopcpb.org.br\/index.php\/wp-json\/wp\/v2\/users\/123457"}],"replies":[{"embeddable":true,"href":"https:\/\/sindaopcpb.org.br\/index.php\/wp-json\/wp\/v2\/comments?post=61161"}],"version-history":[{"count":2,"href":"https:\/\/sindaopcpb.org.br\/index.php\/wp-json\/wp\/v2\/posts\/61161\/revisions"}],"predecessor-version":[{"id":61170,"href":"https:\/\/sindaopcpb.org.br\/index.php\/wp-json\/wp\/v2\/posts\/61161\/revisions\/61170"}],"wp:attachment":[{"href":"https:\/\/sindaopcpb.org.br\/index.php\/wp-json\/wp\/v2\/media?parent=61161"}],"wp:term":[{"taxonomy":"category","embeddable":true,"href":"https:\/\/sindaopcpb.org.br\/index.php\/wp-json\/wp\/v2\/categories?post=61161"},{"taxonomy":"post_tag","embeddable":true,"href":"https:\/\/sindaopcpb.org.br\/index.php\/wp-json\/wp\/v2\/tags?post=61161"}],"curies":[{"name":"wp","href":"https:\/\/api.w.org\/{rel}","templated":true}]}}