{"id":61143,"date":"2025-09-22T11:45:43","date_gmt":"2025-09-22T14:45:43","guid":{"rendered":"https:\/\/www.pbagora.com.br\/?p=917989"},"modified":"2025-09-22T11:45:43","modified_gmt":"2025-09-22T14:45:43","slug":"homem-e-preso-em-flagrante-apos-invadir-residencia-e-agredir-ex-companheira-na-pb","status":"publish","type":"post","link":"https:\/\/sindaopcpb.org.br\/index.php\/2025\/09\/22\/homem-e-preso-em-flagrante-apos-invadir-residencia-e-agredir-ex-companheira-na-pb\/","title":{"rendered":"Homem \u00e9 preso em flagrante ap\u00f3s invadir resid\u00eancia e agredir ex-companheira na PB"},"content":{"rendered":"<p><img width=\"576\" height=\"1024\" src=\"https:\/\/www.pbagora.com.br\/storage\/2025\/09\/WhatsApp-Image-2025-09-22-at-10.00.54-576x1024.jpeg\" class=\"attachment-large size-large wp-post-image\" alt=\"\" style=\"margin-bottom: 20px;\" decoding=\"async\" srcset=\"https:\/\/www.pbagora.com.br\/storage\/2025\/09\/WhatsApp-Image-2025-09-22-at-10.00.54-576x1024.jpeg 576w, https:\/\/www.pbagora.com.br\/storage\/2025\/09\/WhatsApp-Image-2025-09-22-at-10.00.54-169x300.jpeg 169w, https:\/\/www.pbagora.com.br\/storage\/2025\/09\/WhatsApp-Image-2025-09-22-at-10.00.54-84x150.jpeg 84w, https:\/\/www.pbagora.com.br\/storage\/2025\/09\/WhatsApp-Image-2025-09-22-at-10.00.54-380x676.jpeg 380w, https:\/\/www.pbagora.com.br\/storage\/2025\/09\/WhatsApp-Image-2025-09-22-at-10.00.54-80x142.jpeg 80w, https:\/\/www.pbagora.com.br\/storage\/2025\/09\/WhatsApp-Image-2025-09-22-at-10.00.54-45x80.jpeg 45w, https:\/\/www.pbagora.com.br\/storage\/2025\/09\/WhatsApp-Image-2025-09-22-at-10.00.54-338x600.jpeg 338w, https:\/\/www.pbagora.com.br\/storage\/2025\/09\/WhatsApp-Image-2025-09-22-at-10.00.54.jpeg 720w\" sizes=\"(max-width: 576px) 100vw, 576px\" \/><\/p>\n<p>A Pol\u00edcia Civil da Para\u00edba, com o apoio do GTE da 13 DSPC e da guarni\u00e7\u00e3o do destacamento da Pol\u00edcia Militar, prendeu em flagrante, pela pr\u00e1tica dos crimes de invas\u00e3o de domic\u00edlio e les\u00e3o corporal qualificada pela viol\u00eancia dom\u00e9stica, um homem que tinha invadido a resid\u00eancia da ex-companheira e a estava espancando, fato ocorrido na cidade de Sossego\/PB.<\/p>\n\n\n\n<p>Ao tomarem conhecimento da ocorr\u00eancia desse fato criminoso os investigadores se deslocaram imediatamente a cidade de Sossego, e a\u00ed chegarem da resid\u00eancia da v\u00edtima, o acusado ainda tentou escapar, fugindo pelas ruas da cidade, mas foi alcan\u00e7ado e preso.<\/p>\n\n\n\n<p>A v\u00edtima relatou que o acusado a havia agredido com uma faca e a espancado com socos s pontap\u00e9s, o que se pode constatar pelas marcas de sangue espalhadas pela casa, mas devido a a\u00e7\u00e3o policial r\u00e1pida e efetiva foi impedida a pr\u00e1tica de um crime mais grave que pudesse atentar contra a vida da v\u00edtima.<\/p>\n\n\n\n<p>Na delegacia a v\u00edtima relatou que estava separado do acusado h\u00e1 alguns meses, mas ele n\u00e3o se conformava com a separa\u00e7\u00e3o e, inclusive, tinha medida protetiva contra ele.<\/p>\n\n\n\n<p><strong><em>Ascom Pol\u00edcia Civil<\/em><\/strong><\/p>\n","protected":false},"excerpt":{"rendered":"<p><img loading=\"lazy\" decoding=\"async\" width=\"576\" height=\"1024\" src=\"https:\/\/www.pbagora.com.br\/storage\/2025\/09\/WhatsApp-Image-2025-09-22-at-10.00.54-576x1024.jpeg\" class=\"attachment-large size-large wp-post-image\" alt=\"\" srcset=\"https:\/\/www.pbagora.com.br\/storage\/2025\/09\/WhatsApp-Image-2025-09-22-at-10.00.54-576x1024.jpeg 576w, https:\/\/www.pbagora.com.br\/storage\/2025\/09\/WhatsApp-Image-2025-09-22-at-10.00.54-169x300.jpeg 169w, https:\/\/www.pbagora.com.br\/storage\/2025\/09\/WhatsApp-Image-2025-09-22-at-10.00.54-84x150.jpeg 84w, https:\/\/www.pbagora.com.br\/storage\/2025\/09\/WhatsApp-Image-2025-09-22-at-10.00.54-380x676.jpeg 380w, https:\/\/www.pbagora.com.br\/storage\/2025\/09\/WhatsApp-Image-2025-09-22-at-10.00.54-80x142.jpeg 80w, https:\/\/www.pbagora.com.br\/storage\/2025\/09\/WhatsApp-Image-2025-09-22-at-10.00.54-45x80.jpeg 45w, https:\/\/www.pbagora.com.br\/storage\/2025\/09\/WhatsApp-Image-2025-09-22-at-10.00.54-338x600.jpeg 338w, https:\/\/www.pbagora.com.br\/storage\/2025\/09\/WhatsApp-Image-2025-09-22-at-10.00.54.jpeg 720w\" sizes=\"auto, (max-width: 576px) 100vw, 576px\"><\/p>\n<p>A Pol\u00edcia Civil da Para\u00edba, com o apoio do GTE da 13 DSPC e da guarni\u00e7\u00e3o do destacamento\u2026<\/p>\n","protected":false},"author":123457,"featured_media":0,"comment_status":"closed","ping_status":"closed","sticky":false,"template":"","format":"standard","meta":{"advgb_blocks_editor_width":"","advgb_blocks_columns_visual_guide":"","footnotes":""},"categories":[34],"tags":[10841,35,10839],"class_list":["post-61143","post","type-post","status-publish","format-standard","hentry","category-g1","tag-destaque-centro-02","tag-g1","tag-policial"],"author_meta":{"display_name":"Reda\u00e7\u00e3o","author_link":"https:\/\/sindaopcpb.org.br\/author\/redacao\/"},"featured_img":null,"coauthors":[],"tax_additional":{"categories":{"linked":["<a href=\"https:\/\/sindaopcpb.org.br\/g1\/\" class=\"advgb-post-tax-term\">G1<\/a>"],"unlinked":["<span class=\"advgb-post-tax-term\">G1<\/span>"]},"tags":{"linked":["<a href=\"https:\/\/sindaopcpb.org.br\/g1\/\" class=\"advgb-post-tax-term\">Destaque Centro 02<\/a>","<a href=\"https:\/\/sindaopcpb.org.br\/g1\/\" class=\"advgb-post-tax-term\">g1<\/a>","<a href=\"https:\/\/sindaopcpb.org.br\/g1\/\" class=\"advgb-post-tax-term\">Policial<\/a>"],"unlinked":["<span class=\"advgb-post-tax-term\">Destaque Centro 02<\/span>","<span class=\"advgb-post-tax-term\">g1<\/span>","<span class=\"advgb-post-tax-term\">Policial<\/span>"]}},"comment_count":"0","relative_dates":{"created":"Publicado 7 meses atr\u00e1s","modified":"Atualizado 7 meses atr\u00e1s"},"absolute_dates":{"created":"Publicado em 22 de setembro de 2025","modified":"Atualizado em 22 de setembro de 2025"},"absolute_dates_time":{"created":"Publicado em 22 de setembro de 2025 11:45","modified":"Atualizado em 22 de setembro de 2025 11:45"},"featured_img_caption":"","series_order":"","_links":{"self":[{"href":"https:\/\/sindaopcpb.org.br\/index.php\/wp-json\/wp\/v2\/posts\/61143","targetHints":{"allow":["GET"]}}],"collection":[{"href":"https:\/\/sindaopcpb.org.br\/index.php\/wp-json\/wp\/v2\/posts"}],"about":[{"href":"https:\/\/sindaopcpb.org.br\/index.php\/wp-json\/wp\/v2\/types\/post"}],"author":[{"embeddable":true,"href":"https:\/\/sindaopcpb.org.br\/index.php\/wp-json\/wp\/v2\/users\/123457"}],"replies":[{"embeddable":true,"href":"https:\/\/sindaopcpb.org.br\/index.php\/wp-json\/wp\/v2\/comments?post=61143"}],"version-history":[{"count":3,"href":"https:\/\/sindaopcpb.org.br\/index.php\/wp-json\/wp\/v2\/posts\/61143\/revisions"}],"predecessor-version":[{"id":61158,"href":"https:\/\/sindaopcpb.org.br\/index.php\/wp-json\/wp\/v2\/posts\/61143\/revisions\/61158"}],"wp:attachment":[{"href":"https:\/\/sindaopcpb.org.br\/index.php\/wp-json\/wp\/v2\/media?parent=61143"}],"wp:term":[{"taxonomy":"category","embeddable":true,"href":"https:\/\/sindaopcpb.org.br\/index.php\/wp-json\/wp\/v2\/categories?post=61143"},{"taxonomy":"post_tag","embeddable":true,"href":"https:\/\/sindaopcpb.org.br\/index.php\/wp-json\/wp\/v2\/tags?post=61143"}],"curies":[{"name":"wp","href":"https:\/\/api.w.org\/{rel}","templated":true}]}}