{"id":61112,"date":"2025-09-21T15:25:00","date_gmt":"2025-09-21T18:25:00","guid":{"rendered":"https:\/\/www.pbagora.com.br\/?p=917878"},"modified":"2025-09-21T15:25:00","modified_gmt":"2025-09-21T18:25:00","slug":"sargento-da-pm-e-baleado-ao-reagir-a-tentativa-de-assalto-em-bayeux","status":"publish","type":"post","link":"https:\/\/sindaopcpb.org.br\/index.php\/2025\/09\/21\/sargento-da-pm-e-baleado-ao-reagir-a-tentativa-de-assalto-em-bayeux\/","title":{"rendered":"Sargento da PM \u00e9 baleado ao reagir a tentativa de assalto em Bayeux"},"content":{"rendered":"<p><img width=\"519\" height=\"429\" src=\"https:\/\/www.pbagora.com.br\/storage\/2025\/09\/Captura-de-tela-2025-09-21-152424.png\" class=\"attachment-large size-large wp-post-image\" alt=\"\" style=\"margin-bottom: 20px;\" decoding=\"async\" srcset=\"https:\/\/www.pbagora.com.br\/storage\/2025\/09\/Captura-de-tela-2025-09-21-152424.png 519w, https:\/\/www.pbagora.com.br\/storage\/2025\/09\/Captura-de-tela-2025-09-21-152424-300x248.png 300w, https:\/\/www.pbagora.com.br\/storage\/2025\/09\/Captura-de-tela-2025-09-21-152424-150x124.png 150w, https:\/\/www.pbagora.com.br\/storage\/2025\/09\/Captura-de-tela-2025-09-21-152424-380x314.png 380w, https:\/\/www.pbagora.com.br\/storage\/2025\/09\/Captura-de-tela-2025-09-21-152424-80x66.png 80w\" sizes=\"(max-width: 519px) 100vw, 519px\" \/><\/p>\n<p>Um sargento da Pol\u00edcia Militar da Para\u00edba foi baleado na manh\u00e3 deste domingo (21), durante uma tentativa de assalto nas imedia\u00e7\u00f5es do Mercado P\u00fablico de Bayeux, conhecido como Feira da Imaculada, na Grande Jo\u00e3o Pessoa.<\/p>\n\n\n\n<p>Segundo a corpora\u00e7\u00e3o, o policial tentou reagir \u00e0 a\u00e7\u00e3o de aproximadamente cinco suspeitos que tentavam roubar um estabelecimento pr\u00f3ximo \u00e0 feira. Durante a troca de agress\u00e3o, o sargento foi atingido por um disparo na perna.<\/p>\n\n\n\n<p>Ele recebeu atendimento imediato e foi encaminhado ao Hospital de Emerg\u00eancia e Trauma de Jo\u00e3o Pessoa. At\u00e9 o momento, n\u00e3o h\u00e1 informa\u00e7\u00f5es atualizadas sobre o estado de sa\u00fade da v\u00edtima.<\/p>\n\n\n\n<p>Equipes da Pol\u00edcia Militar realizam buscas na regi\u00e3o para localizar os suspeitos, mas nenhum deles havia sido preso at\u00e9 a \u00faltima atualiza\u00e7\u00e3o desta mat\u00e9ria.<\/p>\n\n\n\n<p><strong><em>Reda\u00e7\u00e3o<\/em><\/strong><\/p>\n","protected":false},"excerpt":{"rendered":"<p><img loading=\"lazy\" decoding=\"async\" width=\"519\" height=\"429\" src=\"https:\/\/www.pbagora.com.br\/storage\/2025\/09\/Captura-de-tela-2025-09-21-152424.png\" class=\"attachment-large size-large wp-post-image\" alt=\"\" srcset=\"https:\/\/www.pbagora.com.br\/storage\/2025\/09\/Captura-de-tela-2025-09-21-152424.png 519w, https:\/\/www.pbagora.com.br\/storage\/2025\/09\/Captura-de-tela-2025-09-21-152424-300x248.png 300w, https:\/\/www.pbagora.com.br\/storage\/2025\/09\/Captura-de-tela-2025-09-21-152424-150x124.png 150w, https:\/\/www.pbagora.com.br\/storage\/2025\/09\/Captura-de-tela-2025-09-21-152424-380x314.png 380w, https:\/\/www.pbagora.com.br\/storage\/2025\/09\/Captura-de-tela-2025-09-21-152424-80x66.png 80w\" sizes=\"auto, (max-width: 519px) 100vw, 519px\"><\/p>\n<p>Um sargento da Pol\u00edcia Militar da Para\u00edba foi baleado na manh\u00e3 deste domingo (21), durante uma tentativa de\u2026<\/p>\n","protected":false},"author":123457,"featured_media":0,"comment_status":"closed","ping_status":"closed","sticky":false,"template":"","format":"standard","meta":{"advgb_blocks_editor_width":"","advgb_blocks_columns_visual_guide":"","footnotes":""},"categories":[34],"tags":[10845,35,10839],"class_list":["post-61112","post","type-post","status-publish","format-standard","hentry","category-g1","tag-destaque-centro-01","tag-g1","tag-policial"],"author_meta":{"display_name":"Reda\u00e7\u00e3o","author_link":"https:\/\/sindaopcpb.org.br\/author\/redacao\/"},"featured_img":null,"coauthors":[],"tax_additional":{"categories":{"linked":["<a href=\"https:\/\/sindaopcpb.org.br\/g1\/\" class=\"advgb-post-tax-term\">G1<\/a>"],"unlinked":["<span class=\"advgb-post-tax-term\">G1<\/span>"]},"tags":{"linked":["<a href=\"https:\/\/sindaopcpb.org.br\/g1\/\" class=\"advgb-post-tax-term\">Destaque Centro 01<\/a>","<a href=\"https:\/\/sindaopcpb.org.br\/g1\/\" class=\"advgb-post-tax-term\">g1<\/a>","<a href=\"https:\/\/sindaopcpb.org.br\/g1\/\" class=\"advgb-post-tax-term\">Policial<\/a>"],"unlinked":["<span class=\"advgb-post-tax-term\">Destaque Centro 01<\/span>","<span class=\"advgb-post-tax-term\">g1<\/span>","<span class=\"advgb-post-tax-term\">Policial<\/span>"]}},"comment_count":"0","relative_dates":{"created":"Publicado 7 meses atr\u00e1s","modified":"Atualizado 7 meses atr\u00e1s"},"absolute_dates":{"created":"Publicado em 21 de setembro de 2025","modified":"Atualizado em 21 de setembro de 2025"},"absolute_dates_time":{"created":"Publicado em 21 de setembro de 2025 15:25","modified":"Atualizado em 21 de setembro de 2025 15:25"},"featured_img_caption":"","series_order":"","_links":{"self":[{"href":"https:\/\/sindaopcpb.org.br\/index.php\/wp-json\/wp\/v2\/posts\/61112","targetHints":{"allow":["GET"]}}],"collection":[{"href":"https:\/\/sindaopcpb.org.br\/index.php\/wp-json\/wp\/v2\/posts"}],"about":[{"href":"https:\/\/sindaopcpb.org.br\/index.php\/wp-json\/wp\/v2\/types\/post"}],"author":[{"embeddable":true,"href":"https:\/\/sindaopcpb.org.br\/index.php\/wp-json\/wp\/v2\/users\/123457"}],"replies":[{"embeddable":true,"href":"https:\/\/sindaopcpb.org.br\/index.php\/wp-json\/wp\/v2\/comments?post=61112"}],"version-history":[{"count":3,"href":"https:\/\/sindaopcpb.org.br\/index.php\/wp-json\/wp\/v2\/posts\/61112\/revisions"}],"predecessor-version":[{"id":61124,"href":"https:\/\/sindaopcpb.org.br\/index.php\/wp-json\/wp\/v2\/posts\/61112\/revisions\/61124"}],"wp:attachment":[{"href":"https:\/\/sindaopcpb.org.br\/index.php\/wp-json\/wp\/v2\/media?parent=61112"}],"wp:term":[{"taxonomy":"category","embeddable":true,"href":"https:\/\/sindaopcpb.org.br\/index.php\/wp-json\/wp\/v2\/categories?post=61112"},{"taxonomy":"post_tag","embeddable":true,"href":"https:\/\/sindaopcpb.org.br\/index.php\/wp-json\/wp\/v2\/tags?post=61112"}],"curies":[{"name":"wp","href":"https:\/\/api.w.org\/{rel}","templated":true}]}}