{"id":61104,"date":"2025-09-21T07:47:21","date_gmt":"2025-09-21T10:47:21","guid":{"rendered":"https:\/\/www.pbagora.com.br\/?p=917850"},"modified":"2025-09-21T07:47:21","modified_gmt":"2025-09-21T10:47:21","slug":"casal-e-preso-em-patos-com-cocaina-avaliada-em-mais-de-r-1-milhao","status":"publish","type":"post","link":"https:\/\/sindaopcpb.org.br\/index.php\/2025\/09\/21\/casal-e-preso-em-patos-com-cocaina-avaliada-em-mais-de-r-1-milhao\/","title":{"rendered":"Casal \u00e9 preso em Patos com coca\u00edna avaliada em mais de R$ 1 milh\u00e3o"},"content":{"rendered":"<p><img width=\"556\" height=\"305\" src=\"https:\/\/www.pbagora.com.br\/storage\/2025\/09\/apreensao-drogas-draco.jpeg\" class=\"attachment-large size-large wp-post-image\" alt=\"\" style=\"margin-bottom: 20px;\" decoding=\"async\" srcset=\"https:\/\/www.pbagora.com.br\/storage\/2025\/09\/apreensao-drogas-draco.jpeg 556w, https:\/\/www.pbagora.com.br\/storage\/2025\/09\/apreensao-drogas-draco-300x165.jpeg 300w, https:\/\/www.pbagora.com.br\/storage\/2025\/09\/apreensao-drogas-draco-150x82.jpeg 150w, https:\/\/www.pbagora.com.br\/storage\/2025\/09\/apreensao-drogas-draco-380x208.jpeg 380w, https:\/\/www.pbagora.com.br\/storage\/2025\/09\/apreensao-drogas-draco-80x44.jpeg 80w\" sizes=\"(max-width: 556px) 100vw, 556px\" \/><\/p>\n<p>A Pol\u00edcia Civil da Para\u00edba prendeu, neste s\u00e1bado (20), um casal acusado de tr\u00e1fico de drogas em Patos, no Sert\u00e3o do estado. A a\u00e7\u00e3o resultou na apreens\u00e3o de coca\u00edna avaliada em mais de R$ 1 milh\u00e3o.<\/p>\n\n\n\n<p>A opera\u00e7\u00e3o foi realizada no bairro Geraldo Carvalho, onde os agentes localizaram os suspeitos. Al\u00e9m da droga, dois ve\u00edculos tamb\u00e9m foram apreendidos.<\/p>\n\n\n\n<p>A pris\u00e3o e as apreens\u00f5es foram fruto de uma a\u00e7\u00e3o integrada entre a Pol\u00edcia Civil, a Pol\u00edcia Rodovi\u00e1ria Federal (PRF) e o Centro Integrado de Comando e Controle (CICC) de Patos.<\/p>\n","protected":false},"excerpt":{"rendered":"<p><img loading=\"lazy\" decoding=\"async\" width=\"556\" height=\"305\" src=\"https:\/\/www.pbagora.com.br\/storage\/2025\/09\/apreensao-drogas-draco.jpeg\" class=\"attachment-large size-large wp-post-image\" alt=\"\" srcset=\"https:\/\/www.pbagora.com.br\/storage\/2025\/09\/apreensao-drogas-draco.jpeg 556w, https:\/\/www.pbagora.com.br\/storage\/2025\/09\/apreensao-drogas-draco-300x165.jpeg 300w, https:\/\/www.pbagora.com.br\/storage\/2025\/09\/apreensao-drogas-draco-150x82.jpeg 150w, https:\/\/www.pbagora.com.br\/storage\/2025\/09\/apreensao-drogas-draco-380x208.jpeg 380w, https:\/\/www.pbagora.com.br\/storage\/2025\/09\/apreensao-drogas-draco-80x44.jpeg 80w\" sizes=\"auto, (max-width: 556px) 100vw, 556px\"><\/p>\n<p>A Pol\u00edcia Civil da Para\u00edba prendeu, neste s\u00e1bado (20), um casal acusado de tr\u00e1fico de drogas em Patos,\u2026<\/p>\n","protected":false},"author":123457,"featured_media":0,"comment_status":"closed","ping_status":"closed","sticky":false,"template":"","format":"standard","meta":{"advgb_blocks_editor_width":"","advgb_blocks_columns_visual_guide":"","footnotes":""},"categories":[34],"tags":[10840,35,10839],"class_list":["post-61104","post","type-post","status-publish","format-standard","hentry","category-g1","tag-destaque-centro-03","tag-g1","tag-policial"],"author_meta":{"display_name":"Reda\u00e7\u00e3o","author_link":"https:\/\/sindaopcpb.org.br\/author\/redacao\/"},"featured_img":null,"coauthors":[],"tax_additional":{"categories":{"linked":["<a href=\"https:\/\/sindaopcpb.org.br\/g1\/\" class=\"advgb-post-tax-term\">G1<\/a>"],"unlinked":["<span class=\"advgb-post-tax-term\">G1<\/span>"]},"tags":{"linked":["<a href=\"https:\/\/sindaopcpb.org.br\/g1\/\" class=\"advgb-post-tax-term\">Destaque Centro 03<\/a>","<a href=\"https:\/\/sindaopcpb.org.br\/g1\/\" class=\"advgb-post-tax-term\">g1<\/a>","<a href=\"https:\/\/sindaopcpb.org.br\/g1\/\" class=\"advgb-post-tax-term\">Policial<\/a>"],"unlinked":["<span class=\"advgb-post-tax-term\">Destaque Centro 03<\/span>","<span class=\"advgb-post-tax-term\">g1<\/span>","<span class=\"advgb-post-tax-term\">Policial<\/span>"]}},"comment_count":"0","relative_dates":{"created":"Publicado 7 meses atr\u00e1s","modified":"Atualizado 7 meses atr\u00e1s"},"absolute_dates":{"created":"Publicado em 21 de setembro de 2025","modified":"Atualizado em 21 de setembro de 2025"},"absolute_dates_time":{"created":"Publicado em 21 de setembro de 2025 07:47","modified":"Atualizado em 21 de setembro de 2025 07:47"},"featured_img_caption":"","series_order":"","_links":{"self":[{"href":"https:\/\/sindaopcpb.org.br\/index.php\/wp-json\/wp\/v2\/posts\/61104","targetHints":{"allow":["GET"]}}],"collection":[{"href":"https:\/\/sindaopcpb.org.br\/index.php\/wp-json\/wp\/v2\/posts"}],"about":[{"href":"https:\/\/sindaopcpb.org.br\/index.php\/wp-json\/wp\/v2\/types\/post"}],"author":[{"embeddable":true,"href":"https:\/\/sindaopcpb.org.br\/index.php\/wp-json\/wp\/v2\/users\/123457"}],"replies":[{"embeddable":true,"href":"https:\/\/sindaopcpb.org.br\/index.php\/wp-json\/wp\/v2\/comments?post=61104"}],"version-history":[{"count":3,"href":"https:\/\/sindaopcpb.org.br\/index.php\/wp-json\/wp\/v2\/posts\/61104\/revisions"}],"predecessor-version":[{"id":61117,"href":"https:\/\/sindaopcpb.org.br\/index.php\/wp-json\/wp\/v2\/posts\/61104\/revisions\/61117"}],"wp:attachment":[{"href":"https:\/\/sindaopcpb.org.br\/index.php\/wp-json\/wp\/v2\/media?parent=61104"}],"wp:term":[{"taxonomy":"category","embeddable":true,"href":"https:\/\/sindaopcpb.org.br\/index.php\/wp-json\/wp\/v2\/categories?post=61104"},{"taxonomy":"post_tag","embeddable":true,"href":"https:\/\/sindaopcpb.org.br\/index.php\/wp-json\/wp\/v2\/tags?post=61104"}],"curies":[{"name":"wp","href":"https:\/\/api.w.org\/{rel}","templated":true}]}}