{"id":61096,"date":"2025-09-20T17:48:53","date_gmt":"2025-09-20T20:48:53","guid":{"rendered":"https:\/\/www.pbagora.com.br\/?p=917826"},"modified":"2025-09-20T17:48:53","modified_gmt":"2025-09-20T20:48:53","slug":"foragido-com-mais-de-15-anos-de-pena-e-preso-na-orla-do-cabo-branco-em-joao-pessoa","status":"publish","type":"post","link":"https:\/\/sindaopcpb.org.br\/index.php\/2025\/09\/20\/foragido-com-mais-de-15-anos-de-pena-e-preso-na-orla-do-cabo-branco-em-joao-pessoa\/","title":{"rendered":"Foragido com mais de 15 anos de pena \u00e9 preso na orla do Cabo Branco, em Jo\u00e3o Pessoa"},"content":{"rendered":"<p><img width=\"800\" height=\"445\" src=\"https:\/\/www.pbagora.com.br\/storage\/2025\/09\/beptur1.jpeg\" class=\"attachment-large size-large wp-post-image\" alt=\"\" style=\"margin-bottom: 20px;\" decoding=\"async\" loading=\"lazy\" srcset=\"https:\/\/www.pbagora.com.br\/storage\/2025\/09\/beptur1.jpeg 800w, https:\/\/www.pbagora.com.br\/storage\/2025\/09\/beptur1-300x167.jpeg 300w, https:\/\/www.pbagora.com.br\/storage\/2025\/09\/beptur1-150x83.jpeg 150w, https:\/\/www.pbagora.com.br\/storage\/2025\/09\/beptur1-768x427.jpeg 768w, https:\/\/www.pbagora.com.br\/storage\/2025\/09\/beptur1-380x211.jpeg 380w, https:\/\/www.pbagora.com.br\/storage\/2025\/09\/beptur1-80x46.jpeg 80w, https:\/\/www.pbagora.com.br\/storage\/2025\/09\/beptur1-760x423.jpeg 760w, https:\/\/www.pbagora.com.br\/storage\/2025\/09\/beptur1-600x334.jpeg 600w\" sizes=\"auto, (max-width: 800px) 100vw, 800px\" \/><\/p>\n<p>A intensifica\u00e7\u00e3o das a\u00e7\u00f5es policiais preventivas na orla de Jo\u00e3o Pessoa, resultou na captura de um foragido da Justi\u00e7a que tem mais de 15 anos de pena a ser cumprida. A pris\u00e3o ocorreu neste s\u00e1bado (20) e foi realizada pela Pol\u00edcia Militar.<\/p>\n\n\n\n<p>De acordo com o Batalh\u00e3o Especializado em Policiamento Tur\u00edstico (BEPTur), o foragido foi encontrado e identificado ap\u00f3s uma s\u00e9rie de abordagens na orla do Cabo Branco. Contra ele, os policiais da unidade identificaram que havia um mandado de pris\u00e3o em aberto pelo crime de roubo, com 15 anos e seis meses de pena a ser cumprida. O detalhe que chamou aten\u00e7\u00e3o na ocorr\u00eancia \u00e9 que o homem j\u00e1 usava tornozeleira eletr\u00f4nica.<\/p>\n\n\n\n<p>A pris\u00e3o do BEPTur foi realizada pelos policiais que usam os quadriciclos, refor\u00e7ando a presen\u00e7a da PM na faixa de areia, e pr\u00f3ximo \u00e0s barracas e banhistas. As a\u00e7\u00f5es devem continuar durante todo o final de semana.<\/p>\n\n\n\n<p>O caso foi apresentado na delegacia para a devida autua\u00e7\u00e3o e cumprimento da pena do foragido.<\/p>\n\n\n\n<p><strong><em>PB Agora<\/em><\/strong><\/p>\n","protected":false},"excerpt":{"rendered":"<p><img loading=\"lazy\" decoding=\"async\" width=\"800\" height=\"445\" src=\"https:\/\/www.pbagora.com.br\/storage\/2025\/09\/beptur1.jpeg\" class=\"attachment-large size-large wp-post-image\" alt=\"\" srcset=\"https:\/\/www.pbagora.com.br\/storage\/2025\/09\/beptur1.jpeg 800w, https:\/\/www.pbagora.com.br\/storage\/2025\/09\/beptur1-300x167.jpeg 300w, https:\/\/www.pbagora.com.br\/storage\/2025\/09\/beptur1-150x83.jpeg 150w, https:\/\/www.pbagora.com.br\/storage\/2025\/09\/beptur1-768x427.jpeg 768w, https:\/\/www.pbagora.com.br\/storage\/2025\/09\/beptur1-380x211.jpeg 380w, https:\/\/www.pbagora.com.br\/storage\/2025\/09\/beptur1-80x46.jpeg 80w, https:\/\/www.pbagora.com.br\/storage\/2025\/09\/beptur1-760x423.jpeg 760w, https:\/\/www.pbagora.com.br\/storage\/2025\/09\/beptur1-600x334.jpeg 600w\" sizes=\"auto, (max-width: 800px) 100vw, 800px\"><\/p>\n<p>A intensifica\u00e7\u00e3o das a\u00e7\u00f5es policiais preventivas na orla de Jo\u00e3o Pessoa, resultou na captura de um foragido da\u2026<\/p>\n","protected":false},"author":123457,"featured_media":0,"comment_status":"closed","ping_status":"closed","sticky":false,"template":"","format":"standard","meta":{"advgb_blocks_editor_width":"","advgb_blocks_columns_visual_guide":"","footnotes":""},"categories":[34],"tags":[35,10839,10842],"class_list":["post-61096","post","type-post","status-publish","format-standard","hentry","category-g1","tag-g1","tag-policial","tag-principal3"],"author_meta":{"display_name":"Reda\u00e7\u00e3o","author_link":"https:\/\/sindaopcpb.org.br\/author\/redacao\/"},"featured_img":null,"coauthors":[],"tax_additional":{"categories":{"linked":["<a href=\"https:\/\/sindaopcpb.org.br\/g1\/\" class=\"advgb-post-tax-term\">G1<\/a>"],"unlinked":["<span class=\"advgb-post-tax-term\">G1<\/span>"]},"tags":{"linked":["<a href=\"https:\/\/sindaopcpb.org.br\/g1\/\" class=\"advgb-post-tax-term\">g1<\/a>","<a href=\"https:\/\/sindaopcpb.org.br\/g1\/\" class=\"advgb-post-tax-term\">Policial<\/a>","<a href=\"https:\/\/sindaopcpb.org.br\/g1\/\" class=\"advgb-post-tax-term\">Principal3<\/a>"],"unlinked":["<span class=\"advgb-post-tax-term\">g1<\/span>","<span class=\"advgb-post-tax-term\">Policial<\/span>","<span class=\"advgb-post-tax-term\">Principal3<\/span>"]}},"comment_count":"0","relative_dates":{"created":"Publicado 7 meses atr\u00e1s","modified":"Atualizado 7 meses atr\u00e1s"},"absolute_dates":{"created":"Publicado em 20 de setembro de 2025","modified":"Atualizado em 20 de setembro de 2025"},"absolute_dates_time":{"created":"Publicado em 20 de setembro de 2025 17:48","modified":"Atualizado em 20 de setembro de 2025 17:48"},"featured_img_caption":"","series_order":"","_links":{"self":[{"href":"https:\/\/sindaopcpb.org.br\/index.php\/wp-json\/wp\/v2\/posts\/61096","targetHints":{"allow":["GET"]}}],"collection":[{"href":"https:\/\/sindaopcpb.org.br\/index.php\/wp-json\/wp\/v2\/posts"}],"about":[{"href":"https:\/\/sindaopcpb.org.br\/index.php\/wp-json\/wp\/v2\/types\/post"}],"author":[{"embeddable":true,"href":"https:\/\/sindaopcpb.org.br\/index.php\/wp-json\/wp\/v2\/users\/123457"}],"replies":[{"embeddable":true,"href":"https:\/\/sindaopcpb.org.br\/index.php\/wp-json\/wp\/v2\/comments?post=61096"}],"version-history":[{"count":2,"href":"https:\/\/sindaopcpb.org.br\/index.php\/wp-json\/wp\/v2\/posts\/61096\/revisions"}],"predecessor-version":[{"id":61102,"href":"https:\/\/sindaopcpb.org.br\/index.php\/wp-json\/wp\/v2\/posts\/61096\/revisions\/61102"}],"wp:attachment":[{"href":"https:\/\/sindaopcpb.org.br\/index.php\/wp-json\/wp\/v2\/media?parent=61096"}],"wp:term":[{"taxonomy":"category","embeddable":true,"href":"https:\/\/sindaopcpb.org.br\/index.php\/wp-json\/wp\/v2\/categories?post=61096"},{"taxonomy":"post_tag","embeddable":true,"href":"https:\/\/sindaopcpb.org.br\/index.php\/wp-json\/wp\/v2\/tags?post=61096"}],"curies":[{"name":"wp","href":"https:\/\/api.w.org\/{rel}","templated":true}]}}