{"id":61094,"date":"2025-09-20T18:10:03","date_gmt":"2025-09-20T21:10:03","guid":{"rendered":"https:\/\/www.pbagora.com.br\/?p=917834"},"modified":"2025-09-20T18:10:03","modified_gmt":"2025-09-20T21:10:03","slug":"detento-e-baleado-apos-tentativa-de-fuga-da-cadeia-publica-de-bayeux","status":"publish","type":"post","link":"https:\/\/sindaopcpb.org.br\/index.php\/2025\/09\/20\/detento-e-baleado-apos-tentativa-de-fuga-da-cadeia-publica-de-bayeux\/","title":{"rendered":"Detento \u00e9 baleado ap\u00f3s tentativa de fuga da Cadeia P\u00fablica de Bayeux"},"content":{"rendered":"<p><img width=\"971\" height=\"450\" src=\"https:\/\/www.pbagora.com.br\/storage\/2025\/09\/image-96.png\" class=\"attachment-large size-large wp-post-image\" alt=\"\" style=\"margin-bottom: 20px;\" decoding=\"async\" srcset=\"https:\/\/www.pbagora.com.br\/storage\/2025\/09\/image-96.png 971w, https:\/\/www.pbagora.com.br\/storage\/2025\/09\/image-96-300x139.png 300w, https:\/\/www.pbagora.com.br\/storage\/2025\/09\/image-96-150x70.png 150w, https:\/\/www.pbagora.com.br\/storage\/2025\/09\/image-96-768x356.png 768w, https:\/\/www.pbagora.com.br\/storage\/2025\/09\/image-96-380x176.png 380w, https:\/\/www.pbagora.com.br\/storage\/2025\/09\/image-96-800x371.png 800w, https:\/\/www.pbagora.com.br\/storage\/2025\/09\/image-96-80x37.png 80w, https:\/\/www.pbagora.com.br\/storage\/2025\/09\/image-96-760x352.png 760w, https:\/\/www.pbagora.com.br\/storage\/2025\/09\/image-96-600x278.png 600w\" sizes=\"(max-width: 971px) 100vw, 971px\" \/><\/p>\n<p>Na manh\u00e3 deste s\u00e1bado (20), um detento da Cadeia P\u00fablica de Bayeux foi baleado durante uma tentativa de fuga da unidade prisional. Segundo informa\u00e7\u00f5es da Pol\u00edcia Penal, o homem conseguiu escalar o muro e sair do pres\u00eddio, mas foi perseguido nas ruas pr\u00f3ximas por agentes da corpora\u00e7\u00e3o, com apoio da Pol\u00edcia Militar.<\/p>\n\n\n\n<p>Durante a persegui\u00e7\u00e3o, o apenado foi atingido por um disparo de fuzil nas pernas, realizado por agentes da Pol\u00edcia Penal com o objetivo de conter a fuga. Ferido, ele recebeu os primeiros atendimentos na Unidade de Pronto Atendimento (UPA) de Bayeux e, em seguida, foi transferido para o Hospital de Emerg\u00eancia e Trauma Senador Humberto Lucena, em Jo\u00e3o Pessoa, onde passou por cirurgia. O detento permanece internado sob vigil\u00e2ncia policial.<\/p>\n\n\n\n<p>A administra\u00e7\u00e3o da Cadeia P\u00fablica de Bayeux informou que abrir\u00e1 uma investiga\u00e7\u00e3o para apurar os detalhes da ocorr\u00eancia, incluindo os procedimentos adotados durante a persegui\u00e7\u00e3o. Tamb\u00e9m ser\u00e1 avaliada a necessidade de refor\u00e7o nas medidas de seguran\u00e7a da unidade para evitar novas tentativas de fuga.<\/p>\n\n\n\n<p><strong><em>PB Agora<\/em><\/strong><\/p>\n","protected":false},"excerpt":{"rendered":"<p><img loading=\"lazy\" decoding=\"async\" width=\"971\" height=\"450\" src=\"https:\/\/www.pbagora.com.br\/storage\/2025\/09\/image-96.png\" class=\"attachment-large size-large wp-post-image\" alt=\"\" srcset=\"https:\/\/www.pbagora.com.br\/storage\/2025\/09\/image-96.png 971w, https:\/\/www.pbagora.com.br\/storage\/2025\/09\/image-96-300x139.png 300w, https:\/\/www.pbagora.com.br\/storage\/2025\/09\/image-96-150x70.png 150w, https:\/\/www.pbagora.com.br\/storage\/2025\/09\/image-96-768x356.png 768w, https:\/\/www.pbagora.com.br\/storage\/2025\/09\/image-96-380x176.png 380w, https:\/\/www.pbagora.com.br\/storage\/2025\/09\/image-96-800x371.png 800w, https:\/\/www.pbagora.com.br\/storage\/2025\/09\/image-96-80x37.png 80w, https:\/\/www.pbagora.com.br\/storage\/2025\/09\/image-96-760x352.png 760w, https:\/\/www.pbagora.com.br\/storage\/2025\/09\/image-96-600x278.png 600w\" sizes=\"auto, (max-width: 971px) 100vw, 971px\"><\/p>\n<p>Na manh\u00e3 deste s\u00e1bado (20), um detento da Cadeia P\u00fablica de Bayeux foi baleado durante uma tentativa de\u2026<\/p>\n","protected":false},"author":123457,"featured_media":0,"comment_status":"closed","ping_status":"closed","sticky":false,"template":"","format":"standard","meta":{"advgb_blocks_editor_width":"","advgb_blocks_columns_visual_guide":"","footnotes":""},"categories":[34],"tags":[35,10839,10844],"class_list":["post-61094","post","type-post","status-publish","format-standard","hentry","category-g1","tag-g1","tag-policial","tag-principal2"],"author_meta":{"display_name":"Reda\u00e7\u00e3o","author_link":"https:\/\/sindaopcpb.org.br\/author\/redacao\/"},"featured_img":null,"coauthors":[],"tax_additional":{"categories":{"linked":["<a href=\"https:\/\/sindaopcpb.org.br\/g1\/\" class=\"advgb-post-tax-term\">G1<\/a>"],"unlinked":["<span class=\"advgb-post-tax-term\">G1<\/span>"]},"tags":{"linked":["<a href=\"https:\/\/sindaopcpb.org.br\/g1\/\" class=\"advgb-post-tax-term\">g1<\/a>","<a href=\"https:\/\/sindaopcpb.org.br\/g1\/\" class=\"advgb-post-tax-term\">Policial<\/a>","<a href=\"https:\/\/sindaopcpb.org.br\/g1\/\" class=\"advgb-post-tax-term\">Principal2<\/a>"],"unlinked":["<span class=\"advgb-post-tax-term\">g1<\/span>","<span class=\"advgb-post-tax-term\">Policial<\/span>","<span class=\"advgb-post-tax-term\">Principal2<\/span>"]}},"comment_count":"0","relative_dates":{"created":"Publicado 7 meses atr\u00e1s","modified":"Atualizado 7 meses atr\u00e1s"},"absolute_dates":{"created":"Publicado em 20 de setembro de 2025","modified":"Atualizado em 20 de setembro de 2025"},"absolute_dates_time":{"created":"Publicado em 20 de setembro de 2025 18:10","modified":"Atualizado em 20 de setembro de 2025 18:10"},"featured_img_caption":"","series_order":"","_links":{"self":[{"href":"https:\/\/sindaopcpb.org.br\/index.php\/wp-json\/wp\/v2\/posts\/61094","targetHints":{"allow":["GET"]}}],"collection":[{"href":"https:\/\/sindaopcpb.org.br\/index.php\/wp-json\/wp\/v2\/posts"}],"about":[{"href":"https:\/\/sindaopcpb.org.br\/index.php\/wp-json\/wp\/v2\/types\/post"}],"author":[{"embeddable":true,"href":"https:\/\/sindaopcpb.org.br\/index.php\/wp-json\/wp\/v2\/users\/123457"}],"replies":[{"embeddable":true,"href":"https:\/\/sindaopcpb.org.br\/index.php\/wp-json\/wp\/v2\/comments?post=61094"}],"version-history":[{"count":3,"href":"https:\/\/sindaopcpb.org.br\/index.php\/wp-json\/wp\/v2\/posts\/61094\/revisions"}],"predecessor-version":[{"id":61110,"href":"https:\/\/sindaopcpb.org.br\/index.php\/wp-json\/wp\/v2\/posts\/61094\/revisions\/61110"}],"wp:attachment":[{"href":"https:\/\/sindaopcpb.org.br\/index.php\/wp-json\/wp\/v2\/media?parent=61094"}],"wp:term":[{"taxonomy":"category","embeddable":true,"href":"https:\/\/sindaopcpb.org.br\/index.php\/wp-json\/wp\/v2\/categories?post=61094"},{"taxonomy":"post_tag","embeddable":true,"href":"https:\/\/sindaopcpb.org.br\/index.php\/wp-json\/wp\/v2\/tags?post=61094"}],"curies":[{"name":"wp","href":"https:\/\/api.w.org\/{rel}","templated":true}]}}