{"id":60780,"date":"2025-09-09T11:30:37","date_gmt":"2025-09-09T14:30:37","guid":{"rendered":"https:\/\/www.pbagora.com.br\/?p=916164"},"modified":"2025-09-09T11:30:37","modified_gmt":"2025-09-09T14:30:37","slug":"bombeiros-resgatam-cachorro-de-casa-em-chamas-no-sertao-paraibano","status":"publish","type":"post","link":"https:\/\/sindaopcpb.org.br\/index.php\/2025\/09\/09\/bombeiros-resgatam-cachorro-de-casa-em-chamas-no-sertao-paraibano\/","title":{"rendered":"Bombeiros resgatam cachorro de casa em chamas, no Sert\u00e3o paraibano"},"content":{"rendered":"<p><img width=\"696\" height=\"928\" src=\"https:\/\/www.pbagora.com.br\/storage\/2025\/09\/image-36.png\" class=\"attachment-large size-large wp-post-image\" alt=\"\" style=\"margin-bottom: 20px;\" decoding=\"async\" loading=\"lazy\" srcset=\"https:\/\/www.pbagora.com.br\/storage\/2025\/09\/image-36.png 696w, https:\/\/www.pbagora.com.br\/storage\/2025\/09\/image-36-225x300.png 225w, https:\/\/www.pbagora.com.br\/storage\/2025\/09\/image-36-113x150.png 113w, https:\/\/www.pbagora.com.br\/storage\/2025\/09\/image-36-380x507.png 380w, https:\/\/www.pbagora.com.br\/storage\/2025\/09\/image-36-80x107.png 80w, https:\/\/www.pbagora.com.br\/storage\/2025\/09\/image-36-60x80.png 60w, https:\/\/www.pbagora.com.br\/storage\/2025\/09\/image-36-450x600.png 450w\" sizes=\"auto, (max-width: 696px) 100vw, 696px\" \/><\/p>\n<p>Um cachorro foi resgatado por equipes do Corpo de Bombeiros ap\u00f3s um inc\u00eandio atingir uma resid\u00eancia no bairro P\u00f4r do Sol, na Zona Norte de Cajazeiras, no Sert\u00e3o da Para\u00edba, no nessa segunda-feira (8).<\/p>\n\n\n\n<p>Segundo os bombeiros, o im\u00f3vel era ocupado por um homem de 20 anos, sua esposa e duas filhas, al\u00e9m do animal. No momento do inc\u00eandio, a mulher e as crian\u00e7as estavam viajando, restando apenas o homem e o cachorro em casa.<\/p>\n\n\n\n<p>O fogo atingiu um quarto e a sala, consumindo totalmente m\u00f3veis como um guarda-roupa, um sof\u00e1 e uma caixa de som, al\u00e9m de danificar parte da estrutura do telhado. A queda de parte da cobertura e outros danos estruturais tamb\u00e9m foram constatados.<\/p>\n\n\n\n<p>Quando as chamas se espalharam, o homem conseguiu deixar o im\u00f3vel, mas n\u00e3o conseguiu retirar o cachorro que estava no quintal. O Corpo de Bombeiros conseguiu controlar o inc\u00eandio antes que se alastrasse para resid\u00eancias vizinhas e resgatou o animal em seguran\u00e7a.<\/p>\n\n\n\n<p>A causa do inc\u00eandio ser\u00e1 investigada.<\/p>\n\n\n\n<p><strong><em>PB Agora<\/em><\/strong><\/p>\n","protected":false},"excerpt":{"rendered":"<p><img decoding=\"async\" width=\"696\" height=\"928\" src=\"https:\/\/www.pbagora.com.br\/storage\/2025\/09\/image-36.png\" class=\"attachment-large size-large wp-post-image\" alt=\"\" loading=\"lazy\" srcset=\"https:\/\/www.pbagora.com.br\/storage\/2025\/09\/image-36.png 696w, https:\/\/www.pbagora.com.br\/storage\/2025\/09\/image-36-225x300.png 225w, https:\/\/www.pbagora.com.br\/storage\/2025\/09\/image-36-113x150.png 113w, https:\/\/www.pbagora.com.br\/storage\/2025\/09\/image-36-380x507.png 380w, https:\/\/www.pbagora.com.br\/storage\/2025\/09\/image-36-80x107.png 80w, https:\/\/www.pbagora.com.br\/storage\/2025\/09\/image-36-60x80.png 60w, https:\/\/www.pbagora.com.br\/storage\/2025\/09\/image-36-450x600.png 450w\" sizes=\"auto, (max-width: 696px) 100vw, 696px\"><\/p>\n<p>Um cachorro foi resgatado por equipes do Corpo de Bombeiros ap\u00f3s um inc\u00eandio atingir uma resid\u00eancia no bairro\u2026<\/p>\n","protected":false},"author":123457,"featured_media":0,"comment_status":"closed","ping_status":"closed","sticky":false,"template":"","format":"standard","meta":{"advgb_blocks_editor_width":"","advgb_blocks_columns_visual_guide":"","footnotes":""},"categories":[34],"tags":[35,10839],"class_list":["post-60780","post","type-post","status-publish","format-standard","hentry","category-g1","tag-g1","tag-policial"],"author_meta":{"display_name":"Reda\u00e7\u00e3o","author_link":"https:\/\/sindaopcpb.org.br\/author\/redacao\/"},"featured_img":null,"coauthors":[],"tax_additional":{"categories":{"linked":["<a href=\"https:\/\/sindaopcpb.org.br\/g1\/\" class=\"advgb-post-tax-term\">G1<\/a>"],"unlinked":["<span class=\"advgb-post-tax-term\">G1<\/span>"]},"tags":{"linked":["<a href=\"https:\/\/sindaopcpb.org.br\/g1\/\" class=\"advgb-post-tax-term\">g1<\/a>","<a href=\"https:\/\/sindaopcpb.org.br\/g1\/\" class=\"advgb-post-tax-term\">Policial<\/a>"],"unlinked":["<span class=\"advgb-post-tax-term\">g1<\/span>","<span class=\"advgb-post-tax-term\">Policial<\/span>"]}},"comment_count":"0","relative_dates":{"created":"Publicado 8 meses atr\u00e1s","modified":"Atualizado 8 meses atr\u00e1s"},"absolute_dates":{"created":"Publicado em 9 de setembro de 2025","modified":"Atualizado em 9 de setembro de 2025"},"absolute_dates_time":{"created":"Publicado em 9 de setembro de 2025 11:30","modified":"Atualizado em 9 de setembro de 2025 11:30"},"featured_img_caption":"","series_order":"","_links":{"self":[{"href":"https:\/\/sindaopcpb.org.br\/index.php\/wp-json\/wp\/v2\/posts\/60780","targetHints":{"allow":["GET"]}}],"collection":[{"href":"https:\/\/sindaopcpb.org.br\/index.php\/wp-json\/wp\/v2\/posts"}],"about":[{"href":"https:\/\/sindaopcpb.org.br\/index.php\/wp-json\/wp\/v2\/types\/post"}],"author":[{"embeddable":true,"href":"https:\/\/sindaopcpb.org.br\/index.php\/wp-json\/wp\/v2\/users\/123457"}],"replies":[{"embeddable":true,"href":"https:\/\/sindaopcpb.org.br\/index.php\/wp-json\/wp\/v2\/comments?post=60780"}],"version-history":[{"count":1,"href":"https:\/\/sindaopcpb.org.br\/index.php\/wp-json\/wp\/v2\/posts\/60780\/revisions"}],"predecessor-version":[{"id":60781,"href":"https:\/\/sindaopcpb.org.br\/index.php\/wp-json\/wp\/v2\/posts\/60780\/revisions\/60781"}],"wp:attachment":[{"href":"https:\/\/sindaopcpb.org.br\/index.php\/wp-json\/wp\/v2\/media?parent=60780"}],"wp:term":[{"taxonomy":"category","embeddable":true,"href":"https:\/\/sindaopcpb.org.br\/index.php\/wp-json\/wp\/v2\/categories?post=60780"},{"taxonomy":"post_tag","embeddable":true,"href":"https:\/\/sindaopcpb.org.br\/index.php\/wp-json\/wp\/v2\/tags?post=60780"}],"curies":[{"name":"wp","href":"https:\/\/api.w.org\/{rel}","templated":true}]}}