{"id":60776,"date":"2025-09-09T17:20:09","date_gmt":"2025-09-09T20:20:09","guid":{"rendered":"https:\/\/www.pbagora.com.br\/?p=916262"},"modified":"2025-09-09T17:20:09","modified_gmt":"2025-09-09T20:20:09","slug":"suspeito-de-arrombamento-e-furto-em-nova-floresta-e-preso-em-flagrante","status":"publish","type":"post","link":"https:\/\/sindaopcpb.org.br\/index.php\/2025\/09\/09\/suspeito-de-arrombamento-e-furto-em-nova-floresta-e-preso-em-flagrante\/","title":{"rendered":"Suspeito de arrombamento e furto em Nova Floresta \u00e9 preso em flagrante"},"content":{"rendered":"<p><img width=\"517\" height=\"336\" src=\"https:\/\/www.pbagora.com.br\/storage\/2025\/03\/policia-civil.jpg\" class=\"attachment-large size-large wp-post-image\" alt=\"\" style=\"margin-bottom: 20px;\" decoding=\"async\" loading=\"lazy\" srcset=\"https:\/\/www.pbagora.com.br\/storage\/2025\/03\/policia-civil.jpg 517w, https:\/\/www.pbagora.com.br\/storage\/2025\/03\/policia-civil-300x195.jpg 300w, https:\/\/www.pbagora.com.br\/storage\/2025\/03\/policia-civil-150x97.jpg 150w, https:\/\/www.pbagora.com.br\/storage\/2025\/03\/policia-civil-380x247.jpg 380w, https:\/\/www.pbagora.com.br\/storage\/2025\/03\/policia-civil-80x52.jpg 80w\" sizes=\"auto, (max-width: 517px) 100vw, 517px\" \/><\/p>\n<p>A Pol\u00edcia Civil da Para\u00edba, por meio da Delegacia de Pol\u00edcia Civil de Nova Floresta, que comp\u00f5e a 13\u00aa Delegacia Seccional de Pol\u00edcia Civil (DSPC), prendeu em flagrante, nesta ter\u00e7a-feira (9), um indiv\u00edduo de 42 anos, suspeito da pr\u00e1tica do crime de furto qualificado contra uma loja de conveni\u00eancia no munic\u00edpio.<\/p>\n\n\n\n<p>A a\u00e7\u00e3o teve in\u00edcio ap\u00f3s o propriet\u00e1rio do estabelecimento perceber o arrombamento do local e constatar a subtra\u00e7\u00e3o de diversos objetos. De posse das imagens captadas pelo circuito interno de seguran\u00e7a, ele compareceu \u00e0 delegacia para registrar a ocorr\u00eancia. De imediato, a equipe de investiga\u00e7\u00e3o iniciou dilig\u00eancias que resultaram na identifica\u00e7\u00e3o e captura do suspeito.<\/p>\n\n\n\n<p>O homem foi localizado ainda trajando as mesmas roupas utilizadas no momento do crime, conforme registrado pelas c\u00e2meras de vigil\u00e2ncia, e estava em posse de parte dos objetos furtados durante a madrugada, a exemplo de v\u00e1rios ma\u00e7os de cigarros.<\/p>\n\n\n\n<p>O nome FLAMEJA foi atribu\u00eddo \u00e0 opera\u00e7\u00e3o em alus\u00e3o \u00e0 pronta resposta da Pol\u00edcia Civil, que conseguiu prender o suspeito em flagrante e recuperar os itens subtra\u00eddos. O preso foi encaminhado \u00e0 Delegacia de Pol\u00edcia Civil de Nova Floresta, onde permanecer\u00e1 \u00e0 disposi\u00e7\u00e3o da Justi\u00e7a. A Opera\u00e7\u00e3o Flameja refor\u00e7a o compromisso da Pol\u00edcia Civil da Para\u00edba no combate \u00e0 criminalidade e na prote\u00e7\u00e3o da sociedade.<\/p>\n\n\n\n<p>Pol\u00edcia Civil da Para\u00edba<\/p>\n","protected":false},"excerpt":{"rendered":"<p><img loading=\"lazy\" decoding=\"async\" width=\"517\" height=\"336\" src=\"https:\/\/www.pbagora.com.br\/storage\/2025\/03\/policia-civil.jpg\" class=\"attachment-large size-large wp-post-image\" alt=\"\" srcset=\"https:\/\/www.pbagora.com.br\/storage\/2025\/03\/policia-civil.jpg 517w, https:\/\/www.pbagora.com.br\/storage\/2025\/03\/policia-civil-300x195.jpg 300w, https:\/\/www.pbagora.com.br\/storage\/2025\/03\/policia-civil-150x97.jpg 150w, https:\/\/www.pbagora.com.br\/storage\/2025\/03\/policia-civil-380x247.jpg 380w, https:\/\/www.pbagora.com.br\/storage\/2025\/03\/policia-civil-80x52.jpg 80w\" sizes=\"auto, (max-width: 517px) 100vw, 517px\"><\/p>\n<p>A Pol\u00edcia Civil da Para\u00edba, por meio da Delegacia de Pol\u00edcia Civil de Nova Floresta, que comp\u00f5e a\u2026<\/p>\n","protected":false},"author":123457,"featured_media":0,"comment_status":"closed","ping_status":"closed","sticky":false,"template":"","format":"standard","meta":{"advgb_blocks_editor_width":"","advgb_blocks_columns_visual_guide":"","footnotes":""},"categories":[34],"tags":[10840,35,10839],"class_list":["post-60776","post","type-post","status-publish","format-standard","hentry","category-g1","tag-destaque-centro-03","tag-g1","tag-policial"],"author_meta":{"display_name":"Reda\u00e7\u00e3o","author_link":"https:\/\/sindaopcpb.org.br\/author\/redacao\/"},"featured_img":null,"coauthors":[],"tax_additional":{"categories":{"linked":["<a href=\"https:\/\/sindaopcpb.org.br\/g1\/\" class=\"advgb-post-tax-term\">G1<\/a>"],"unlinked":["<span class=\"advgb-post-tax-term\">G1<\/span>"]},"tags":{"linked":["<a href=\"https:\/\/sindaopcpb.org.br\/g1\/\" class=\"advgb-post-tax-term\">Destaque Centro 03<\/a>","<a href=\"https:\/\/sindaopcpb.org.br\/g1\/\" class=\"advgb-post-tax-term\">g1<\/a>","<a href=\"https:\/\/sindaopcpb.org.br\/g1\/\" class=\"advgb-post-tax-term\">Policial<\/a>"],"unlinked":["<span class=\"advgb-post-tax-term\">Destaque Centro 03<\/span>","<span class=\"advgb-post-tax-term\">g1<\/span>","<span class=\"advgb-post-tax-term\">Policial<\/span>"]}},"comment_count":"0","relative_dates":{"created":"Publicado 8 meses atr\u00e1s","modified":"Atualizado 8 meses atr\u00e1s"},"absolute_dates":{"created":"Publicado em 9 de setembro de 2025","modified":"Atualizado em 9 de setembro de 2025"},"absolute_dates_time":{"created":"Publicado em 9 de setembro de 2025 17:20","modified":"Atualizado em 9 de setembro de 2025 17:20"},"featured_img_caption":"","series_order":"","_links":{"self":[{"href":"https:\/\/sindaopcpb.org.br\/index.php\/wp-json\/wp\/v2\/posts\/60776","targetHints":{"allow":["GET"]}}],"collection":[{"href":"https:\/\/sindaopcpb.org.br\/index.php\/wp-json\/wp\/v2\/posts"}],"about":[{"href":"https:\/\/sindaopcpb.org.br\/index.php\/wp-json\/wp\/v2\/types\/post"}],"author":[{"embeddable":true,"href":"https:\/\/sindaopcpb.org.br\/index.php\/wp-json\/wp\/v2\/users\/123457"}],"replies":[{"embeddable":true,"href":"https:\/\/sindaopcpb.org.br\/index.php\/wp-json\/wp\/v2\/comments?post=60776"}],"version-history":[{"count":2,"href":"https:\/\/sindaopcpb.org.br\/index.php\/wp-json\/wp\/v2\/posts\/60776\/revisions"}],"predecessor-version":[{"id":60784,"href":"https:\/\/sindaopcpb.org.br\/index.php\/wp-json\/wp\/v2\/posts\/60776\/revisions\/60784"}],"wp:attachment":[{"href":"https:\/\/sindaopcpb.org.br\/index.php\/wp-json\/wp\/v2\/media?parent=60776"}],"wp:term":[{"taxonomy":"category","embeddable":true,"href":"https:\/\/sindaopcpb.org.br\/index.php\/wp-json\/wp\/v2\/categories?post=60776"},{"taxonomy":"post_tag","embeddable":true,"href":"https:\/\/sindaopcpb.org.br\/index.php\/wp-json\/wp\/v2\/tags?post=60776"}],"curies":[{"name":"wp","href":"https:\/\/api.w.org\/{rel}","templated":true}]}}