{"id":60768,"date":"2025-09-09T13:20:56","date_gmt":"2025-09-09T16:20:56","guid":{"rendered":"https:\/\/www.pbagora.com.br\/?p=916166"},"modified":"2025-09-09T13:20:56","modified_gmt":"2025-09-09T16:20:56","slug":"homem-condenado-pelo-crime-de-assalto-e-preso-durante-acao-em-cabedelo","status":"publish","type":"post","link":"https:\/\/sindaopcpb.org.br\/index.php\/2025\/09\/09\/homem-condenado-pelo-crime-de-assalto-e-preso-durante-acao-em-cabedelo\/","title":{"rendered":"Homem condenado pelo crime de assalto \u00e9 preso durante a\u00e7\u00e3o em Cabedelo"},"content":{"rendered":"<p><img width=\"1024\" height=\"683\" src=\"https:\/\/www.pbagora.com.br\/storage\/2025\/06\/WhatsApp-Image-2025-06-06-at-09.07.35-1024x683.jpeg\" class=\"attachment-large size-large wp-post-image\" alt=\"\" style=\"margin-bottom: 20px;\" decoding=\"async\" srcset=\"https:\/\/www.pbagora.com.br\/storage\/2025\/06\/WhatsApp-Image-2025-06-06-at-09.07.35-1024x683.jpeg 1024w, https:\/\/www.pbagora.com.br\/storage\/2025\/06\/WhatsApp-Image-2025-06-06-at-09.07.35-300x200.jpeg 300w, https:\/\/www.pbagora.com.br\/storage\/2025\/06\/WhatsApp-Image-2025-06-06-at-09.07.35-150x100.jpeg 150w, https:\/\/www.pbagora.com.br\/storage\/2025\/06\/WhatsApp-Image-2025-06-06-at-09.07.35-768x512.jpeg 768w, https:\/\/www.pbagora.com.br\/storage\/2025\/06\/WhatsApp-Image-2025-06-06-at-09.07.35-1536x1024.jpeg 1536w, https:\/\/www.pbagora.com.br\/storage\/2025\/06\/WhatsApp-Image-2025-06-06-at-09.07.35-380x253.jpeg 380w, https:\/\/www.pbagora.com.br\/storage\/2025\/06\/WhatsApp-Image-2025-06-06-at-09.07.35-800x534.jpeg 800w, https:\/\/www.pbagora.com.br\/storage\/2025\/06\/WhatsApp-Image-2025-06-06-at-09.07.35-1160x774.jpeg 1160w, https:\/\/www.pbagora.com.br\/storage\/2025\/06\/WhatsApp-Image-2025-06-06-at-09.07.35-80x53.jpeg 80w, https:\/\/www.pbagora.com.br\/storage\/2025\/06\/WhatsApp-Image-2025-06-06-at-09.07.35-760x507.jpeg 760w, https:\/\/www.pbagora.com.br\/storage\/2025\/06\/WhatsApp-Image-2025-06-06-at-09.07.35-600x400.jpeg 600w, https:\/\/www.pbagora.com.br\/storage\/2025\/06\/WhatsApp-Image-2025-06-06-at-09.07.35.jpeg 1600w\" sizes=\"(max-width: 1024px) 100vw, 1024px\" \/><\/p>\n<p>A Pol\u00edcia Civil da Para\u00edba, por meio da Delegacia de Crimes Contra o Patrim\u00f4nio (DCCPAT), cumpriu, nessa segunda-feira (8), um mandado de pris\u00e3o contra um homem de 28 anos, conhecido como \u201cJ\u00fanior Orelha\u201d, condenado pela pr\u00e1tica de roubo majorado. A ordem de captura foi expedida pela Vara de Execu\u00e7\u00e3o Penal da Capital.<\/p>\n\n\n\n<p>O procedimento que resultou na condena\u00e7\u00e3o \u00e9 datado de 2018. O preso chegou a progredir para regime mais brando, mas cometeu falta grave e foi considerado evadido desde o dia 28 de julho de 2025. Por determina\u00e7\u00e3o judicial, foi decretada a regress\u00e3o de sua pena para o regime fechado.<\/p>\n\n\n\n<p>As dilig\u00eancias realizadas pelos investigadores da DCCPAT apontaram que o foragido estava escondido na cidade de Cabedelo, onde foi localizado e preso. Ap\u00f3s ser submetido a exame de corpo de delito, o condenado foi encaminhado \u00e0 1\u00aa Vara Regional das Garantias para audi\u00eancia de cust\u00f3dia.<\/p>\n\n\n\n<p>Al\u00e9m desta condena\u00e7\u00e3o, \u201cJ\u00fanior Orelha\u201d j\u00e1 responde por recepta\u00e7\u00e3o, processo atualmente em grau de apela\u00e7\u00e3o, e pelo crime de posse irregular de arma de fogo, em liberdade.<\/p>\n\n\n\n<p><strong><em>Ascom Pol\u00edcia Civil<\/em><\/strong><\/p>\n\n\n\n<p><\/p>\n","protected":false},"excerpt":{"rendered":"<p><img loading=\"lazy\" decoding=\"async\" width=\"1024\" height=\"683\" src=\"https:\/\/www.pbagora.com.br\/storage\/2025\/06\/WhatsApp-Image-2025-06-06-at-09.07.35-1024x683.jpeg\" class=\"attachment-large size-large wp-post-image\" alt=\"\" srcset=\"https:\/\/www.pbagora.com.br\/storage\/2025\/06\/WhatsApp-Image-2025-06-06-at-09.07.35-1024x683.jpeg 1024w, https:\/\/www.pbagora.com.br\/storage\/2025\/06\/WhatsApp-Image-2025-06-06-at-09.07.35-300x200.jpeg 300w, https:\/\/www.pbagora.com.br\/storage\/2025\/06\/WhatsApp-Image-2025-06-06-at-09.07.35-150x100.jpeg 150w, https:\/\/www.pbagora.com.br\/storage\/2025\/06\/WhatsApp-Image-2025-06-06-at-09.07.35-768x512.jpeg 768w, https:\/\/www.pbagora.com.br\/storage\/2025\/06\/WhatsApp-Image-2025-06-06-at-09.07.35-1536x1024.jpeg 1536w, https:\/\/www.pbagora.com.br\/storage\/2025\/06\/WhatsApp-Image-2025-06-06-at-09.07.35-380x253.jpeg 380w, https:\/\/www.pbagora.com.br\/storage\/2025\/06\/WhatsApp-Image-2025-06-06-at-09.07.35-800x534.jpeg 800w, https:\/\/www.pbagora.com.br\/storage\/2025\/06\/WhatsApp-Image-2025-06-06-at-09.07.35-1160x774.jpeg 1160w, https:\/\/www.pbagora.com.br\/storage\/2025\/06\/WhatsApp-Image-2025-06-06-at-09.07.35-80x53.jpeg 80w, https:\/\/www.pbagora.com.br\/storage\/2025\/06\/WhatsApp-Image-2025-06-06-at-09.07.35-760x507.jpeg 760w, https:\/\/www.pbagora.com.br\/storage\/2025\/06\/WhatsApp-Image-2025-06-06-at-09.07.35-600x400.jpeg 600w, https:\/\/www.pbagora.com.br\/storage\/2025\/06\/WhatsApp-Image-2025-06-06-at-09.07.35.jpeg 1600w\" sizes=\"auto, (max-width: 1024px) 100vw, 1024px\"><\/p>\n<p>A Pol\u00edcia Civil da Para\u00edba, por meio da Delegacia de Crimes Contra o Patrim\u00f4nio (DCCPAT), cumpriu, nessa segunda-feira\u2026<\/p>\n","protected":false},"author":123457,"featured_media":0,"comment_status":"closed","ping_status":"closed","sticky":false,"template":"","format":"standard","meta":{"advgb_blocks_editor_width":"","advgb_blocks_columns_visual_guide":"","footnotes":""},"categories":[34],"tags":[10841,35,10839],"class_list":["post-60768","post","type-post","status-publish","format-standard","hentry","category-g1","tag-destaque-centro-02","tag-g1","tag-policial"],"author_meta":{"display_name":"Reda\u00e7\u00e3o","author_link":"https:\/\/sindaopcpb.org.br\/author\/redacao\/"},"featured_img":null,"coauthors":[],"tax_additional":{"categories":{"linked":["<a href=\"https:\/\/sindaopcpb.org.br\/g1\/\" class=\"advgb-post-tax-term\">G1<\/a>"],"unlinked":["<span class=\"advgb-post-tax-term\">G1<\/span>"]},"tags":{"linked":["<a href=\"https:\/\/sindaopcpb.org.br\/g1\/\" class=\"advgb-post-tax-term\">Destaque Centro 02<\/a>","<a href=\"https:\/\/sindaopcpb.org.br\/g1\/\" class=\"advgb-post-tax-term\">g1<\/a>","<a href=\"https:\/\/sindaopcpb.org.br\/g1\/\" class=\"advgb-post-tax-term\">Policial<\/a>"],"unlinked":["<span class=\"advgb-post-tax-term\">Destaque Centro 02<\/span>","<span class=\"advgb-post-tax-term\">g1<\/span>","<span class=\"advgb-post-tax-term\">Policial<\/span>"]}},"comment_count":"0","relative_dates":{"created":"Publicado 8 meses atr\u00e1s","modified":"Atualizado 8 meses atr\u00e1s"},"absolute_dates":{"created":"Publicado em 9 de setembro de 2025","modified":"Atualizado em 9 de setembro de 2025"},"absolute_dates_time":{"created":"Publicado em 9 de setembro de 2025 13:20","modified":"Atualizado em 9 de setembro de 2025 13:20"},"featured_img_caption":"","series_order":"","_links":{"self":[{"href":"https:\/\/sindaopcpb.org.br\/index.php\/wp-json\/wp\/v2\/posts\/60768","targetHints":{"allow":["GET"]}}],"collection":[{"href":"https:\/\/sindaopcpb.org.br\/index.php\/wp-json\/wp\/v2\/posts"}],"about":[{"href":"https:\/\/sindaopcpb.org.br\/index.php\/wp-json\/wp\/v2\/types\/post"}],"author":[{"embeddable":true,"href":"https:\/\/sindaopcpb.org.br\/index.php\/wp-json\/wp\/v2\/users\/123457"}],"replies":[{"embeddable":true,"href":"https:\/\/sindaopcpb.org.br\/index.php\/wp-json\/wp\/v2\/comments?post=60768"}],"version-history":[{"count":2,"href":"https:\/\/sindaopcpb.org.br\/index.php\/wp-json\/wp\/v2\/posts\/60768\/revisions"}],"predecessor-version":[{"id":60778,"href":"https:\/\/sindaopcpb.org.br\/index.php\/wp-json\/wp\/v2\/posts\/60768\/revisions\/60778"}],"wp:attachment":[{"href":"https:\/\/sindaopcpb.org.br\/index.php\/wp-json\/wp\/v2\/media?parent=60768"}],"wp:term":[{"taxonomy":"category","embeddable":true,"href":"https:\/\/sindaopcpb.org.br\/index.php\/wp-json\/wp\/v2\/categories?post=60768"},{"taxonomy":"post_tag","embeddable":true,"href":"https:\/\/sindaopcpb.org.br\/index.php\/wp-json\/wp\/v2\/tags?post=60768"}],"curies":[{"name":"wp","href":"https:\/\/api.w.org\/{rel}","templated":true}]}}