{"id":60763,"date":"2025-09-09T11:30:28","date_gmt":"2025-09-09T14:30:28","guid":{"rendered":"https:\/\/www.pbagora.com.br\/?p=916170"},"modified":"2025-09-09T11:30:28","modified_gmt":"2025-09-09T14:30:28","slug":"acusado-de-agredir-e-ameacar-esquartejar-companheira-e-preso-em-flagrante-na-pb","status":"publish","type":"post","link":"https:\/\/sindaopcpb.org.br\/index.php\/2025\/09\/09\/acusado-de-agredir-e-ameacar-esquartejar-companheira-e-preso-em-flagrante-na-pb\/","title":{"rendered":"Acusado de agredir e amea\u00e7ar esquartejar companheira \u00e9 preso em flagrante na PB"},"content":{"rendered":"<p><img width=\"1024\" height=\"768\" src=\"https:\/\/www.pbagora.com.br\/storage\/2025\/05\/policia_civil_viatura_foto_ascom_pcpb-1067x800-1-1024x768.jpeg\" class=\"attachment-large size-large wp-post-image\" alt=\"\" style=\"margin-bottom: 20px;\" decoding=\"async\" loading=\"lazy\" srcset=\"https:\/\/www.pbagora.com.br\/storage\/2025\/05\/policia_civil_viatura_foto_ascom_pcpb-1067x800-1-1024x768.jpeg 1024w, https:\/\/www.pbagora.com.br\/storage\/2025\/05\/policia_civil_viatura_foto_ascom_pcpb-1067x800-1-300x225.jpeg 300w, https:\/\/www.pbagora.com.br\/storage\/2025\/05\/policia_civil_viatura_foto_ascom_pcpb-1067x800-1-150x112.jpeg 150w, https:\/\/www.pbagora.com.br\/storage\/2025\/05\/policia_civil_viatura_foto_ascom_pcpb-1067x800-1-768x576.jpeg 768w, https:\/\/www.pbagora.com.br\/storage\/2025\/05\/policia_civil_viatura_foto_ascom_pcpb-1067x800-1-200x150.jpeg 200w, https:\/\/www.pbagora.com.br\/storage\/2025\/05\/policia_civil_viatura_foto_ascom_pcpb-1067x800-1-260x195.jpeg 260w, https:\/\/www.pbagora.com.br\/storage\/2025\/05\/policia_civil_viatura_foto_ascom_pcpb-1067x800-1-380x285.jpeg 380w, https:\/\/www.pbagora.com.br\/storage\/2025\/05\/policia_civil_viatura_foto_ascom_pcpb-1067x800-1-800x600.jpeg 800w, https:\/\/www.pbagora.com.br\/storage\/2025\/05\/policia_civil_viatura_foto_ascom_pcpb-1067x800-1-80x60.jpeg 80w, https:\/\/www.pbagora.com.br\/storage\/2025\/05\/policia_civil_viatura_foto_ascom_pcpb-1067x800-1-600x450.jpeg 600w, https:\/\/www.pbagora.com.br\/storage\/2025\/05\/policia_civil_viatura_foto_ascom_pcpb-1067x800-1-520x390.jpeg 520w, https:\/\/www.pbagora.com.br\/storage\/2025\/05\/policia_civil_viatura_foto_ascom_pcpb-1067x800-1-760x570.jpeg 760w, https:\/\/www.pbagora.com.br\/storage\/2025\/05\/policia_civil_viatura_foto_ascom_pcpb-1067x800-1.jpeg 1067w\" sizes=\"auto, (max-width: 1024px) 100vw, 1024px\" \/><\/p>\n<p>Um homem de 37 anos, suspeito de agredir e amea\u00e7ar de morte a pr\u00f3pria companheira, de 51 anos, foi preso em flagrante na cidade de Lagoa Seca. A a\u00e7\u00e3o foi coordenada pela Pol\u00edcia Civil da Para\u00edba, pertencente \u00e0 10\u00aa Delegacia Seccional, e aconteceu no S\u00edtio Floriano, zona rural do munic\u00edpio.<\/p>\n\n\n\n<p>De acordo com o relato da v\u00edtima, as agress\u00f5es f\u00edsicas ocorreram no \u00faltimo s\u00e1bado (6), deixando marcas vis\u00edveis em seu rosto. No domingo (7), e novamente na manh\u00e3 dessa segunda-feira (8), o suspeito reiterou amea\u00e7as, afirmando que iria mat\u00e1-la e esquartej\u00e1-la. A mulher ainda denunciou situa\u00e7\u00f5es recorrentes de humilha\u00e7\u00e3o e coa\u00e7\u00e3o para que entregasse integralmente o valor do pr\u00f3prio benef\u00edcio social ao agressor.<\/p>\n\n\n\n<p>Diante da gravidade das informa\u00e7\u00f5es e do risco iminente \u00e0 vida da v\u00edtima, os investigadores se deslocaram at\u00e9 o local de trabalho do suspeito, onde efetuaram sua pris\u00e3o em flagrante. Ap\u00f3s exame de corpo de delito, o homem foi conduzido \u00e0 carceragem da Cidade da Pol\u00edcia Civil, em Campina Grande, onde permanecer\u00e1 \u00e0 disposi\u00e7\u00e3o da Justi\u00e7a para audi\u00eancia de cust\u00f3dia.<\/p>\n\n\n\n<p><strong><em>Ascom Pol\u00edcia Civil<\/em><\/strong><\/p>\n","protected":false},"excerpt":{"rendered":"<p><img loading=\"lazy\" decoding=\"async\" width=\"1024\" height=\"768\" src=\"https:\/\/www.pbagora.com.br\/storage\/2025\/05\/policia_civil_viatura_foto_ascom_pcpb-1067x800-1-1024x768.jpeg\" class=\"attachment-large size-large wp-post-image\" alt=\"\" srcset=\"https:\/\/www.pbagora.com.br\/storage\/2025\/05\/policia_civil_viatura_foto_ascom_pcpb-1067x800-1-1024x768.jpeg 1024w, https:\/\/www.pbagora.com.br\/storage\/2025\/05\/policia_civil_viatura_foto_ascom_pcpb-1067x800-1-300x225.jpeg 300w, https:\/\/www.pbagora.com.br\/storage\/2025\/05\/policia_civil_viatura_foto_ascom_pcpb-1067x800-1-150x112.jpeg 150w, https:\/\/www.pbagora.com.br\/storage\/2025\/05\/policia_civil_viatura_foto_ascom_pcpb-1067x800-1-768x576.jpeg 768w, https:\/\/www.pbagora.com.br\/storage\/2025\/05\/policia_civil_viatura_foto_ascom_pcpb-1067x800-1-200x150.jpeg 200w, https:\/\/www.pbagora.com.br\/storage\/2025\/05\/policia_civil_viatura_foto_ascom_pcpb-1067x800-1-260x195.jpeg 260w, https:\/\/www.pbagora.com.br\/storage\/2025\/05\/policia_civil_viatura_foto_ascom_pcpb-1067x800-1-380x285.jpeg 380w, https:\/\/www.pbagora.com.br\/storage\/2025\/05\/policia_civil_viatura_foto_ascom_pcpb-1067x800-1-800x600.jpeg 800w, https:\/\/www.pbagora.com.br\/storage\/2025\/05\/policia_civil_viatura_foto_ascom_pcpb-1067x800-1-80x60.jpeg 80w, https:\/\/www.pbagora.com.br\/storage\/2025\/05\/policia_civil_viatura_foto_ascom_pcpb-1067x800-1-600x450.jpeg 600w, https:\/\/www.pbagora.com.br\/storage\/2025\/05\/policia_civil_viatura_foto_ascom_pcpb-1067x800-1-520x390.jpeg 520w, https:\/\/www.pbagora.com.br\/storage\/2025\/05\/policia_civil_viatura_foto_ascom_pcpb-1067x800-1-760x570.jpeg 760w, https:\/\/www.pbagora.com.br\/storage\/2025\/05\/policia_civil_viatura_foto_ascom_pcpb-1067x800-1.jpeg 1067w\" sizes=\"auto, (max-width: 1024px) 100vw, 1024px\"><\/p>\n<p>Um homem de 37 anos, suspeito de agredir e amea\u00e7ar de morte a pr\u00f3pria companheira, de 51 anos,\u2026<\/p>\n","protected":false},"author":123457,"featured_media":0,"comment_status":"closed","ping_status":"closed","sticky":false,"template":"","format":"standard","meta":{"advgb_blocks_editor_width":"","advgb_blocks_columns_visual_guide":"","footnotes":""},"categories":[34],"tags":[35,10839,10842],"class_list":["post-60763","post","type-post","status-publish","format-standard","hentry","category-g1","tag-g1","tag-policial","tag-principal3"],"author_meta":{"display_name":"Reda\u00e7\u00e3o","author_link":"https:\/\/sindaopcpb.org.br\/author\/redacao\/"},"featured_img":null,"coauthors":[],"tax_additional":{"categories":{"linked":["<a href=\"https:\/\/sindaopcpb.org.br\/g1\/\" class=\"advgb-post-tax-term\">G1<\/a>"],"unlinked":["<span class=\"advgb-post-tax-term\">G1<\/span>"]},"tags":{"linked":["<a href=\"https:\/\/sindaopcpb.org.br\/g1\/\" class=\"advgb-post-tax-term\">g1<\/a>","<a href=\"https:\/\/sindaopcpb.org.br\/g1\/\" class=\"advgb-post-tax-term\">Policial<\/a>","<a href=\"https:\/\/sindaopcpb.org.br\/g1\/\" class=\"advgb-post-tax-term\">Principal3<\/a>"],"unlinked":["<span class=\"advgb-post-tax-term\">g1<\/span>","<span class=\"advgb-post-tax-term\">Policial<\/span>","<span class=\"advgb-post-tax-term\">Principal3<\/span>"]}},"comment_count":"0","relative_dates":{"created":"Publicado 8 meses atr\u00e1s","modified":"Atualizado 8 meses atr\u00e1s"},"absolute_dates":{"created":"Publicado em 9 de setembro de 2025","modified":"Atualizado em 9 de setembro de 2025"},"absolute_dates_time":{"created":"Publicado em 9 de setembro de 2025 11:30","modified":"Atualizado em 9 de setembro de 2025 11:30"},"featured_img_caption":"","series_order":"","_links":{"self":[{"href":"https:\/\/sindaopcpb.org.br\/index.php\/wp-json\/wp\/v2\/posts\/60763","targetHints":{"allow":["GET"]}}],"collection":[{"href":"https:\/\/sindaopcpb.org.br\/index.php\/wp-json\/wp\/v2\/posts"}],"about":[{"href":"https:\/\/sindaopcpb.org.br\/index.php\/wp-json\/wp\/v2\/types\/post"}],"author":[{"embeddable":true,"href":"https:\/\/sindaopcpb.org.br\/index.php\/wp-json\/wp\/v2\/users\/123457"}],"replies":[{"embeddable":true,"href":"https:\/\/sindaopcpb.org.br\/index.php\/wp-json\/wp\/v2\/comments?post=60763"}],"version-history":[{"count":2,"href":"https:\/\/sindaopcpb.org.br\/index.php\/wp-json\/wp\/v2\/posts\/60763\/revisions"}],"predecessor-version":[{"id":60771,"href":"https:\/\/sindaopcpb.org.br\/index.php\/wp-json\/wp\/v2\/posts\/60763\/revisions\/60771"}],"wp:attachment":[{"href":"https:\/\/sindaopcpb.org.br\/index.php\/wp-json\/wp\/v2\/media?parent=60763"}],"wp:term":[{"taxonomy":"category","embeddable":true,"href":"https:\/\/sindaopcpb.org.br\/index.php\/wp-json\/wp\/v2\/categories?post=60763"},{"taxonomy":"post_tag","embeddable":true,"href":"https:\/\/sindaopcpb.org.br\/index.php\/wp-json\/wp\/v2\/tags?post=60763"}],"curies":[{"name":"wp","href":"https:\/\/api.w.org\/{rel}","templated":true}]}}