{"id":60757,"date":"2025-09-09T09:21:16","date_gmt":"2025-09-09T12:21:16","guid":{"rendered":"https:\/\/www.pbagora.com.br\/?p=916150"},"modified":"2025-09-09T11:21:16","modified_gmt":"2025-09-09T14:21:16","slug":"comerciante-aciona-pm-apos-receber-carga-com-suposto-explosivo-em-jp","status":"publish","type":"post","link":"https:\/\/sindaopcpb.org.br\/index.php\/2025\/09\/09\/comerciante-aciona-pm-apos-receber-carga-com-suposto-explosivo-em-jp\/","title":{"rendered":"Comerciante aciona PM ap\u00f3s receber carga com suposto explosivo, em JP"},"content":{"rendered":"<p><img width=\"1024\" height=\"627\" src=\"https:\/\/www.pbagora.com.br\/storage\/2025\/09\/Captura-de-tela-2025-09-09-064920-1024x627.png\" class=\"attachment-large size-large wp-post-image\" alt=\"\" style=\"margin-bottom: 20px;\" decoding=\"async\" loading=\"lazy\" srcset=\"https:\/\/www.pbagora.com.br\/storage\/2025\/09\/Captura-de-tela-2025-09-09-064920-1024x627.png 1024w, https:\/\/www.pbagora.com.br\/storage\/2025\/09\/Captura-de-tela-2025-09-09-064920-300x184.png 300w, https:\/\/www.pbagora.com.br\/storage\/2025\/09\/Captura-de-tela-2025-09-09-064920-150x92.png 150w, https:\/\/www.pbagora.com.br\/storage\/2025\/09\/Captura-de-tela-2025-09-09-064920-768x470.png 768w, https:\/\/www.pbagora.com.br\/storage\/2025\/09\/Captura-de-tela-2025-09-09-064920-380x233.png 380w, https:\/\/www.pbagora.com.br\/storage\/2025\/09\/Captura-de-tela-2025-09-09-064920-800x490.png 800w, https:\/\/www.pbagora.com.br\/storage\/2025\/09\/Captura-de-tela-2025-09-09-064920-80x50.png 80w, https:\/\/www.pbagora.com.br\/storage\/2025\/09\/Captura-de-tela-2025-09-09-064920-760x466.png 760w, https:\/\/www.pbagora.com.br\/storage\/2025\/09\/Captura-de-tela-2025-09-09-064920-600x368.png 600w, https:\/\/www.pbagora.com.br\/storage\/2025\/09\/Captura-de-tela-2025-09-09-064920.png 1040w\" sizes=\"auto, (max-width: 1024px) 100vw, 1024px\" \/><\/p>\n<p>O dono de uma padaria localizada em Gramame passou por momentos de apreens\u00e3o na noite dessa segunda-feira (08), ap\u00f3s ser informado de que uma das cargas entregues ao estabelecimento continha uma pequena caixa com a inscri\u00e7\u00e3o \u201cativo\u201d.<\/p>\n\n\n\n<p>Preocupado com a situa\u00e7\u00e3o, o comerciante acionou imediatamente a Pol\u00edcia Militar, que deslocou equipes do 5\u00ba Batalh\u00e3o at\u00e9 o local. Segundo informa\u00e7\u00f5es do Centro Integrado de Comando e Controle (CICC), a \u00e1rea foi rapidamente isolada para garantir a seguran\u00e7a de clientes e funcion\u00e1rios.<\/p>\n\n\n\n<p>Al\u00e9m disso, a equipe especializada do Grupamento de A\u00e7\u00f5es T\u00e1ticas Especiais (GAT) foi chamada para averiguar o conte\u00fado da caixa e determinar se havia algum risco \u00e0 popula\u00e7\u00e3o.<\/p>\n\n\n\n<p>Ap\u00f3s a an\u00e1lise t\u00e9cnica, os militares constataram que n\u00e3o se tratava de nenhum explosivo, mas sim de um rastreador que estava junto com a carga.<\/p>\n\n\n\n<p><strong><em>PB Agora<\/em><\/strong><\/p>\n\n\n\n<p><\/p>\n","protected":false},"excerpt":{"rendered":"<p><img decoding=\"async\" width=\"1024\" height=\"627\" src=\"https:\/\/www.pbagora.com.br\/storage\/2025\/09\/Captura-de-tela-2025-09-09-064920-1024x627.png\" class=\"attachment-large size-large wp-post-image\" alt=\"\" loading=\"lazy\" srcset=\"https:\/\/www.pbagora.com.br\/storage\/2025\/09\/Captura-de-tela-2025-09-09-064920-1024x627.png 1024w, https:\/\/www.pbagora.com.br\/storage\/2025\/09\/Captura-de-tela-2025-09-09-064920-300x184.png 300w, https:\/\/www.pbagora.com.br\/storage\/2025\/09\/Captura-de-tela-2025-09-09-064920-150x92.png 150w, https:\/\/www.pbagora.com.br\/storage\/2025\/09\/Captura-de-tela-2025-09-09-064920-768x470.png 768w, https:\/\/www.pbagora.com.br\/storage\/2025\/09\/Captura-de-tela-2025-09-09-064920-380x233.png 380w, https:\/\/www.pbagora.com.br\/storage\/2025\/09\/Captura-de-tela-2025-09-09-064920-800x490.png 800w, https:\/\/www.pbagora.com.br\/storage\/2025\/09\/Captura-de-tela-2025-09-09-064920-80x50.png 80w, https:\/\/www.pbagora.com.br\/storage\/2025\/09\/Captura-de-tela-2025-09-09-064920-760x466.png 760w, https:\/\/www.pbagora.com.br\/storage\/2025\/09\/Captura-de-tela-2025-09-09-064920-600x368.png 600w, https:\/\/www.pbagora.com.br\/storage\/2025\/09\/Captura-de-tela-2025-09-09-064920.png 1040w\" sizes=\"auto, (max-width: 1024px) 100vw, 1024px\"><\/p>\n<p>O dono de uma padaria localizada em Gramame passou por momentos de apreens\u00e3o na noite dessa segunda-feira (08),\u2026<\/p>\n","protected":false},"author":123457,"featured_media":0,"comment_status":"closed","ping_status":"closed","sticky":false,"template":"","format":"standard","meta":{"advgb_blocks_editor_width":"","advgb_blocks_columns_visual_guide":"","footnotes":""},"categories":[34],"tags":[35,10839,10847],"class_list":["post-60757","post","type-post","status-publish","format-standard","hentry","category-g1","tag-g1","tag-policial","tag-rodape-03"],"author_meta":{"display_name":"Reda\u00e7\u00e3o","author_link":"https:\/\/sindaopcpb.org.br\/author\/redacao\/"},"featured_img":null,"coauthors":[],"tax_additional":{"categories":{"linked":["<a href=\"https:\/\/sindaopcpb.org.br\/g1\/\" class=\"advgb-post-tax-term\">G1<\/a>"],"unlinked":["<span class=\"advgb-post-tax-term\">G1<\/span>"]},"tags":{"linked":["<a href=\"https:\/\/sindaopcpb.org.br\/g1\/\" class=\"advgb-post-tax-term\">g1<\/a>","<a href=\"https:\/\/sindaopcpb.org.br\/g1\/\" class=\"advgb-post-tax-term\">Policial<\/a>","<a href=\"https:\/\/sindaopcpb.org.br\/g1\/\" class=\"advgb-post-tax-term\">Rodape 03<\/a>"],"unlinked":["<span class=\"advgb-post-tax-term\">g1<\/span>","<span class=\"advgb-post-tax-term\">Policial<\/span>","<span class=\"advgb-post-tax-term\">Rodape 03<\/span>"]}},"comment_count":"0","relative_dates":{"created":"Publicado 8 meses atr\u00e1s","modified":"Atualizado 8 meses atr\u00e1s"},"absolute_dates":{"created":"Publicado em 9 de setembro de 2025","modified":"Atualizado em 9 de setembro de 2025"},"absolute_dates_time":{"created":"Publicado em 9 de setembro de 2025 09:21","modified":"Atualizado em 9 de setembro de 2025 11:21"},"featured_img_caption":"","series_order":"","_links":{"self":[{"href":"https:\/\/sindaopcpb.org.br\/index.php\/wp-json\/wp\/v2\/posts\/60757","targetHints":{"allow":["GET"]}}],"collection":[{"href":"https:\/\/sindaopcpb.org.br\/index.php\/wp-json\/wp\/v2\/posts"}],"about":[{"href":"https:\/\/sindaopcpb.org.br\/index.php\/wp-json\/wp\/v2\/types\/post"}],"author":[{"embeddable":true,"href":"https:\/\/sindaopcpb.org.br\/index.php\/wp-json\/wp\/v2\/users\/123457"}],"replies":[{"embeddable":true,"href":"https:\/\/sindaopcpb.org.br\/index.php\/wp-json\/wp\/v2\/comments?post=60757"}],"version-history":[{"count":2,"href":"https:\/\/sindaopcpb.org.br\/index.php\/wp-json\/wp\/v2\/posts\/60757\/revisions"}],"predecessor-version":[{"id":60764,"href":"https:\/\/sindaopcpb.org.br\/index.php\/wp-json\/wp\/v2\/posts\/60757\/revisions\/60764"}],"wp:attachment":[{"href":"https:\/\/sindaopcpb.org.br\/index.php\/wp-json\/wp\/v2\/media?parent=60757"}],"wp:term":[{"taxonomy":"category","embeddable":true,"href":"https:\/\/sindaopcpb.org.br\/index.php\/wp-json\/wp\/v2\/categories?post=60757"},{"taxonomy":"post_tag","embeddable":true,"href":"https:\/\/sindaopcpb.org.br\/index.php\/wp-json\/wp\/v2\/tags?post=60757"}],"curies":[{"name":"wp","href":"https:\/\/api.w.org\/{rel}","templated":true}]}}