{"id":60750,"date":"2025-09-09T06:33:58","date_gmt":"2025-09-09T09:33:58","guid":{"rendered":"https:\/\/www.pbagora.com.br\/?p=916125"},"modified":"2025-09-09T09:00:58","modified_gmt":"2025-09-09T12:00:58","slug":"motorista-de-caminhao-que-atropelou-jovem-na-capital-se-apresenta-a-pc","status":"publish","type":"post","link":"https:\/\/sindaopcpb.org.br\/index.php\/2025\/09\/09\/motorista-de-caminhao-que-atropelou-jovem-na-capital-se-apresenta-a-pc\/","title":{"rendered":"Motorista de caminh\u00e3o que atropelou jovem na capital se apresenta \u00e0 PC"},"content":{"rendered":"<p><img width=\"922\" height=\"421\" src=\"https:\/\/www.pbagora.com.br\/storage\/2025\/09\/Sem-titulo-8.jpg\" class=\"attachment-large size-large wp-post-image\" alt=\"\" style=\"margin-bottom: 20px;\" decoding=\"async\" loading=\"lazy\" srcset=\"https:\/\/www.pbagora.com.br\/storage\/2025\/09\/Sem-titulo-8.jpg 922w, https:\/\/www.pbagora.com.br\/storage\/2025\/09\/Sem-titulo-8-300x137.jpg 300w, https:\/\/www.pbagora.com.br\/storage\/2025\/09\/Sem-titulo-8-150x68.jpg 150w, https:\/\/www.pbagora.com.br\/storage\/2025\/09\/Sem-titulo-8-768x351.jpg 768w, https:\/\/www.pbagora.com.br\/storage\/2025\/09\/Sem-titulo-8-380x174.jpg 380w, https:\/\/www.pbagora.com.br\/storage\/2025\/09\/Sem-titulo-8-800x365.jpg 800w, https:\/\/www.pbagora.com.br\/storage\/2025\/09\/Sem-titulo-8-80x37.jpg 80w, https:\/\/www.pbagora.com.br\/storage\/2025\/09\/Sem-titulo-8-760x347.jpg 760w, https:\/\/www.pbagora.com.br\/storage\/2025\/09\/Sem-titulo-8-600x274.jpg 600w\" sizes=\"auto, (max-width: 922px) 100vw, 922px\" \/><\/p>\n<p><\/p>\n\n\n\n<p>Na tarde de ontem (08), o motorista do caminh\u00e3o-ca\u00e7amba que atropelou e matou Pedro Henrique de Souza, de 19 anos, no bairro Gramame, regi\u00e3o do Colinas do Sul, em Jo\u00e3o Pessoa, se apresentou \u00e0 Pol\u00edcia Civil. A fam\u00edlia da v\u00edtima acreditava que o caminhoneiro havia fugido do local ap\u00f3s o acidente, ocorrido na \u00faltima sexta-feira (5).<\/p>\n\n\n\n<p>Segundo o delegado respons\u00e1vel pelo caso Erilberto Maciel, o motorista registrou um boletim de ocorr\u00eancia horas ap\u00f3s o acidente, informando seus dados pessoais e afirmando ter acionado o Servi\u00e7o de Atendimento M\u00f3vel de Urg\u00eancia (Samu). No documento, o incidente foi classificado como acidente de tr\u00e2nsito sem v\u00edtima, mas a pol\u00edcia pretende realizar uma per\u00edcia no ve\u00edculo para apurar exatamente as circunst\u00e2ncias do acidente.<\/p>\n\n\n\n<p>\u201cN\u00f3s identificamos o acusado e cruzamos informa\u00e7\u00f5es no sistema, localizando o boletim de ocorr\u00eancia dele. Agora vamos intimar o suspeito para que o ve\u00edculo passe por per\u00edcia e possamos apresentar \u00e0 sociedade o que realmente aconteceu\u201d, afirmou Eriberto. Ainda n\u00e3o h\u00e1 confirma\u00e7\u00e3o se o motorista responder\u00e1 por omiss\u00e3o de socorro, pois ele ainda precisa prestar depoimento formal.<\/p>\n\n\n\n<p>Pedro Henrique havia sa\u00eddo de casa para trabalhar como cuidador em uma escola quando foi atingido pelo caminh\u00e3o. Ele foi socorrido e levado em estado grave para o Hospital de Emerg\u00eancia e Trauma, mas n\u00e3o resistiu aos ferimentos e morreu no s\u00e1bado (6). O enterro ocorreu no domingo (7), no Cemit\u00e9rio do Cristo.<\/p>\n\n\n\n<p>Reda\u00e7\u00e3o<\/p>\n","protected":false},"excerpt":{"rendered":"<p><img loading=\"lazy\" decoding=\"async\" width=\"922\" height=\"421\" src=\"https:\/\/www.pbagora.com.br\/storage\/2025\/09\/Sem-titulo-8.jpg\" class=\"attachment-large size-large wp-post-image\" alt=\"\" srcset=\"https:\/\/www.pbagora.com.br\/storage\/2025\/09\/Sem-titulo-8.jpg 922w, https:\/\/www.pbagora.com.br\/storage\/2025\/09\/Sem-titulo-8-300x137.jpg 300w, https:\/\/www.pbagora.com.br\/storage\/2025\/09\/Sem-titulo-8-150x68.jpg 150w, https:\/\/www.pbagora.com.br\/storage\/2025\/09\/Sem-titulo-8-768x351.jpg 768w, https:\/\/www.pbagora.com.br\/storage\/2025\/09\/Sem-titulo-8-380x174.jpg 380w, https:\/\/www.pbagora.com.br\/storage\/2025\/09\/Sem-titulo-8-800x365.jpg 800w, https:\/\/www.pbagora.com.br\/storage\/2025\/09\/Sem-titulo-8-80x37.jpg 80w, https:\/\/www.pbagora.com.br\/storage\/2025\/09\/Sem-titulo-8-760x347.jpg 760w, https:\/\/www.pbagora.com.br\/storage\/2025\/09\/Sem-titulo-8-600x274.jpg 600w\" sizes=\"auto, (max-width: 922px) 100vw, 922px\"><\/p>\n<p>Na tarde de ontem (08), o motorista do caminh\u00e3o-ca\u00e7amba que atropelou e matou Pedro Henrique de Souza, de\u2026<\/p>\n","protected":false},"author":123457,"featured_media":0,"comment_status":"closed","ping_status":"closed","sticky":false,"template":"","format":"standard","meta":{"advgb_blocks_editor_width":"","advgb_blocks_columns_visual_guide":"","footnotes":""},"categories":[34],"tags":[35,10839,10848],"class_list":["post-60750","post","type-post","status-publish","format-standard","hentry","category-g1","tag-g1","tag-policial","tag-rodape-01"],"author_meta":{"display_name":"Reda\u00e7\u00e3o","author_link":"https:\/\/sindaopcpb.org.br\/author\/redacao\/"},"featured_img":null,"coauthors":[],"tax_additional":{"categories":{"linked":["<a href=\"https:\/\/sindaopcpb.org.br\/g1\/\" class=\"advgb-post-tax-term\">G1<\/a>"],"unlinked":["<span class=\"advgb-post-tax-term\">G1<\/span>"]},"tags":{"linked":["<a href=\"https:\/\/sindaopcpb.org.br\/g1\/\" class=\"advgb-post-tax-term\">g1<\/a>","<a href=\"https:\/\/sindaopcpb.org.br\/g1\/\" class=\"advgb-post-tax-term\">Policial<\/a>","<a href=\"https:\/\/sindaopcpb.org.br\/g1\/\" class=\"advgb-post-tax-term\">Rodape 01<\/a>"],"unlinked":["<span class=\"advgb-post-tax-term\">g1<\/span>","<span class=\"advgb-post-tax-term\">Policial<\/span>","<span class=\"advgb-post-tax-term\">Rodape 01<\/span>"]}},"comment_count":"0","relative_dates":{"created":"Publicado 8 meses atr\u00e1s","modified":"Atualizado 8 meses atr\u00e1s"},"absolute_dates":{"created":"Publicado em 9 de setembro de 2025","modified":"Atualizado em 9 de setembro de 2025"},"absolute_dates_time":{"created":"Publicado em 9 de setembro de 2025 06:33","modified":"Atualizado em 9 de setembro de 2025 09:00"},"featured_img_caption":"","series_order":"","_links":{"self":[{"href":"https:\/\/sindaopcpb.org.br\/index.php\/wp-json\/wp\/v2\/posts\/60750","targetHints":{"allow":["GET"]}}],"collection":[{"href":"https:\/\/sindaopcpb.org.br\/index.php\/wp-json\/wp\/v2\/posts"}],"about":[{"href":"https:\/\/sindaopcpb.org.br\/index.php\/wp-json\/wp\/v2\/types\/post"}],"author":[{"embeddable":true,"href":"https:\/\/sindaopcpb.org.br\/index.php\/wp-json\/wp\/v2\/users\/123457"}],"replies":[{"embeddable":true,"href":"https:\/\/sindaopcpb.org.br\/index.php\/wp-json\/wp\/v2\/comments?post=60750"}],"version-history":[{"count":3,"href":"https:\/\/sindaopcpb.org.br\/index.php\/wp-json\/wp\/v2\/posts\/60750\/revisions"}],"predecessor-version":[{"id":60765,"href":"https:\/\/sindaopcpb.org.br\/index.php\/wp-json\/wp\/v2\/posts\/60750\/revisions\/60765"}],"wp:attachment":[{"href":"https:\/\/sindaopcpb.org.br\/index.php\/wp-json\/wp\/v2\/media?parent=60750"}],"wp:term":[{"taxonomy":"category","embeddable":true,"href":"https:\/\/sindaopcpb.org.br\/index.php\/wp-json\/wp\/v2\/categories?post=60750"},{"taxonomy":"post_tag","embeddable":true,"href":"https:\/\/sindaopcpb.org.br\/index.php\/wp-json\/wp\/v2\/tags?post=60750"}],"curies":[{"name":"wp","href":"https:\/\/api.w.org\/{rel}","templated":true}]}}