{"id":60700,"date":"2025-09-07T09:17:31","date_gmt":"2025-09-07T12:17:31","guid":{"rendered":"https:\/\/sindaopcpb.org.br\/?p=60700"},"modified":"2025-10-28T11:57:29","modified_gmt":"2025-10-28T14:57:29","slug":"sindaopcpb-realiza-assembleia-geral-e-aprova-mensalidade-comissao-de-reforma-estatutaria-e-prestacao-de-contas","status":"publish","type":"post","link":"https:\/\/sindaopcpb.org.br\/index.php\/2025\/09\/07\/sindaopcpb-realiza-assembleia-geral-e-aprova-mensalidade-comissao-de-reforma-estatutaria-e-prestacao-de-contas\/","title":{"rendered":"SINDAOPCPB realiza Assembleia Geral e aprova mensalidade, comiss\u00e3o de reforma estatut\u00e1ria e presta\u00e7\u00e3o de contas"},"content":{"rendered":"\n<p>O Sindicato dos Agentes Operacionais de Pol\u00edcia Civil do Estado da Para\u00edba (SINDAOPCPB) realizou, no \u00faltimo dia <strong>05 de setembro de 2025<\/strong>, Assembleia Geral Ordin\u00e1ria na sede localizada em Jo\u00e3o Pessoa. O encontro reuniu sindicalizados para deliberar sobre tr\u00eas pontos fundamentais: <strong>aprova\u00e7\u00e3o da mensalidade sindical, composi\u00e7\u00e3o da comiss\u00e3o de reforma estatut\u00e1ria<\/strong> e <strong>presta\u00e7\u00e3o de contas do exerc\u00edcio anterior<\/strong>.<\/p>\n\n\n\n<p>A assembleia foi conduzida pelo presidente do sindicato, <strong>Charles Lustosa<\/strong>, com secretariado <strong>Fabr\u00edcio<\/strong>, e contou com a participa\u00e7\u00e3o de diversos filiados.<\/p>\n\n\n\n<h3 class=\"wp-block-heading\">Mensalidade sindical aprovada<\/h3>\n\n\n\n<p>Ap\u00f3s debate democr\u00e1tico, os presentes aprovaram, por unanimidade, o valor da mensalidade sindical fixado em <strong>R$ 60,00 (sessenta reais)<\/strong>, com desconto direto em contracheque a partir deste m\u00eas de setembro. Em casos de impossibilidade t\u00e9cnica de desconto em folha, o pagamento poder\u00e1 ser realizado por boleto banc\u00e1rio emitido pelo setor financeiro do sindicato.<\/p>\n\n\n\n<h3 class=\"wp-block-heading\">Comiss\u00e3o de reforma estatut\u00e1ria<\/h3>\n\n\n\n<p>Outro ponto importante foi a forma\u00e7\u00e3o da comiss\u00e3o que ficar\u00e1 respons\u00e1vel pela <strong>reforma do Estatuto do SINDAOPCPB<\/strong>, em conformidade com a Lei Org\u00e2nica Nacional da Pol\u00edcia Civil. Foram escolhidos os seguintes membros: <strong>Charles, Fabr\u00edcio, Laerte, Gilson,<\/strong> e <strong>Janielson<\/strong>.<\/p>\n\n\n\n<h3 class=\"wp-block-heading\">Presta\u00e7\u00e3o de contas de 2024<\/h3>\n\n\n\n<p>Na sequ\u00eancia, o presidente apresentou a presta\u00e7\u00e3o de contas referente ao ano de 2024. O relat\u00f3rio apontou receita de <strong>R$ 0,00 (zero reais)<\/strong> e aus\u00eancia de movimenta\u00e7\u00e3o financeira. As despesas ocorridas foram rateadas voluntariamente entre colegas sindicalizados e n\u00e3o sindicalizados. O parecer do Conselho Fiscal foi aprovado por unanimidade pelos presentes.<\/p>\n\n\n\n<h3 class=\"wp-block-heading\">Fortalecimento da luta sindical<\/h3>\n\n\n\n<p>Durante o encerramento, o presidente <strong>Charles Lustosa<\/strong> agradeceu a presen\u00e7a dos sindicalizados e ressaltou a import\u00e2ncia da participa\u00e7\u00e3o coletiva. Em sua fala, destacou os avan\u00e7os da categoria investigativa, a defesa da <strong>paridade e integralidade<\/strong> no \u00e2mbito estadual e o andamento da <strong>reforma da Lei Org\u00e2nica da Pol\u00edcia Civil da Para\u00edba<\/strong>, que se encontra em fase final para an\u00e1lise que logo sua conclus\u00e3o ser\u00e1 enviada ao Procurador do Estado, que seguir\u00e1 para vota\u00e7\u00e3o na Assembleia Legislativa e san\u00e7\u00e3o governamental.<\/p>\n\n\n\n<p>Charles tamb\u00e9m reafirmou o compromisso da diretoria com a <strong>recomposi\u00e7\u00e3o salarial<\/strong> da categoria, lembrando que em janeiro de 2026 ser\u00e1 implantada a \u00faltima parcela da bolsa desempenho e que ir\u00e1 em breve iniciar as tratativa para a mudan\u00e7a da forma de pagamento de vencimento para subs\u00eddio, como acordado com o Governo da Para\u00edba.<\/p>\n\n\n\n<blockquote class=\"wp-block-quote is-layout-flow wp-block-quote-is-layout-flow\">\n<p>\u201cA categoria investigativa ter\u00e1 tratamento diferenciado na recomposi\u00e7\u00e3o salarial, reduzindo a dist\u00e2ncia entre os menores e maiores vencimentos dentro do Grupo GPC, o que no pr\u00f3ximo ano passar\u00e1 para subsidio\u201d, destacou o presidente.<\/p>\n<\/blockquote>\n\n\n\n<p>A Assembleia refor\u00e7ou a import\u00e2ncia da uni\u00e3o da categoria e marcou mais um passo na consolida\u00e7\u00e3o do <strong>SINDAOPCPB<\/strong> como leg\u00edtimo representante dos Agentes Operacionais de Pol\u00edcia Civil da Para\u00edba.<\/p>\n\n\n\n<figure class=\"wp-block-gallery has-nested-images columns-default is-cropped wp-block-gallery-1 is-layout-flex wp-block-gallery-is-layout-flex\"><\/figure>\n","protected":false},"excerpt":{"rendered":"<p>O Sindicato dos Agentes Operacionais de Pol\u00edcia Civil do Estado da Para\u00edba (SINDAOPCPB) realizou, no<\/p>\n","protected":false},"author":7,"featured_media":60709,"comment_status":"open","ping_status":"open","sticky":false,"template":"","format":"standard","meta":{"advgb_blocks_editor_width":"","advgb_blocks_columns_visual_guide":"","footnotes":""},"categories":[3,10832],"tags":[],"class_list":["post-60700","post","type-post","status-publish","format-standard","has-post-thumbnail","hentry","category-uncategorised","category-sindao-pcpb"],"author_meta":{"display_name":"charles lustosa dos passos","author_link":"https:\/\/sindaopcpb.org.br\/author\/charles\/"},"featured_img":"https:\/\/sindaopcpb.org.br\/wp-content\/uploads\/2025\/09\/WhatsApp-Image-2025-09-07-at-09.03.21-300x173.jpeg","coauthors":[],"tax_additional":{"categories":{"linked":["<a href=\"https:\/\/sindaopcpb.org.br\/uncategorised\/\" class=\"advgb-post-tax-term\">Geral<\/a>","<a href=\"https:\/\/sindaopcpb.org.br\/sindao-pcpb\/\" class=\"advgb-post-tax-term\">Sindao-PCPB<\/a>"],"unlinked":["<span class=\"advgb-post-tax-term\">Geral<\/span>","<span class=\"advgb-post-tax-term\">Sindao-PCPB<\/span>"]}},"comment_count":"0","relative_dates":{"created":"Publicado 8 meses atr\u00e1s","modified":"Atualizado 6 meses atr\u00e1s"},"absolute_dates":{"created":"Publicado em 7 de setembro de 2025","modified":"Atualizado em 28 de outubro de 2025"},"absolute_dates_time":{"created":"Publicado em 7 de setembro de 2025 09:17","modified":"Atualizado em 28 de outubro de 2025 11:57"},"featured_img_caption":"","series_order":"","_links":{"self":[{"href":"https:\/\/sindaopcpb.org.br\/index.php\/wp-json\/wp\/v2\/posts\/60700","targetHints":{"allow":["GET"]}}],"collection":[{"href":"https:\/\/sindaopcpb.org.br\/index.php\/wp-json\/wp\/v2\/posts"}],"about":[{"href":"https:\/\/sindaopcpb.org.br\/index.php\/wp-json\/wp\/v2\/types\/post"}],"author":[{"embeddable":true,"href":"https:\/\/sindaopcpb.org.br\/index.php\/wp-json\/wp\/v2\/users\/7"}],"replies":[{"embeddable":true,"href":"https:\/\/sindaopcpb.org.br\/index.php\/wp-json\/wp\/v2\/comments?post=60700"}],"version-history":[{"count":8,"href":"https:\/\/sindaopcpb.org.br\/index.php\/wp-json\/wp\/v2\/posts\/60700\/revisions"}],"predecessor-version":[{"id":62310,"href":"https:\/\/sindaopcpb.org.br\/index.php\/wp-json\/wp\/v2\/posts\/60700\/revisions\/62310"}],"wp:featuredmedia":[{"embeddable":true,"href":"https:\/\/sindaopcpb.org.br\/index.php\/wp-json\/wp\/v2\/media\/60709"}],"wp:attachment":[{"href":"https:\/\/sindaopcpb.org.br\/index.php\/wp-json\/wp\/v2\/media?parent=60700"}],"wp:term":[{"taxonomy":"category","embeddable":true,"href":"https:\/\/sindaopcpb.org.br\/index.php\/wp-json\/wp\/v2\/categories?post=60700"},{"taxonomy":"post_tag","embeddable":true,"href":"https:\/\/sindaopcpb.org.br\/index.php\/wp-json\/wp\/v2\/tags?post=60700"}],"curies":[{"name":"wp","href":"https:\/\/api.w.org\/{rel}","templated":true}]}}