{"id":60608,"date":"2025-09-03T15:15:19","date_gmt":"2025-09-03T18:15:19","guid":{"rendered":"https:\/\/www.pbagora.com.br\/?p=915301"},"modified":"2025-09-03T15:15:19","modified_gmt":"2025-09-03T18:15:19","slug":"operacao-outside-mpf-move-nova-acao-por-corrupcao-em-obras-publicas-em-patos","status":"publish","type":"post","link":"https:\/\/sindaopcpb.org.br\/index.php\/2025\/09\/03\/operacao-outside-mpf-move-nova-acao-por-corrupcao-em-obras-publicas-em-patos\/","title":{"rendered":"Opera\u00e7\u00e3o Outside: MPF move nova a\u00e7\u00e3o por corrup\u00e7\u00e3o em obras p\u00fablicas em Patos"},"content":{"rendered":"<p><img width=\"400\" height=\"266\" src=\"https:\/\/www.pbagora.com.br\/storage\/2025\/09\/Divulgacao.jpeg\" class=\"attachment-large size-large wp-post-image\" alt=\"\" style=\"margin-bottom: 20px;\" decoding=\"async\" loading=\"lazy\" srcset=\"https:\/\/www.pbagora.com.br\/storage\/2025\/09\/Divulgacao.jpeg 400w, https:\/\/www.pbagora.com.br\/storage\/2025\/09\/Divulgacao-300x200.jpeg 300w, https:\/\/www.pbagora.com.br\/storage\/2025\/09\/Divulgacao-150x100.jpeg 150w, https:\/\/www.pbagora.com.br\/storage\/2025\/09\/Divulgacao-380x253.jpeg 380w, https:\/\/www.pbagora.com.br\/storage\/2025\/09\/Divulgacao-80x53.jpeg 80w\" sizes=\"auto, (max-width: 400px) 100vw, 400px\" \/><\/p>\n<p>O Minist\u00e9rio P\u00fablico Federal (MPF) ajuizou a\u00e7\u00e3o civil p\u00fablica contra a empresa Engelplan Constru\u00e7\u00f5es e Loca\u00e7\u00f5es, acusada de corrup\u00e7\u00e3o empresarial, fraude em licita\u00e7\u00e3o e superfaturamento em obras p\u00fablicas no munic\u00edpio de Patos (PB). O MPF pede a indisponibilidade de bens da empresa e sua condena\u00e7\u00e3o a san\u00e7\u00f5es como perda dos valores obtidos de forma il\u00edcita e proibi\u00e7\u00e3o de receber recursos p\u00fablicos.<\/p>\n\n\n\n<p>A a\u00e7\u00e3o busca reparar os preju\u00edzos causados aos cofres p\u00fablicos e responsabilizar os envolvidos nas irregularidades investigadas pela Opera\u00e7\u00e3o Outside. As apura\u00e7\u00f5es revelaram um esquema ilegal que envolvia agentes p\u00fablicos e empres\u00e1rios durante a licita\u00e7\u00e3o e a execu\u00e7\u00e3o da restaura\u00e7\u00e3o das avenidas Al\u00e7a Sudeste e Manoel Mota (Al\u00e7a Sudoeste), em Patos, no Sert\u00e3o paraibano.<\/p>\n\n\n\n<p>As obras foram financiadas por contrato de repasse firmado entre o Minist\u00e9rio do Desenvolvimento Regional, por meio da Caixa Econ\u00f4mica Federal, e o munic\u00edpio de Patos, com vig\u00eancia at\u00e9 30 de junho de 2025.<\/p>\n\n\n\n<p>De acordo com o MPF, servidores p\u00fablicos teriam inclu\u00eddo cl\u00e1usulas restritivas no edital e fornecido informa\u00e7\u00f5es privilegiadas ao grupo, para beneficiar a Engelplan. Al\u00e9m disso, pagamentos de propina eram feitos de forma sistem\u00e1tica, utilizando codinomes, em valores fixos a cada medi\u00e7\u00e3o da obra.<\/p>\n\n\n\n<p>As investiga\u00e7\u00f5es tamb\u00e9m apontam superfaturamento milion\u00e1rio por meio de aditivos e altera\u00e7\u00f5es t\u00e9cnicas no projeto. Entre as irregularidades est\u00e3o: \u201cjogo de planilha\u201d, que acrescentou R$ 796 mil ao contrato; reajuste irregular que aumentou em R$ 153 mil o valor da obra; uso de materiais abaixo das especifica\u00e7\u00f5es, que comprometeu a durabilidade da pavimenta\u00e7\u00e3o.<\/p>\n\n\n\n<p>O dano direto aos cofres p\u00fablicos foi estimado em mais de R$ 1,3 milh\u00e3o, al\u00e9m de valores ainda em apura\u00e7\u00e3o, referentes \u00e0 baixa qualidade da execu\u00e7\u00e3o.<\/p>\n\n\n\n<p>Al\u00e9m desta a\u00e7\u00e3o civil p\u00fablica por corrup\u00e7\u00e3o empresarial, o caso j\u00e1 resultou em tr\u00eas a\u00e7\u00f5es de improbidade administrativa e quatro a\u00e7\u00f5es penais, envolvendo crimes de licita\u00e7\u00e3o, corrup\u00e7\u00e3o e superfaturamento.<\/p>\n\n\n\n<p><strong><em>Ascom MPF-PB<\/em><\/strong><\/p>\n","protected":false},"excerpt":{"rendered":"<p><img decoding=\"async\" width=\"400\" height=\"266\" src=\"https:\/\/www.pbagora.com.br\/storage\/2025\/09\/Divulgacao.jpeg\" class=\"attachment-large size-large wp-post-image\" alt=\"\" loading=\"lazy\" srcset=\"https:\/\/www.pbagora.com.br\/storage\/2025\/09\/Divulgacao.jpeg 400w, https:\/\/www.pbagora.com.br\/storage\/2025\/09\/Divulgacao-300x200.jpeg 300w, https:\/\/www.pbagora.com.br\/storage\/2025\/09\/Divulgacao-150x100.jpeg 150w, https:\/\/www.pbagora.com.br\/storage\/2025\/09\/Divulgacao-380x253.jpeg 380w, https:\/\/www.pbagora.com.br\/storage\/2025\/09\/Divulgacao-80x53.jpeg 80w\" sizes=\"auto, (max-width: 400px) 100vw, 400px\"><\/p>\n<p>O Minist\u00e9rio P\u00fablico Federal (MPF) ajuizou a\u00e7\u00e3o civil p\u00fablica contra a empresa Engelplan Constru\u00e7\u00f5es e Loca\u00e7\u00f5es, acusada de\u2026<\/p>\n","protected":false},"author":123457,"featured_media":0,"comment_status":"closed","ping_status":"closed","sticky":false,"template":"","format":"standard","meta":{"advgb_blocks_editor_width":"","advgb_blocks_columns_visual_guide":"","footnotes":""},"categories":[34],"tags":[35,10839],"class_list":["post-60608","post","type-post","status-publish","format-standard","hentry","category-g1","tag-g1","tag-policial"],"author_meta":{"display_name":"Reda\u00e7\u00e3o","author_link":"https:\/\/sindaopcpb.org.br\/author\/redacao\/"},"featured_img":null,"coauthors":[],"tax_additional":{"categories":{"linked":["<a href=\"https:\/\/sindaopcpb.org.br\/g1\/\" class=\"advgb-post-tax-term\">G1<\/a>"],"unlinked":["<span class=\"advgb-post-tax-term\">G1<\/span>"]},"tags":{"linked":["<a href=\"https:\/\/sindaopcpb.org.br\/g1\/\" class=\"advgb-post-tax-term\">g1<\/a>","<a href=\"https:\/\/sindaopcpb.org.br\/g1\/\" class=\"advgb-post-tax-term\">Policial<\/a>"],"unlinked":["<span class=\"advgb-post-tax-term\">g1<\/span>","<span class=\"advgb-post-tax-term\">Policial<\/span>"]}},"comment_count":"0","relative_dates":{"created":"Publicado 8 meses atr\u00e1s","modified":"Atualizado 8 meses atr\u00e1s"},"absolute_dates":{"created":"Publicado em 3 de setembro de 2025","modified":"Atualizado em 3 de setembro de 2025"},"absolute_dates_time":{"created":"Publicado em 3 de setembro de 2025 15:15","modified":"Atualizado em 3 de setembro de 2025 15:15"},"featured_img_caption":"","series_order":"","_links":{"self":[{"href":"https:\/\/sindaopcpb.org.br\/index.php\/wp-json\/wp\/v2\/posts\/60608","targetHints":{"allow":["GET"]}}],"collection":[{"href":"https:\/\/sindaopcpb.org.br\/index.php\/wp-json\/wp\/v2\/posts"}],"about":[{"href":"https:\/\/sindaopcpb.org.br\/index.php\/wp-json\/wp\/v2\/types\/post"}],"author":[{"embeddable":true,"href":"https:\/\/sindaopcpb.org.br\/index.php\/wp-json\/wp\/v2\/users\/123457"}],"replies":[{"embeddable":true,"href":"https:\/\/sindaopcpb.org.br\/index.php\/wp-json\/wp\/v2\/comments?post=60608"}],"version-history":[{"count":2,"href":"https:\/\/sindaopcpb.org.br\/index.php\/wp-json\/wp\/v2\/posts\/60608\/revisions"}],"predecessor-version":[{"id":60610,"href":"https:\/\/sindaopcpb.org.br\/index.php\/wp-json\/wp\/v2\/posts\/60608\/revisions\/60610"}],"wp:attachment":[{"href":"https:\/\/sindaopcpb.org.br\/index.php\/wp-json\/wp\/v2\/media?parent=60608"}],"wp:term":[{"taxonomy":"category","embeddable":true,"href":"https:\/\/sindaopcpb.org.br\/index.php\/wp-json\/wp\/v2\/categories?post=60608"},{"taxonomy":"post_tag","embeddable":true,"href":"https:\/\/sindaopcpb.org.br\/index.php\/wp-json\/wp\/v2\/tags?post=60608"}],"curies":[{"name":"wp","href":"https:\/\/api.w.org\/{rel}","templated":true}]}}