{"id":60599,"date":"2025-09-03T13:29:59","date_gmt":"2025-09-03T16:29:59","guid":{"rendered":"https:\/\/www.pbagora.com.br\/?p=915280"},"modified":"2025-09-03T15:15:59","modified_gmt":"2025-09-03T18:15:59","slug":"tribunal-do-juri-inicia-setembro-com-julgamentos-de-18-crimes-dolosos-contra-a-vida","status":"publish","type":"post","link":"https:\/\/sindaopcpb.org.br\/index.php\/2025\/09\/03\/tribunal-do-juri-inicia-setembro-com-julgamentos-de-18-crimes-dolosos-contra-a-vida\/","title":{"rendered":"Tribunal do J\u00fari inicia setembro com julgamentos de 18 crimes dolosos contra a vida"},"content":{"rendered":"<p><img width=\"1024\" height=\"731\" src=\"https:\/\/www.pbagora.com.br\/storage\/2025\/09\/Forum_Criminal-1024x731.jpg\" class=\"attachment-large size-large wp-post-image\" alt=\"\" style=\"margin-bottom: 20px;\" decoding=\"async\" srcset=\"https:\/\/www.pbagora.com.br\/storage\/2025\/09\/Forum_Criminal-1024x731.jpg 1024w, https:\/\/www.pbagora.com.br\/storage\/2025\/09\/Forum_Criminal-300x214.jpg 300w, https:\/\/www.pbagora.com.br\/storage\/2025\/09\/Forum_Criminal-150x107.jpg 150w, https:\/\/www.pbagora.com.br\/storage\/2025\/09\/Forum_Criminal-768x548.jpg 768w, https:\/\/www.pbagora.com.br\/storage\/2025\/09\/Forum_Criminal-380x271.jpg 380w, https:\/\/www.pbagora.com.br\/storage\/2025\/09\/Forum_Criminal-800x571.jpg 800w, https:\/\/www.pbagora.com.br\/storage\/2025\/09\/Forum_Criminal-1160x828.jpg 1160w, https:\/\/www.pbagora.com.br\/storage\/2025\/09\/Forum_Criminal-80x58.jpg 80w, https:\/\/www.pbagora.com.br\/storage\/2025\/09\/Forum_Criminal-760x543.jpg 760w, https:\/\/www.pbagora.com.br\/storage\/2025\/09\/Forum_Criminal-600x428.jpg 600w, https:\/\/www.pbagora.com.br\/storage\/2025\/09\/Forum_Criminal.jpg 1500w\" sizes=\"(max-width: 1024px) 100vw, 1024px\" \/><\/p>\n<p>O 1\u00ba Tribunal do J\u00fari da Comarca de Jo\u00e3o Pessoa deu in\u00edcio \u00e0 sua pauta de julgamento definida para este m\u00eas de setembro. Os trabalhos come\u00e7aram na segunda-feira (1\u00ba) e v\u00e3o at\u00e9 o dia 30. Para o per\u00edodo, est\u00e3o agendados 18 processos, sob a presid\u00eancia do juiz Ant\u00f4nio Gon\u00e7alves Ribeiro J\u00fanior. Os julgamentos t\u00eam in\u00edcio \u00e0s 9h, no quinto andar do F\u00f3rum Criminal da Capital, localizado na Avenida Jo\u00e3o Machado, Centro da Capital.<\/p>\n\n\n\n<p>As unidades dos tribunais do J\u00fari t\u00eam a compet\u00eancia de apreciar e julgar crimes dolosos contra a vida, tentados ou consumados. Esses crimes incluem, homic\u00eddio, feminic\u00eddio, induzimento, instiga\u00e7\u00e3o ou aux\u00edlio ao suic\u00eddio ou \u00e0 automutila\u00e7\u00e3o e infantic\u00eddio (quando a m\u00e3e, sob influ\u00eancia do estado puerperal, mata o pr\u00f3prio filho durante ou logo ap\u00f3s o parto e aborto provocado por terceiro).<\/p>\n\n\n\n<p>\u201cEssa \u00e9 uma resposta pronta \u00e0 sociedade de que o Poder Judici\u00e1rio est\u00e1 vigilante, como integrante do sistema de Justi\u00e7a, sempre buscando a resolu\u00e7\u00e3o de processos que se apuram os crimes contra a vida\u201d, destacou Ant\u00f4nio Gon\u00e7alves.<\/p>\n\n\n\n<p>De acordo com a Lei de Organiza\u00e7\u00e3o Judici\u00e1ria, o 1\u00ba Tribunal do J\u00fari realiza pautas ordin\u00e1rias de julgamento nos meses de fevereiro, abril, junho, setembro e novembro. J\u00e1 o 2\u00ba Tribunal do J\u00fari concentra suas sess\u00f5es em mar\u00e7o, maio, agosto, outubro e dezembro. Nos meses em que os tribunais de J\u00fari n\u00e3o est\u00e3o realizando julgamentos em plen\u00e1rio, fica a pauta voltada para a realiza\u00e7\u00e3o das audi\u00eancias de instru\u00e7\u00e3o e julgamento dos processos que ainda n\u00e3o foram objeto de pron\u00fancia, para justamente analisar a admissibilidade da acusa\u00e7\u00e3o.<\/p>\n\n\n\n<p><strong><em>Ascom TJPB<\/em><\/strong><\/p>\n","protected":false},"excerpt":{"rendered":"<p><img loading=\"lazy\" decoding=\"async\" width=\"1024\" height=\"731\" src=\"https:\/\/www.pbagora.com.br\/storage\/2025\/09\/Forum_Criminal-1024x731.jpg\" class=\"attachment-large size-large wp-post-image\" alt=\"\" srcset=\"https:\/\/www.pbagora.com.br\/storage\/2025\/09\/Forum_Criminal-1024x731.jpg 1024w, https:\/\/www.pbagora.com.br\/storage\/2025\/09\/Forum_Criminal-300x214.jpg 300w, https:\/\/www.pbagora.com.br\/storage\/2025\/09\/Forum_Criminal-150x107.jpg 150w, https:\/\/www.pbagora.com.br\/storage\/2025\/09\/Forum_Criminal-768x548.jpg 768w, https:\/\/www.pbagora.com.br\/storage\/2025\/09\/Forum_Criminal-380x271.jpg 380w, https:\/\/www.pbagora.com.br\/storage\/2025\/09\/Forum_Criminal-800x571.jpg 800w, https:\/\/www.pbagora.com.br\/storage\/2025\/09\/Forum_Criminal-1160x828.jpg 1160w, https:\/\/www.pbagora.com.br\/storage\/2025\/09\/Forum_Criminal-80x58.jpg 80w, https:\/\/www.pbagora.com.br\/storage\/2025\/09\/Forum_Criminal-760x543.jpg 760w, https:\/\/www.pbagora.com.br\/storage\/2025\/09\/Forum_Criminal-600x428.jpg 600w, https:\/\/www.pbagora.com.br\/storage\/2025\/09\/Forum_Criminal.jpg 1500w\" sizes=\"auto, (max-width: 1024px) 100vw, 1024px\"><\/p>\n<p>O 1\u00ba Tribunal do J\u00fari da Comarca de Jo\u00e3o Pessoa deu in\u00edcio \u00e0 sua pauta de julgamento definida\u2026<\/p>\n","protected":false},"author":123457,"featured_media":0,"comment_status":"closed","ping_status":"closed","sticky":false,"template":"","format":"standard","meta":{"advgb_blocks_editor_width":"","advgb_blocks_columns_visual_guide":"","footnotes":""},"categories":[34],"tags":[35,10839,10848],"class_list":["post-60599","post","type-post","status-publish","format-standard","hentry","category-g1","tag-g1","tag-policial","tag-rodape-01"],"author_meta":{"display_name":"Reda\u00e7\u00e3o","author_link":"https:\/\/sindaopcpb.org.br\/author\/redacao\/"},"featured_img":null,"coauthors":[],"tax_additional":{"categories":{"linked":["<a href=\"https:\/\/sindaopcpb.org.br\/g1\/\" class=\"advgb-post-tax-term\">G1<\/a>"],"unlinked":["<span class=\"advgb-post-tax-term\">G1<\/span>"]},"tags":{"linked":["<a href=\"https:\/\/sindaopcpb.org.br\/g1\/\" class=\"advgb-post-tax-term\">g1<\/a>","<a href=\"https:\/\/sindaopcpb.org.br\/g1\/\" class=\"advgb-post-tax-term\">Policial<\/a>","<a href=\"https:\/\/sindaopcpb.org.br\/g1\/\" class=\"advgb-post-tax-term\">Rodape 01<\/a>"],"unlinked":["<span class=\"advgb-post-tax-term\">g1<\/span>","<span class=\"advgb-post-tax-term\">Policial<\/span>","<span class=\"advgb-post-tax-term\">Rodape 01<\/span>"]}},"comment_count":"0","relative_dates":{"created":"Publicado 8 meses atr\u00e1s","modified":"Atualizado 8 meses atr\u00e1s"},"absolute_dates":{"created":"Publicado em 3 de setembro de 2025","modified":"Atualizado em 3 de setembro de 2025"},"absolute_dates_time":{"created":"Publicado em 3 de setembro de 2025 13:29","modified":"Atualizado em 3 de setembro de 2025 15:15"},"featured_img_caption":"","series_order":"","_links":{"self":[{"href":"https:\/\/sindaopcpb.org.br\/index.php\/wp-json\/wp\/v2\/posts\/60599","targetHints":{"allow":["GET"]}}],"collection":[{"href":"https:\/\/sindaopcpb.org.br\/index.php\/wp-json\/wp\/v2\/posts"}],"about":[{"href":"https:\/\/sindaopcpb.org.br\/index.php\/wp-json\/wp\/v2\/types\/post"}],"author":[{"embeddable":true,"href":"https:\/\/sindaopcpb.org.br\/index.php\/wp-json\/wp\/v2\/users\/123457"}],"replies":[{"embeddable":true,"href":"https:\/\/sindaopcpb.org.br\/index.php\/wp-json\/wp\/v2\/comments?post=60599"}],"version-history":[{"count":3,"href":"https:\/\/sindaopcpb.org.br\/index.php\/wp-json\/wp\/v2\/posts\/60599\/revisions"}],"predecessor-version":[{"id":60618,"href":"https:\/\/sindaopcpb.org.br\/index.php\/wp-json\/wp\/v2\/posts\/60599\/revisions\/60618"}],"wp:attachment":[{"href":"https:\/\/sindaopcpb.org.br\/index.php\/wp-json\/wp\/v2\/media?parent=60599"}],"wp:term":[{"taxonomy":"category","embeddable":true,"href":"https:\/\/sindaopcpb.org.br\/index.php\/wp-json\/wp\/v2\/categories?post=60599"},{"taxonomy":"post_tag","embeddable":true,"href":"https:\/\/sindaopcpb.org.br\/index.php\/wp-json\/wp\/v2\/tags?post=60599"}],"curies":[{"name":"wp","href":"https:\/\/api.w.org\/{rel}","templated":true}]}}