{"id":60588,"date":"2025-09-03T11:45:34","date_gmt":"2025-09-03T14:45:34","guid":{"rendered":"https:\/\/www.pbagora.com.br\/?p=915252"},"modified":"2025-09-03T13:40:34","modified_gmt":"2025-09-03T16:40:34","slug":"operacao-barao-vermelho-mp-mira-organizacao-criminosa-na-pb-e-mais-2-estados","status":"publish","type":"post","link":"https:\/\/sindaopcpb.org.br\/index.php\/2025\/09\/03\/operacao-barao-vermelho-mp-mira-organizacao-criminosa-na-pb-e-mais-2-estados\/","title":{"rendered":"Opera\u00e7\u00e3o Bar\u00e3o Vermelho: MP mira organiza\u00e7\u00e3o criminosa na PB e mais 2 estados"},"content":{"rendered":"<p><img width=\"800\" height=\"450\" src=\"https:\/\/www.pbagora.com.br\/storage\/2025\/09\/operacao-barao-800x450-1.jpeg\" class=\"attachment-large size-large wp-post-image\" alt=\"\" style=\"margin-bottom: 20px;\" decoding=\"async\" srcset=\"https:\/\/www.pbagora.com.br\/storage\/2025\/09\/operacao-barao-800x450-1.jpeg 800w, https:\/\/www.pbagora.com.br\/storage\/2025\/09\/operacao-barao-800x450-1-300x169.jpeg 300w, https:\/\/www.pbagora.com.br\/storage\/2025\/09\/operacao-barao-800x450-1-150x84.jpeg 150w, https:\/\/www.pbagora.com.br\/storage\/2025\/09\/operacao-barao-800x450-1-768x432.jpeg 768w, https:\/\/www.pbagora.com.br\/storage\/2025\/09\/operacao-barao-800x450-1-380x214.jpeg 380w, https:\/\/www.pbagora.com.br\/storage\/2025\/09\/operacao-barao-800x450-1-80x46.jpeg 80w, https:\/\/www.pbagora.com.br\/storage\/2025\/09\/operacao-barao-800x450-1-760x428.jpeg 760w, https:\/\/www.pbagora.com.br\/storage\/2025\/09\/operacao-barao-800x450-1-600x338.jpeg 600w\" sizes=\"(max-width: 800px) 100vw, 800px\" \/><\/p>\n<p>Uma opera\u00e7\u00e3o do Minist\u00e9rio P\u00fablico do Maranh\u00e3o, com apoio dos Grupos de Atua\u00e7\u00e3o Especial de Combate \u00e0s Organiza\u00e7\u00f5es Criminosas (Gaeco) da Para\u00edba e do Piau\u00ed, prendeu e investigou integrantes de uma organiza\u00e7\u00e3o criminosa em Timon, Teresina e Jo\u00e3o Pessoa na manh\u00e3 desta quarta-feira (03). A a\u00e7\u00e3o corresponde \u00e0 terceira fase da Opera\u00e7\u00e3o Bar\u00e3o Vermelho.<\/p>\n\n\n\n<p>Nesta etapa, foram cumpridos 23 mandados de busca e apreens\u00e3o, quatro de pris\u00e3o e tr\u00eas de interdi\u00e7\u00e3o de empresas, incluindo duas de grande porte na capital piauiense. A Justi\u00e7a tamb\u00e9m determinou o bloqueio e indisponibilidade de bens dos investigados: im\u00f3veis, ve\u00edculos, embarca\u00e7\u00f5es e aeronaves, al\u00e9m do congelamento de contas banc\u00e1rias e aplica\u00e7\u00f5es financeiras no valor de R$ 197 milh\u00f5es.<\/p>\n\n\n\n<p>Desde a primeira fase da opera\u00e7\u00e3o, em 2023, o Gaeco identificou que o grupo criminoso era altamente estruturado e atuava de forma sofisticada, especialmente em esquemas de lavagem de dinheiro. A investiga\u00e7\u00e3o revelou movimenta\u00e7\u00f5es financeiras vultosas entre pessoas f\u00edsicas e jur\u00eddicas, al\u00e9m de saques expressivos que chamaram aten\u00e7\u00e3o das autoridades.<\/p>\n\n\n\n<p>Segundo o Gaeco, a organiza\u00e7\u00e3o atua com:<\/p>\n\n\n\n<ul class=\"wp-block-list\">\n<li>Tr\u00e1fico de drogas;<\/li>\n\n\n\n<li>Falsifica\u00e7\u00e3o de documentos de ve\u00edculos;<\/li>\n\n\n\n<li>Recepta\u00e7\u00e3o de cargas roubadas ou desviadas;<\/li>\n\n\n\n<li>Recepta\u00e7\u00e3o de ouro de origem il\u00edcita;<\/li>\n\n\n\n<li>Agiotagem.<\/li>\n<\/ul>\n\n\n\n<p>A Opera\u00e7\u00e3o Bar\u00e3o Vermelho \u00e9 considerada uma das mais complexas do estado, envolvendo m\u00faltiplos \u00f3rg\u00e3os e mandados de pris\u00e3o, busca e interdi\u00e7\u00e3o de empresas, com objetivo de desarticular a estrutura criminosa e recuperar ativos obtidos de forma ilegal.<\/p>\n\n\n\n<p><strong><em>PB Agora<\/em><\/strong><\/p>\n","protected":false},"excerpt":{"rendered":"<p><img loading=\"lazy\" decoding=\"async\" width=\"800\" height=\"450\" src=\"https:\/\/www.pbagora.com.br\/storage\/2025\/09\/operacao-barao-800x450-1.jpeg\" class=\"attachment-large size-large wp-post-image\" alt=\"\" srcset=\"https:\/\/www.pbagora.com.br\/storage\/2025\/09\/operacao-barao-800x450-1.jpeg 800w, https:\/\/www.pbagora.com.br\/storage\/2025\/09\/operacao-barao-800x450-1-300x169.jpeg 300w, https:\/\/www.pbagora.com.br\/storage\/2025\/09\/operacao-barao-800x450-1-150x84.jpeg 150w, https:\/\/www.pbagora.com.br\/storage\/2025\/09\/operacao-barao-800x450-1-768x432.jpeg 768w, https:\/\/www.pbagora.com.br\/storage\/2025\/09\/operacao-barao-800x450-1-380x214.jpeg 380w, https:\/\/www.pbagora.com.br\/storage\/2025\/09\/operacao-barao-800x450-1-80x46.jpeg 80w, https:\/\/www.pbagora.com.br\/storage\/2025\/09\/operacao-barao-800x450-1-760x428.jpeg 760w, https:\/\/www.pbagora.com.br\/storage\/2025\/09\/operacao-barao-800x450-1-600x338.jpeg 600w\" sizes=\"auto, (max-width: 800px) 100vw, 800px\"><\/p>\n<p>Uma opera\u00e7\u00e3o do Minist\u00e9rio P\u00fablico do Maranh\u00e3o, com apoio dos Grupos de Atua\u00e7\u00e3o Especial de Combate \u00e0s Organiza\u00e7\u00f5es\u2026<\/p>\n","protected":false},"author":123457,"featured_media":0,"comment_status":"closed","ping_status":"closed","sticky":false,"template":"","format":"standard","meta":{"advgb_blocks_editor_width":"","advgb_blocks_columns_visual_guide":"","footnotes":""},"categories":[34],"tags":[10841,35,10839],"class_list":["post-60588","post","type-post","status-publish","format-standard","hentry","category-g1","tag-destaque-centro-02","tag-g1","tag-policial"],"author_meta":{"display_name":"Reda\u00e7\u00e3o","author_link":"https:\/\/sindaopcpb.org.br\/author\/redacao\/"},"featured_img":null,"coauthors":[],"tax_additional":{"categories":{"linked":["<a href=\"https:\/\/sindaopcpb.org.br\/g1\/\" class=\"advgb-post-tax-term\">G1<\/a>"],"unlinked":["<span class=\"advgb-post-tax-term\">G1<\/span>"]},"tags":{"linked":["<a href=\"https:\/\/sindaopcpb.org.br\/g1\/\" class=\"advgb-post-tax-term\">Destaque Centro 02<\/a>","<a href=\"https:\/\/sindaopcpb.org.br\/g1\/\" class=\"advgb-post-tax-term\">g1<\/a>","<a href=\"https:\/\/sindaopcpb.org.br\/g1\/\" class=\"advgb-post-tax-term\">Policial<\/a>"],"unlinked":["<span class=\"advgb-post-tax-term\">Destaque Centro 02<\/span>","<span class=\"advgb-post-tax-term\">g1<\/span>","<span class=\"advgb-post-tax-term\">Policial<\/span>"]}},"comment_count":"0","relative_dates":{"created":"Publicado 8 meses atr\u00e1s","modified":"Atualizado 8 meses atr\u00e1s"},"absolute_dates":{"created":"Publicado em 3 de setembro de 2025","modified":"Atualizado em 3 de setembro de 2025"},"absolute_dates_time":{"created":"Publicado em 3 de setembro de 2025 11:45","modified":"Atualizado em 3 de setembro de 2025 13:40"},"featured_img_caption":"","series_order":"","_links":{"self":[{"href":"https:\/\/sindaopcpb.org.br\/index.php\/wp-json\/wp\/v2\/posts\/60588","targetHints":{"allow":["GET"]}}],"collection":[{"href":"https:\/\/sindaopcpb.org.br\/index.php\/wp-json\/wp\/v2\/posts"}],"about":[{"href":"https:\/\/sindaopcpb.org.br\/index.php\/wp-json\/wp\/v2\/types\/post"}],"author":[{"embeddable":true,"href":"https:\/\/sindaopcpb.org.br\/index.php\/wp-json\/wp\/v2\/users\/123457"}],"replies":[{"embeddable":true,"href":"https:\/\/sindaopcpb.org.br\/index.php\/wp-json\/wp\/v2\/comments?post=60588"}],"version-history":[{"count":4,"href":"https:\/\/sindaopcpb.org.br\/index.php\/wp-json\/wp\/v2\/posts\/60588\/revisions"}],"predecessor-version":[{"id":60603,"href":"https:\/\/sindaopcpb.org.br\/index.php\/wp-json\/wp\/v2\/posts\/60588\/revisions\/60603"}],"wp:attachment":[{"href":"https:\/\/sindaopcpb.org.br\/index.php\/wp-json\/wp\/v2\/media?parent=60588"}],"wp:term":[{"taxonomy":"category","embeddable":true,"href":"https:\/\/sindaopcpb.org.br\/index.php\/wp-json\/wp\/v2\/categories?post=60588"},{"taxonomy":"post_tag","embeddable":true,"href":"https:\/\/sindaopcpb.org.br\/index.php\/wp-json\/wp\/v2\/tags?post=60588"}],"curies":[{"name":"wp","href":"https:\/\/api.w.org\/{rel}","templated":true}]}}