{"id":60583,"date":"2025-09-03T09:55:47","date_gmt":"2025-09-03T12:55:47","guid":{"rendered":"https:\/\/www.pbagora.com.br\/?p=915241"},"modified":"2025-09-03T14:55:47","modified_gmt":"2025-09-03T17:55:47","slug":"influenciadora-tem-carro-alvejado-e-denuncia-tentativa-de-feminicidio-em-joao-pessoa","status":"publish","type":"post","link":"https:\/\/sindaopcpb.org.br\/index.php\/2025\/09\/03\/influenciadora-tem-carro-alvejado-e-denuncia-tentativa-de-feminicidio-em-joao-pessoa\/","title":{"rendered":"Influenciadora tem carro alvejado e denuncia tentativa de feminic\u00eddio em Jo\u00e3o Pessoa"},"content":{"rendered":"<p><img width=\"491\" height=\"492\" src=\"https:\/\/www.pbagora.com.br\/storage\/2025\/09\/image-11.png\" class=\"attachment-large size-large wp-post-image\" alt=\"\" style=\"margin-bottom: 20px;\" decoding=\"async\" loading=\"lazy\" srcset=\"https:\/\/www.pbagora.com.br\/storage\/2025\/09\/image-11.png 491w, https:\/\/www.pbagora.com.br\/storage\/2025\/09\/image-11-300x300.png 300w, https:\/\/www.pbagora.com.br\/storage\/2025\/09\/image-11-150x150.png 150w, https:\/\/www.pbagora.com.br\/storage\/2025\/09\/image-11-80x80.png 80w, https:\/\/www.pbagora.com.br\/storage\/2025\/09\/image-11-110x110.png 110w, https:\/\/www.pbagora.com.br\/storage\/2025\/09\/image-11-380x381.png 380w, https:\/\/www.pbagora.com.br\/storage\/2025\/09\/image-11-160x160.png 160w\" sizes=\"auto, (max-width: 491px) 100vw, 491px\" \/><\/p>\n<p>Uma influenciadora digital conhecida como &#8216;Ruivinha&#8217;, com mais de 250 mil seguidores apenas no Instagram, foi baleada na noite desta ter\u00e7a-feira (02) no bairro de Mangabeira, em Jo\u00e3o Pessoa. A v\u00edtima foi atingida na m\u00e3o ap\u00f3s ser perseguida por um carro enquanto trafegava pela Avenida Comerciante Alfredo Ferreira da Rocha.<\/p>\n\n\n\n<p>Segundo relato registrado na Delegacia Especializada de Atendimento \u00e0 Mulher (Deam) da Zona Sul, a influenciadora percebeu que estava sendo seguida por outro ve\u00edculo e, em seguida, o condutor efetuou disparos de arma de fogo. Ela conseguiu escapar, mas acabou ferida.<\/p>\n\n\n\n<p>Em seu perfil no Instagram, a v\u00edtima relatou a situa\u00e7\u00e3o.<\/p>\n\n\n\n<p>\u201cHoje eu poderia ter me tornado s\u00f3 mais uma hist\u00f3ria de feminic\u00eddio, mas \u00e9 s\u00f3 uma hist\u00f3ria para contar, uma hist\u00f3ria que eu vou expor para todo Brasil. Eu n\u00e3o vou virar estat\u00edstica, eu tenho dois filhos que precisam de mim\u201d, escreveu.<\/p>\n\n\n\n<p>O principal suspeito do crime \u00e9 o ex-marido da influenciadora. Os dois est\u00e3o separados desde junho. Nas redes sociais, a v\u00edtima exp\u00f4s imagens de c\u00e2meras de seguran\u00e7a que mostram agress\u00f5es f\u00edsicas sofridas quando ainda estava casada.<\/p>\n\n\n\n<p>\u201cEu me separei dele porque ele me espancou, porque eu passei 7 anos com esse cara respeitando ele, perdoando as trai\u00e7\u00f5es dele, perdoando as in\u00fameras agress\u00f5es dele. Essa foi uma das que eu expus aqui\u201d, afirmou.<\/p>\n\n\n\n<p>A Pol\u00edcia Civil informou que o suspeito ainda n\u00e3o foi localizado nem ouvido. O caso segue sob investiga\u00e7\u00e3o e \u00e9 tratado como tentativa de feminic\u00eddio.<\/p>\n\n\n\n<p><strong><em>PB Agora<\/em><\/strong><\/p>\n","protected":false},"excerpt":{"rendered":"<p><img loading=\"lazy\" decoding=\"async\" width=\"491\" height=\"492\" src=\"https:\/\/www.pbagora.com.br\/storage\/2025\/09\/image-11.png\" class=\"attachment-large size-large wp-post-image\" alt=\"\" srcset=\"https:\/\/www.pbagora.com.br\/storage\/2025\/09\/image-11.png 491w, https:\/\/www.pbagora.com.br\/storage\/2025\/09\/image-11-300x300.png 300w, https:\/\/www.pbagora.com.br\/storage\/2025\/09\/image-11-150x150.png 150w, https:\/\/www.pbagora.com.br\/storage\/2025\/09\/image-11-80x80.png 80w, https:\/\/www.pbagora.com.br\/storage\/2025\/09\/image-11-110x110.png 110w, https:\/\/www.pbagora.com.br\/storage\/2025\/09\/image-11-380x381.png 380w, https:\/\/www.pbagora.com.br\/storage\/2025\/09\/image-11-160x160.png 160w\" sizes=\"auto, (max-width: 491px) 100vw, 491px\"><\/p>\n<p>Uma influenciadora digital conhecida como \u2018Ruivinha\u2019, com mais de 250 mil seguidores apenas no Instagram, foi baleada na\u2026<\/p>\n","protected":false},"author":123457,"featured_media":0,"comment_status":"closed","ping_status":"closed","sticky":false,"template":"","format":"standard","meta":{"advgb_blocks_editor_width":"","advgb_blocks_columns_visual_guide":"","footnotes":""},"categories":[34],"tags":[35,10839,10850],"class_list":["post-60583","post","type-post","status-publish","format-standard","hentry","category-g1","tag-g1","tag-policial","tag-voceviu"],"author_meta":{"display_name":"Reda\u00e7\u00e3o","author_link":"https:\/\/sindaopcpb.org.br\/author\/redacao\/"},"featured_img":null,"coauthors":[],"tax_additional":{"categories":{"linked":["<a href=\"https:\/\/sindaopcpb.org.br\/g1\/\" class=\"advgb-post-tax-term\">G1<\/a>"],"unlinked":["<span class=\"advgb-post-tax-term\">G1<\/span>"]},"tags":{"linked":["<a href=\"https:\/\/sindaopcpb.org.br\/g1\/\" class=\"advgb-post-tax-term\">g1<\/a>","<a href=\"https:\/\/sindaopcpb.org.br\/g1\/\" class=\"advgb-post-tax-term\">Policial<\/a>","<a href=\"https:\/\/sindaopcpb.org.br\/g1\/\" class=\"advgb-post-tax-term\">Voceviu?<\/a>"],"unlinked":["<span class=\"advgb-post-tax-term\">g1<\/span>","<span class=\"advgb-post-tax-term\">Policial<\/span>","<span class=\"advgb-post-tax-term\">Voceviu?<\/span>"]}},"comment_count":"0","relative_dates":{"created":"Publicado 8 meses atr\u00e1s","modified":"Atualizado 8 meses atr\u00e1s"},"absolute_dates":{"created":"Publicado em 3 de setembro de 2025","modified":"Atualizado em 3 de setembro de 2025"},"absolute_dates_time":{"created":"Publicado em 3 de setembro de 2025 09:55","modified":"Atualizado em 3 de setembro de 2025 14:55"},"featured_img_caption":"","series_order":"","_links":{"self":[{"href":"https:\/\/sindaopcpb.org.br\/index.php\/wp-json\/wp\/v2\/posts\/60583","targetHints":{"allow":["GET"]}}],"collection":[{"href":"https:\/\/sindaopcpb.org.br\/index.php\/wp-json\/wp\/v2\/posts"}],"about":[{"href":"https:\/\/sindaopcpb.org.br\/index.php\/wp-json\/wp\/v2\/types\/post"}],"author":[{"embeddable":true,"href":"https:\/\/sindaopcpb.org.br\/index.php\/wp-json\/wp\/v2\/users\/123457"}],"replies":[{"embeddable":true,"href":"https:\/\/sindaopcpb.org.br\/index.php\/wp-json\/wp\/v2\/comments?post=60583"}],"version-history":[{"count":5,"href":"https:\/\/sindaopcpb.org.br\/index.php\/wp-json\/wp\/v2\/posts\/60583\/revisions"}],"predecessor-version":[{"id":60602,"href":"https:\/\/sindaopcpb.org.br\/index.php\/wp-json\/wp\/v2\/posts\/60583\/revisions\/60602"}],"wp:attachment":[{"href":"https:\/\/sindaopcpb.org.br\/index.php\/wp-json\/wp\/v2\/media?parent=60583"}],"wp:term":[{"taxonomy":"category","embeddable":true,"href":"https:\/\/sindaopcpb.org.br\/index.php\/wp-json\/wp\/v2\/categories?post=60583"},{"taxonomy":"post_tag","embeddable":true,"href":"https:\/\/sindaopcpb.org.br\/index.php\/wp-json\/wp\/v2\/tags?post=60583"}],"curies":[{"name":"wp","href":"https:\/\/api.w.org\/{rel}","templated":true}]}}