{"id":60571,"date":"2025-09-03T06:20:39","date_gmt":"2025-09-03T09:20:39","guid":{"rendered":"https:\/\/www.pbagora.com.br\/?p=915204"},"modified":"2025-09-03T09:20:39","modified_gmt":"2025-09-03T12:20:39","slug":"veja-como-foi-o-1o-dia-do-julgamento-de-bolsonaro-e-de-mais-sete-acusados-no-stf","status":"publish","type":"post","link":"https:\/\/sindaopcpb.org.br\/index.php\/2025\/09\/03\/veja-como-foi-o-1o-dia-do-julgamento-de-bolsonaro-e-de-mais-sete-acusados-no-stf\/","title":{"rendered":"Veja como foi o 1\u00ba dia do julgamento de Bolsonaro e de mais sete acusados no STF"},"content":{"rendered":"<p><img width=\"1024\" height=\"571\" src=\"https:\/\/www.pbagora.com.br\/storage\/2025\/09\/MORIAS-1024x571.webp\" class=\"attachment-large size-large wp-post-image\" alt=\"\" style=\"margin-bottom: 20px;\" decoding=\"async\" loading=\"lazy\" srcset=\"https:\/\/www.pbagora.com.br\/storage\/2025\/09\/MORIAS-1024x571.webp 1024w, https:\/\/www.pbagora.com.br\/storage\/2025\/09\/MORIAS-300x167.webp 300w, https:\/\/www.pbagora.com.br\/storage\/2025\/09\/MORIAS-150x84.webp 150w, https:\/\/www.pbagora.com.br\/storage\/2025\/09\/MORIAS-768x428.webp 768w, https:\/\/www.pbagora.com.br\/storage\/2025\/09\/MORIAS-380x212.webp 380w, https:\/\/www.pbagora.com.br\/storage\/2025\/09\/MORIAS-800x446.webp 800w, https:\/\/www.pbagora.com.br\/storage\/2025\/09\/MORIAS-1160x647.webp 1160w, https:\/\/www.pbagora.com.br\/storage\/2025\/09\/MORIAS-80x46.webp 80w, https:\/\/www.pbagora.com.br\/storage\/2025\/09\/MORIAS-760x424.webp 760w, https:\/\/www.pbagora.com.br\/storage\/2025\/09\/MORIAS-600x335.webp 600w, https:\/\/www.pbagora.com.br\/storage\/2025\/09\/MORIAS.webp 1200w\" sizes=\"auto, (max-width: 1024px) 100vw, 1024px\" \/><\/p>\n<p><\/p>\n\n\n\n<p>A Primeira Turma do Supremo Tribunal Federal (STF) paralisou, por volta das 17h55, o julgamento do ex-presidente Jair Bolsonaro e de mais sete r\u00e9us do n\u00facleo 1 da trama golpista. O julgamento ser\u00e1 retomado hoje (3), a partir de 9h, quando ser\u00e3o ouvidas as sustenta\u00e7\u00f5es dos advogados de Bolsonaro; do ex-ministro do Gabinete de Seguran\u00e7a Institucional (GSI), Augusto Heleno; ex-ministro da Defesa, Paulo S\u00e9rgio Nogueira e do general Braga Netto, ex-ministro de Bolsonaro e candidato \u00e0 vice na chapa de 2022.<\/p>\n\n\n\n<p>Mais quem s\u00e3o os r\u00e9us?<\/p>\n\n\n\n<ul class=\"wp-block-list\">\n<li>Jair Bolsonaro \u2013 ex-presidente da Rep\u00fablica;<\/li>\n\n\n\n<li>Alexandre Ramagem \u2013 ex-diretor da Ag\u00eancia Brasileira de Intelig\u00eancia (Abin);<\/li>\n\n\n\n<li>Almir Garnier \u2013 ex-comandante da Marinha;<\/li>\n\n\n\n<li>Anderson Torres \u2013 ex-ministro da Justi\u00e7a e ex-secret\u00e1rio de seguran\u00e7a do Distrito Federal;<\/li>\n\n\n\n<li>Augusto Heleno \u2013 ex-ministro do Gabinete de Seguran\u00e7a Institucional (GSI);<\/li>\n\n\n\n<li>Paulo S\u00e9rgio Nogueira \u2013 ex-ministro da Defesa;<\/li>\n\n\n\n<li>Walter Braga Netto \u2013 ex-ministro de Bolsonaro e candidato \u00e0 vice na chapa de 2022;<\/li>\n\n\n\n<li>Mauro Cid \u2013 ex-ajudante de ordens de Bolsonaro.<\/li>\n<\/ul>\n\n\n\n<p>Resumo do primeiro dia<\/p>\n\n\n\n<p>Pela manh\u00e3, o relator, ministro Alexandre de Moraes, leu o relat\u00f3rio da a\u00e7\u00e3o penal, documento que cont\u00e9m o resumo de todas as etapas percorridas no processo, desde as investiga\u00e7\u00f5es at\u00e9 a apresenta\u00e7\u00e3o das alega\u00e7\u00f5es finais, \u00faltima fase antes do julgamento.<\/p>\n\n\n\n<p>O procurador-geral da Rep\u00fablica, Paulo Gonet, defendeu a condena\u00e7\u00e3o de Bolsonaro e dos demais acusados.<\/p>\n\n\n\n<p>Foram destinadas oito sess\u00f5es para an\u00e1lise do caso, marcadas para os dias 2, 3, 9, 10 e 12 de setembro.<\/p>\n\n\n\n<p>A vota\u00e7\u00e3o que vai condenar ou absolver os r\u00e9us deve come\u00e7ar somente nas pr\u00f3ximas sess\u00f5es. As penas podem passar de 30 anos de pris\u00e3o.<\/p>\n\n\n\n<p>Ap\u00f3s intervalo para almo\u00e7o, os ministros come\u00e7aram a ouvir as sustenta\u00e7\u00f5es dos advogados dos oito r\u00e9us.<\/p>\n\n\n\n<p>A primeira a falar foi a defesa de Mauro Cid, ex-ajudante de ordens de Jair Bolsonaro. O advogado defendeu a manuten\u00e7\u00e3o do acordo de dela\u00e7\u00e3o premiada e negou que o militar tenha sido coagido pelo ministro Alexandre de Moraes e integrantes da Pol\u00edcia Federal a delatar.<\/p>\n\n\n\n<p>Em seguida, o advogado do ex-diretor da Ag\u00eancia Brasileira de Intelig\u00eancia (Abin) Alexandre Ramagem negou que tenha sido determinado o monitoramento ilegal de ministros do Supremo Tribunal Federal (STF) e de desafetos pol\u00edticos do ex-presidente Jair Bolsonaro. Segundo o advogado Paulo Renato Cintra, Ramagem apenas \u201ccompilava pensamentos do presidente da Rep\u00fablica\u201d.<\/p>\n\n\n\n<p>A defesa do almirante Almir Garnier negou nesta ter\u00e7a-feira (2) que o militar tenha colocado as tropas \u00e0 disposi\u00e7\u00e3o da tentativa de golpe de Estado para reverter o resultado das elei\u00e7\u00f5es de 2022.<\/p>\n\n\n\n<p>\u00daltimo a se manifestar neste primeiro dia de julgamento, a defesa do ex-ministro da Justi\u00e7a e ex-secret\u00e1rio de Seguran\u00e7a P\u00fablica do Distrito Federal da Justi\u00e7a Anderson Torres classificou chamada minuta do golpe encontrada pela Pol\u00edcia Federal (PF) como \u201cminuta do Google\u201d.<\/p>\n\n\n\n<p>Entenda os crimes:<\/p>\n\n\n\n<ul class=\"wp-block-list\">\n<li>Os r\u00e9us respondem no Supremo pelos crimes de:<\/li>\n\n\n\n<li>Organiza\u00e7\u00e3o criminosa armada,<\/li>\n\n\n\n<li>Tentativa de aboli\u00e7\u00e3o violenta do Estado Democr\u00e1tico de Direito,<\/li>\n\n\n\n<li>Golpe de Estado,<\/li>\n\n\n\n<li>Dano qualificado pela viol\u00eancia e grave amea\u00e7a,<\/li>\n\n\n\n<li>Deteriora\u00e7\u00e3o de patrim\u00f4nio tombado.<\/li>\n<\/ul>\n\n\n\n<p>A exce\u00e7\u00e3o \u00e9 o caso do ex-diretor da Ag\u00eancia Brasileira de Intelig\u00eancia (Abin) Abin Alexandre Ramagem, que, atualmente, \u00e9 deputado federal. Ele foi beneficiado com a suspens\u00e3o de parte das acusa\u00e7\u00f5es e responde somente a tr\u00eas dos cinco crimes. A possibilidade de suspens\u00e3o est\u00e1 prevista na Constitui\u00e7\u00e3o.<\/p>\n\n\n\n<p>Reda\u00e7\u00e3o com Ag\u00eancia Brasil<\/p>\n","protected":false},"excerpt":{"rendered":"<p><img decoding=\"async\" width=\"1024\" height=\"571\" src=\"https:\/\/www.pbagora.com.br\/storage\/2025\/09\/MORIAS-1024x571.webp\" class=\"attachment-large size-large wp-post-image\" alt=\"\" loading=\"lazy\" srcset=\"https:\/\/www.pbagora.com.br\/storage\/2025\/09\/MORIAS-1024x571.webp 1024w, https:\/\/www.pbagora.com.br\/storage\/2025\/09\/MORIAS-300x167.webp 300w, https:\/\/www.pbagora.com.br\/storage\/2025\/09\/MORIAS-150x84.webp 150w, https:\/\/www.pbagora.com.br\/storage\/2025\/09\/MORIAS-768x428.webp 768w, https:\/\/www.pbagora.com.br\/storage\/2025\/09\/MORIAS-380x212.webp 380w, https:\/\/www.pbagora.com.br\/storage\/2025\/09\/MORIAS-800x446.webp 800w, https:\/\/www.pbagora.com.br\/storage\/2025\/09\/MORIAS-1160x647.webp 1160w, https:\/\/www.pbagora.com.br\/storage\/2025\/09\/MORIAS-80x46.webp 80w, https:\/\/www.pbagora.com.br\/storage\/2025\/09\/MORIAS-760x424.webp 760w, https:\/\/www.pbagora.com.br\/storage\/2025\/09\/MORIAS-600x335.webp 600w, https:\/\/www.pbagora.com.br\/storage\/2025\/09\/MORIAS.webp 1200w\" sizes=\"auto, (max-width: 1024px) 100vw, 1024px\"><\/p>\n<p>A Primeira Turma do Supremo Tribunal Federal (STF) paralisou, por volta das 17h55, o julgamento do ex-presidente Jair\u2026<\/p>\n","protected":false},"author":123457,"featured_media":0,"comment_status":"closed","ping_status":"closed","sticky":false,"template":"","format":"standard","meta":{"advgb_blocks_editor_width":"","advgb_blocks_columns_visual_guide":"","footnotes":""},"categories":[34],"tags":[35,10839,10846],"class_list":["post-60571","post","type-post","status-publish","format-standard","hentry","category-g1","tag-g1","tag-policial","tag-rodape-02"],"author_meta":{"display_name":"Reda\u00e7\u00e3o","author_link":"https:\/\/sindaopcpb.org.br\/author\/redacao\/"},"featured_img":null,"coauthors":[],"tax_additional":{"categories":{"linked":["<a href=\"https:\/\/sindaopcpb.org.br\/g1\/\" class=\"advgb-post-tax-term\">G1<\/a>"],"unlinked":["<span class=\"advgb-post-tax-term\">G1<\/span>"]},"tags":{"linked":["<a href=\"https:\/\/sindaopcpb.org.br\/g1\/\" class=\"advgb-post-tax-term\">g1<\/a>","<a href=\"https:\/\/sindaopcpb.org.br\/g1\/\" class=\"advgb-post-tax-term\">Policial<\/a>","<a href=\"https:\/\/sindaopcpb.org.br\/g1\/\" class=\"advgb-post-tax-term\">Rodape 02<\/a>"],"unlinked":["<span class=\"advgb-post-tax-term\">g1<\/span>","<span class=\"advgb-post-tax-term\">Policial<\/span>","<span class=\"advgb-post-tax-term\">Rodape 02<\/span>"]}},"comment_count":"0","relative_dates":{"created":"Publicado 8 meses atr\u00e1s","modified":"Atualizado 8 meses atr\u00e1s"},"absolute_dates":{"created":"Publicado em 3 de setembro de 2025","modified":"Atualizado em 3 de setembro de 2025"},"absolute_dates_time":{"created":"Publicado em 3 de setembro de 2025 06:20","modified":"Atualizado em 3 de setembro de 2025 09:20"},"featured_img_caption":"","series_order":"","_links":{"self":[{"href":"https:\/\/sindaopcpb.org.br\/index.php\/wp-json\/wp\/v2\/posts\/60571","targetHints":{"allow":["GET"]}}],"collection":[{"href":"https:\/\/sindaopcpb.org.br\/index.php\/wp-json\/wp\/v2\/posts"}],"about":[{"href":"https:\/\/sindaopcpb.org.br\/index.php\/wp-json\/wp\/v2\/types\/post"}],"author":[{"embeddable":true,"href":"https:\/\/sindaopcpb.org.br\/index.php\/wp-json\/wp\/v2\/users\/123457"}],"replies":[{"embeddable":true,"href":"https:\/\/sindaopcpb.org.br\/index.php\/wp-json\/wp\/v2\/comments?post=60571"}],"version-history":[{"count":3,"href":"https:\/\/sindaopcpb.org.br\/index.php\/wp-json\/wp\/v2\/posts\/60571\/revisions"}],"predecessor-version":[{"id":60591,"href":"https:\/\/sindaopcpb.org.br\/index.php\/wp-json\/wp\/v2\/posts\/60571\/revisions\/60591"}],"wp:attachment":[{"href":"https:\/\/sindaopcpb.org.br\/index.php\/wp-json\/wp\/v2\/media?parent=60571"}],"wp:term":[{"taxonomy":"category","embeddable":true,"href":"https:\/\/sindaopcpb.org.br\/index.php\/wp-json\/wp\/v2\/categories?post=60571"},{"taxonomy":"post_tag","embeddable":true,"href":"https:\/\/sindaopcpb.org.br\/index.php\/wp-json\/wp\/v2\/tags?post=60571"}],"curies":[{"name":"wp","href":"https:\/\/api.w.org\/{rel}","templated":true}]}}