{"id":60548,"date":"2025-09-02T09:09:57","date_gmt":"2025-09-02T12:09:57","guid":{"rendered":"https:\/\/www.pbagora.com.br\/?p=915058"},"modified":"2025-09-02T11:00:57","modified_gmt":"2025-09-02T14:00:57","slug":"policia-civil-prende-pcd-investigado-por-estuprar-vitima-em-matagal-na-pb-2","status":"publish","type":"post","link":"https:\/\/sindaopcpb.org.br\/index.php\/2025\/09\/02\/policia-civil-prende-pcd-investigado-por-estuprar-vitima-em-matagal-na-pb-2\/","title":{"rendered":"Pol\u00edcia Civil prende \u2018PCD\u2019 investigado por estuprar v\u00edtima em matagal, na PB"},"content":{"rendered":"<p><img width=\"800\" height=\"533\" src=\"https:\/\/www.pbagora.com.br\/storage\/2025\/08\/image-51.png\" class=\"attachment-large size-large wp-post-image\" alt=\"\" style=\"margin-bottom: 20px;\" decoding=\"async\" loading=\"lazy\" srcset=\"https:\/\/www.pbagora.com.br\/storage\/2025\/08\/image-51.png 800w, https:\/\/www.pbagora.com.br\/storage\/2025\/08\/image-51-300x200.png 300w, https:\/\/www.pbagora.com.br\/storage\/2025\/08\/image-51-150x100.png 150w, https:\/\/www.pbagora.com.br\/storage\/2025\/08\/image-51-768x512.png 768w, https:\/\/www.pbagora.com.br\/storage\/2025\/08\/image-51-380x253.png 380w, https:\/\/www.pbagora.com.br\/storage\/2025\/08\/image-51-80x53.png 80w, https:\/\/www.pbagora.com.br\/storage\/2025\/08\/image-51-760x506.png 760w, https:\/\/www.pbagora.com.br\/storage\/2025\/08\/image-51-600x400.png 600w\" sizes=\"auto, (max-width: 800px) 100vw, 800px\" \/><\/p>\n<p>A Pol\u00edcia Civil da Para\u00edba prendeu nessa segunda-feira, 1\u00ba de setembro, um homem que est\u00e1 sendo apontado como autor de um estupro no munic\u00edpio de Caapor\u00e3. O mandado de pris\u00e3o foi cumprido por equipes da delegacia local.<\/p>\n\n\n\n<p>De acordo com as investiga\u00e7\u00f5es, o homem preso teria amea\u00e7ado a v\u00edtima com uma faca, obrigando-a a entrar em um matagal onde o crime foi concretizado. No momento de sua captura, parentes do investigado informaram que ele \u00e9 pessoa com defici\u00eancia.<\/p>\n\n\n\n<p>A pris\u00e3o foi comunicada \u00e0 justi\u00e7a.<\/p>\n\n\n\n<p><strong><em>PB Agora<\/em><\/strong><\/p>\n","protected":false},"excerpt":{"rendered":"<p><img loading=\"lazy\" decoding=\"async\" width=\"800\" height=\"533\" src=\"https:\/\/www.pbagora.com.br\/storage\/2025\/08\/image-51.png\" class=\"attachment-large size-large wp-post-image\" alt=\"\" srcset=\"https:\/\/www.pbagora.com.br\/storage\/2025\/08\/image-51.png 800w, https:\/\/www.pbagora.com.br\/storage\/2025\/08\/image-51-300x200.png 300w, https:\/\/www.pbagora.com.br\/storage\/2025\/08\/image-51-150x100.png 150w, https:\/\/www.pbagora.com.br\/storage\/2025\/08\/image-51-768x512.png 768w, https:\/\/www.pbagora.com.br\/storage\/2025\/08\/image-51-380x253.png 380w, https:\/\/www.pbagora.com.br\/storage\/2025\/08\/image-51-80x53.png 80w, https:\/\/www.pbagora.com.br\/storage\/2025\/08\/image-51-760x506.png 760w, https:\/\/www.pbagora.com.br\/storage\/2025\/08\/image-51-600x400.png 600w\" sizes=\"auto, (max-width: 800px) 100vw, 800px\"><\/p>\n<p>A Pol\u00edcia Civil da Para\u00edba prendeu nessa segunda-feira, 1\u00ba de setembro, um homem que est\u00e1 sendo apontado como\u2026<\/p>\n","protected":false},"author":123457,"featured_media":0,"comment_status":"closed","ping_status":"closed","sticky":false,"template":"","format":"standard","meta":{"advgb_blocks_editor_width":"","advgb_blocks_columns_visual_guide":"","footnotes":""},"categories":[34],"tags":[35,10839,10848],"class_list":["post-60548","post","type-post","status-publish","format-standard","hentry","category-g1","tag-g1","tag-policial","tag-rodape-01"],"author_meta":{"display_name":"Reda\u00e7\u00e3o","author_link":"https:\/\/sindaopcpb.org.br\/author\/redacao\/"},"featured_img":null,"coauthors":[],"tax_additional":{"categories":{"linked":["<a href=\"https:\/\/sindaopcpb.org.br\/g1\/\" class=\"advgb-post-tax-term\">G1<\/a>"],"unlinked":["<span class=\"advgb-post-tax-term\">G1<\/span>"]},"tags":{"linked":["<a href=\"https:\/\/sindaopcpb.org.br\/g1\/\" class=\"advgb-post-tax-term\">g1<\/a>","<a href=\"https:\/\/sindaopcpb.org.br\/g1\/\" class=\"advgb-post-tax-term\">Policial<\/a>","<a href=\"https:\/\/sindaopcpb.org.br\/g1\/\" class=\"advgb-post-tax-term\">Rodape 01<\/a>"],"unlinked":["<span class=\"advgb-post-tax-term\">g1<\/span>","<span class=\"advgb-post-tax-term\">Policial<\/span>","<span class=\"advgb-post-tax-term\">Rodape 01<\/span>"]}},"comment_count":"0","relative_dates":{"created":"Publicado 8 meses atr\u00e1s","modified":"Atualizado 8 meses atr\u00e1s"},"absolute_dates":{"created":"Publicado em 2 de setembro de 2025","modified":"Atualizado em 2 de setembro de 2025"},"absolute_dates_time":{"created":"Publicado em 2 de setembro de 2025 09:09","modified":"Atualizado em 2 de setembro de 2025 11:00"},"featured_img_caption":"","series_order":"","_links":{"self":[{"href":"https:\/\/sindaopcpb.org.br\/index.php\/wp-json\/wp\/v2\/posts\/60548","targetHints":{"allow":["GET"]}}],"collection":[{"href":"https:\/\/sindaopcpb.org.br\/index.php\/wp-json\/wp\/v2\/posts"}],"about":[{"href":"https:\/\/sindaopcpb.org.br\/index.php\/wp-json\/wp\/v2\/types\/post"}],"author":[{"embeddable":true,"href":"https:\/\/sindaopcpb.org.br\/index.php\/wp-json\/wp\/v2\/users\/123457"}],"replies":[{"embeddable":true,"href":"https:\/\/sindaopcpb.org.br\/index.php\/wp-json\/wp\/v2\/comments?post=60548"}],"version-history":[{"count":2,"href":"https:\/\/sindaopcpb.org.br\/index.php\/wp-json\/wp\/v2\/posts\/60548\/revisions"}],"predecessor-version":[{"id":60556,"href":"https:\/\/sindaopcpb.org.br\/index.php\/wp-json\/wp\/v2\/posts\/60548\/revisions\/60556"}],"wp:attachment":[{"href":"https:\/\/sindaopcpb.org.br\/index.php\/wp-json\/wp\/v2\/media?parent=60548"}],"wp:term":[{"taxonomy":"category","embeddable":true,"href":"https:\/\/sindaopcpb.org.br\/index.php\/wp-json\/wp\/v2\/categories?post=60548"},{"taxonomy":"post_tag","embeddable":true,"href":"https:\/\/sindaopcpb.org.br\/index.php\/wp-json\/wp\/v2\/tags?post=60548"}],"curies":[{"name":"wp","href":"https:\/\/api.w.org\/{rel}","templated":true}]}}