{"id":60541,"date":"2025-09-02T08:22:01","date_gmt":"2025-09-02T11:22:01","guid":{"rendered":"https:\/\/www.pbagora.com.br\/?p=915045"},"modified":"2025-09-02T08:22:01","modified_gmt":"2025-09-02T11:22:01","slug":"pais-de-hytalo-santos-e-marido-se-cadastram-para-visitar-casal-em-penitenciaria-na-pb","status":"publish","type":"post","link":"https:\/\/sindaopcpb.org.br\/index.php\/2025\/09\/02\/pais-de-hytalo-santos-e-marido-se-cadastram-para-visitar-casal-em-penitenciaria-na-pb\/","title":{"rendered":"Pais de Hytalo Santos e marido se cadastram para visitar casal em penitenci\u00e1ria na PB"},"content":{"rendered":"<p><img width=\"984\" height=\"578\" src=\"https:\/\/www.pbagora.com.br\/storage\/2025\/09\/ITAL.avif\" class=\"attachment-large size-large wp-post-image\" alt=\"\" style=\"margin-bottom: 20px;\" decoding=\"async\" srcset=\"https:\/\/www.pbagora.com.br\/storage\/2025\/09\/ITAL.avif 984w, https:\/\/www.pbagora.com.br\/storage\/2025\/09\/ITAL-300x176.avif 300w, https:\/\/www.pbagora.com.br\/storage\/2025\/09\/ITAL-150x88.avif 150w, https:\/\/www.pbagora.com.br\/storage\/2025\/09\/ITAL-768x451.avif 768w, https:\/\/www.pbagora.com.br\/storage\/2025\/09\/ITAL-380x223.avif 380w, https:\/\/www.pbagora.com.br\/storage\/2025\/09\/ITAL-800x470.avif 800w, https:\/\/www.pbagora.com.br\/storage\/2025\/09\/ITAL-80x46.avif 80w, https:\/\/www.pbagora.com.br\/storage\/2025\/09\/ITAL-760x446.avif 760w, https:\/\/www.pbagora.com.br\/storage\/2025\/09\/ITAL-600x352.avif 600w\" sizes=\"(max-width: 984px) 100vw, 984px\" \/><\/p>\n<p><\/p>\n\n\n\n<p>A m\u00e3e de Hytalo Santos e o pai de Israel Vicente, conhecido como Euro, se cadastraram para visitar os familiares que est\u00e3o presos na Penitenci\u00e1ria Desembargador Fl\u00f3scolo da N\u00f3brega, em&nbsp;Jo\u00e3o Pessoa. Os&nbsp;influenciadores est\u00e3o presos pela suspeita de tr\u00e1fico de pessoas e explora\u00e7\u00e3o de menores.<\/p>\n\n\n\n<p>O diretor da unidade confirmou tamb\u00e9m que&nbsp;Hytalo Santos vai passar por atendimento m\u00e9dico na ter\u00e7a-feira (2), por conta da alega\u00e7\u00e3o de ter foliculite, uma esp\u00e9cie de inflama\u00e7\u00e3o nos fol\u00edculos da pele por onde nascem os pelos.<\/p>\n\n\n\n<p>Hytalo e Euro\u00a0foram transferidos de S\u00e3o Paulo para a Para\u00edba na quinta-feira (28). O casal de influenciadores foi levado de carro e com escolta policial para o Aeroporto Internacional de S\u00e3o Paulo, em Guarulhos.<\/p>\n\n\n\n<p><em><strong>Reda\u00e7\u00e3o<\/strong><\/em><\/p>\n","protected":false},"excerpt":{"rendered":"<p><img loading=\"lazy\" decoding=\"async\" width=\"984\" height=\"578\" src=\"https:\/\/www.pbagora.com.br\/storage\/2025\/09\/ITAL.avif\" class=\"attachment-large size-large wp-post-image\" alt=\"\" srcset=\"https:\/\/www.pbagora.com.br\/storage\/2025\/09\/ITAL.avif 984w, https:\/\/www.pbagora.com.br\/storage\/2025\/09\/ITAL-300x176.avif 300w, https:\/\/www.pbagora.com.br\/storage\/2025\/09\/ITAL-150x88.avif 150w, https:\/\/www.pbagora.com.br\/storage\/2025\/09\/ITAL-768x451.avif 768w, https:\/\/www.pbagora.com.br\/storage\/2025\/09\/ITAL-380x223.avif 380w, https:\/\/www.pbagora.com.br\/storage\/2025\/09\/ITAL-800x470.avif 800w, https:\/\/www.pbagora.com.br\/storage\/2025\/09\/ITAL-80x46.avif 80w, https:\/\/www.pbagora.com.br\/storage\/2025\/09\/ITAL-760x446.avif 760w, https:\/\/www.pbagora.com.br\/storage\/2025\/09\/ITAL-600x352.avif 600w\" sizes=\"auto, (max-width: 984px) 100vw, 984px\"><\/p>\n<p>A m\u00e3e de Hytalo Santos e o pai de Israel Vicente, conhecido como Euro, se cadastraram para visitar\u2026<\/p>\n","protected":false},"author":123457,"featured_media":0,"comment_status":"closed","ping_status":"closed","sticky":false,"template":"","format":"standard","meta":{"advgb_blocks_editor_width":"","advgb_blocks_columns_visual_guide":"","footnotes":""},"categories":[34],"tags":[10841,35,10839],"class_list":["post-60541","post","type-post","status-publish","format-standard","hentry","category-g1","tag-destaque-centro-02","tag-g1","tag-policial"],"author_meta":{"display_name":"Reda\u00e7\u00e3o","author_link":"https:\/\/sindaopcpb.org.br\/author\/redacao\/"},"featured_img":null,"coauthors":[],"tax_additional":{"categories":{"linked":["<a href=\"https:\/\/sindaopcpb.org.br\/g1\/\" class=\"advgb-post-tax-term\">G1<\/a>"],"unlinked":["<span class=\"advgb-post-tax-term\">G1<\/span>"]},"tags":{"linked":["<a href=\"https:\/\/sindaopcpb.org.br\/g1\/\" class=\"advgb-post-tax-term\">Destaque Centro 02<\/a>","<a href=\"https:\/\/sindaopcpb.org.br\/g1\/\" class=\"advgb-post-tax-term\">g1<\/a>","<a href=\"https:\/\/sindaopcpb.org.br\/g1\/\" class=\"advgb-post-tax-term\">Policial<\/a>"],"unlinked":["<span class=\"advgb-post-tax-term\">Destaque Centro 02<\/span>","<span class=\"advgb-post-tax-term\">g1<\/span>","<span class=\"advgb-post-tax-term\">Policial<\/span>"]}},"comment_count":"0","relative_dates":{"created":"Publicado 8 meses atr\u00e1s","modified":"Atualizado 8 meses atr\u00e1s"},"absolute_dates":{"created":"Publicado em 2 de setembro de 2025","modified":"Atualizado em 2 de setembro de 2025"},"absolute_dates_time":{"created":"Publicado em 2 de setembro de 2025 08:22","modified":"Atualizado em 2 de setembro de 2025 08:22"},"featured_img_caption":"","series_order":"","_links":{"self":[{"href":"https:\/\/sindaopcpb.org.br\/index.php\/wp-json\/wp\/v2\/posts\/60541","targetHints":{"allow":["GET"]}}],"collection":[{"href":"https:\/\/sindaopcpb.org.br\/index.php\/wp-json\/wp\/v2\/posts"}],"about":[{"href":"https:\/\/sindaopcpb.org.br\/index.php\/wp-json\/wp\/v2\/types\/post"}],"author":[{"embeddable":true,"href":"https:\/\/sindaopcpb.org.br\/index.php\/wp-json\/wp\/v2\/users\/123457"}],"replies":[{"embeddable":true,"href":"https:\/\/sindaopcpb.org.br\/index.php\/wp-json\/wp\/v2\/comments?post=60541"}],"version-history":[{"count":2,"href":"https:\/\/sindaopcpb.org.br\/index.php\/wp-json\/wp\/v2\/posts\/60541\/revisions"}],"predecessor-version":[{"id":60552,"href":"https:\/\/sindaopcpb.org.br\/index.php\/wp-json\/wp\/v2\/posts\/60541\/revisions\/60552"}],"wp:attachment":[{"href":"https:\/\/sindaopcpb.org.br\/index.php\/wp-json\/wp\/v2\/media?parent=60541"}],"wp:term":[{"taxonomy":"category","embeddable":true,"href":"https:\/\/sindaopcpb.org.br\/index.php\/wp-json\/wp\/v2\/categories?post=60541"},{"taxonomy":"post_tag","embeddable":true,"href":"https:\/\/sindaopcpb.org.br\/index.php\/wp-json\/wp\/v2\/tags?post=60541"}],"curies":[{"name":"wp","href":"https:\/\/api.w.org\/{rel}","templated":true}]}}