{"id":60537,"date":"2025-09-02T07:22:44","date_gmt":"2025-09-02T10:22:44","guid":{"rendered":"https:\/\/www.pbagora.com.br\/?p=915027"},"modified":"2025-09-02T10:00:44","modified_gmt":"2025-09-02T13:00:44","slug":"pf-deflagra-a-setima-fase-da-operacao-kori-contra-a-exploracao-sexual-infanto-juvenil-em-aroeiras","status":"publish","type":"post","link":"https:\/\/sindaopcpb.org.br\/index.php\/2025\/09\/02\/pf-deflagra-a-setima-fase-da-operacao-kori-contra-a-exploracao-sexual-infanto-juvenil-em-aroeiras\/","title":{"rendered":"PF deflagra a s\u00e9tima fase da \u2018Opera\u00e7\u00e3o Kori\u2019 contra a explora\u00e7\u00e3o sexual infanto-juvenil em Aroeiras"},"content":{"rendered":"<p><img width=\"768\" height=\"483\" src=\"https:\/\/www.pbagora.com.br\/storage\/2025\/08\/PF-1.jpeg\" class=\"attachment-large size-large wp-post-image\" alt=\"\" style=\"margin-bottom: 20px;\" decoding=\"async\" loading=\"lazy\" srcset=\"https:\/\/www.pbagora.com.br\/storage\/2025\/08\/PF-1.jpeg 768w, https:\/\/www.pbagora.com.br\/storage\/2025\/08\/PF-1-300x189.jpeg 300w, https:\/\/www.pbagora.com.br\/storage\/2025\/08\/PF-1-150x94.jpeg 150w, https:\/\/www.pbagora.com.br\/storage\/2025\/08\/PF-1-380x239.jpeg 380w, https:\/\/www.pbagora.com.br\/storage\/2025\/08\/PF-1-80x50.jpeg 80w, https:\/\/www.pbagora.com.br\/storage\/2025\/08\/PF-1-760x478.jpeg 760w, https:\/\/www.pbagora.com.br\/storage\/2025\/08\/PF-1-600x377.jpeg 600w\" sizes=\"auto, (max-width: 768px) 100vw, 768px\" \/><\/p>\n<p><\/p>\n\n\n\n<p>A Pol\u00edcia Federal deflagrou na manh\u00e3 desta ter\u00e7a-feira (02\/09), a s\u00e9tima fase da \u2018Opera\u00e7\u00e3o Kori\u2019, com o objetivo de reprimir pr\u00e1ticas criminosas consistentes no armazenamento e compartilhamento de imagens e v\u00eddeos com conte\u00fado de explora\u00e7\u00e3o sexual infantojuvenil, no munic\u00edpio de Aroeiras\/PB.<\/p>\n\n\n\n<p><strong>NOTA \u00c0 IMPRENSA<\/strong><\/p>\n\n\n\n<p><em>POL\u00cdCIA FEDERAL DEFLAGRA A S\u00c9TIMA FASE DA OPERA\u00c7\u00c3O KORI EM AROEIRAS\/PB<\/em><\/p>\n\n\n\n<p><em>Campina Grande\/PB \u2013 Na manh\u00e3 desta ter\u00e7a-feira (02\/09), a Pol\u00edcia Federal deflagrou a s\u00e9tima fase da Opera\u00e7\u00e3o Kori, com o objetivo de reprimir pr\u00e1ticas criminosas consistentes no armazenamento e compartilhamento de imagens e v\u00eddeos com conte\u00fado de explora\u00e7\u00e3o sexual infantojuvenil, no munic\u00edpio de Aroeiras\/PB.<\/em><\/p>\n\n\n\n<p><em>A a\u00e7\u00e3o operacional consistiu no cumprimento de um mandado de busca e apreens\u00e3o, expedido pelo ju\u00edzo da 3\u00aa Vara Regional do Ju\u00edzo de Garantias da Comarca de Campina Grande, bem como na determina\u00e7\u00e3o judicial de quebra do sigilo telem\u00e1tico dos investigados.<\/em><\/p>\n\n\n\n<p><em>Durante o inqu\u00e9rito policial, apurou-se que os investigados, um homem com 28 anos e uma mulher com 23 anos de idade, que residem na mesma casa, estariam armazenando e compartilhando, por meio digital, imagens e v\u00eddeos com conte\u00fado de abuso sexual infantojuvenil, em flagrante viola\u00e7\u00e3o \u00e0 legisla\u00e7\u00e3o penal vigente.<\/em><\/p>\n\n\n\n<p><em>Os investigados poder\u00e3o ser responsabilizados, em tese, pela aquisi\u00e7\u00e3o, armazenamento e compartilhamento de material pornogr\u00e1fico envolvendo crian\u00e7as e adolescentes, delitos tipificados nos arts. 241-B e 241-A do Estatuto da Crian\u00e7a e do Adolescente (Lei n\u00ba 8.069\/1990), cujas penas somadas podem ultrapassar 10 anos de reclus\u00e3o, sem preju\u00edzo da imputa\u00e7\u00e3o de outras condutas delitivas, conforme an\u00e1lise pericial do material apreendido.<\/em><\/p>\n\n\n\n<p><em>O nome da opera\u00e7\u00e3o, \u201cKori\u201d, faz alus\u00e3o \u00e0 entidade simb\u00f3lica \u201cKori Koto\u201d, tradicionalmente venerada como divindade protetora da inf\u00e2ncia em determinadas culturas, refor\u00e7ando o compromisso institucional da Pol\u00edcia Federal com a prote\u00e7\u00e3o integral dos direitos de crian\u00e7as e adolescentes.<\/em><\/p>\n\n\n\n<p>Reda\u00e7\u00e3o<\/p>\n","protected":false},"excerpt":{"rendered":"<p><img loading=\"lazy\" decoding=\"async\" width=\"768\" height=\"483\" src=\"https:\/\/www.pbagora.com.br\/storage\/2025\/08\/PF-1.jpeg\" class=\"attachment-large size-large wp-post-image\" alt=\"\" srcset=\"https:\/\/www.pbagora.com.br\/storage\/2025\/08\/PF-1.jpeg 768w, https:\/\/www.pbagora.com.br\/storage\/2025\/08\/PF-1-300x189.jpeg 300w, https:\/\/www.pbagora.com.br\/storage\/2025\/08\/PF-1-150x94.jpeg 150w, https:\/\/www.pbagora.com.br\/storage\/2025\/08\/PF-1-380x239.jpeg 380w, https:\/\/www.pbagora.com.br\/storage\/2025\/08\/PF-1-80x50.jpeg 80w, https:\/\/www.pbagora.com.br\/storage\/2025\/08\/PF-1-760x478.jpeg 760w, https:\/\/www.pbagora.com.br\/storage\/2025\/08\/PF-1-600x377.jpeg 600w\" sizes=\"auto, (max-width: 768px) 100vw, 768px\"><\/p>\n<p>A Pol\u00edcia Federal deflagrou na manh\u00e3 desta ter\u00e7a-feira (02\/09), a s\u00e9tima fase da \u2018Opera\u00e7\u00e3o Kori\u2019, com o objetivo\u2026<\/p>\n","protected":false},"author":123457,"featured_media":0,"comment_status":"closed","ping_status":"closed","sticky":false,"template":"","format":"standard","meta":{"advgb_blocks_editor_width":"","advgb_blocks_columns_visual_guide":"","footnotes":""},"categories":[34],"tags":[10841,35,10839],"class_list":["post-60537","post","type-post","status-publish","format-standard","hentry","category-g1","tag-destaque-centro-02","tag-g1","tag-policial"],"author_meta":{"display_name":"Reda\u00e7\u00e3o","author_link":"https:\/\/sindaopcpb.org.br\/author\/redacao\/"},"featured_img":null,"coauthors":[],"tax_additional":{"categories":{"linked":["<a href=\"https:\/\/sindaopcpb.org.br\/g1\/\" class=\"advgb-post-tax-term\">G1<\/a>"],"unlinked":["<span class=\"advgb-post-tax-term\">G1<\/span>"]},"tags":{"linked":["<a href=\"https:\/\/sindaopcpb.org.br\/g1\/\" class=\"advgb-post-tax-term\">Destaque Centro 02<\/a>","<a href=\"https:\/\/sindaopcpb.org.br\/g1\/\" class=\"advgb-post-tax-term\">g1<\/a>","<a href=\"https:\/\/sindaopcpb.org.br\/g1\/\" class=\"advgb-post-tax-term\">Policial<\/a>"],"unlinked":["<span class=\"advgb-post-tax-term\">Destaque Centro 02<\/span>","<span class=\"advgb-post-tax-term\">g1<\/span>","<span class=\"advgb-post-tax-term\">Policial<\/span>"]}},"comment_count":"0","relative_dates":{"created":"Publicado 8 meses atr\u00e1s","modified":"Atualizado 8 meses atr\u00e1s"},"absolute_dates":{"created":"Publicado em 2 de setembro de 2025","modified":"Atualizado em 2 de setembro de 2025"},"absolute_dates_time":{"created":"Publicado em 2 de setembro de 2025 07:22","modified":"Atualizado em 2 de setembro de 2025 10:00"},"featured_img_caption":"","series_order":"","_links":{"self":[{"href":"https:\/\/sindaopcpb.org.br\/index.php\/wp-json\/wp\/v2\/posts\/60537","targetHints":{"allow":["GET"]}}],"collection":[{"href":"https:\/\/sindaopcpb.org.br\/index.php\/wp-json\/wp\/v2\/posts"}],"about":[{"href":"https:\/\/sindaopcpb.org.br\/index.php\/wp-json\/wp\/v2\/types\/post"}],"author":[{"embeddable":true,"href":"https:\/\/sindaopcpb.org.br\/index.php\/wp-json\/wp\/v2\/users\/123457"}],"replies":[{"embeddable":true,"href":"https:\/\/sindaopcpb.org.br\/index.php\/wp-json\/wp\/v2\/comments?post=60537"}],"version-history":[{"count":4,"href":"https:\/\/sindaopcpb.org.br\/index.php\/wp-json\/wp\/v2\/posts\/60537\/revisions"}],"predecessor-version":[{"id":60558,"href":"https:\/\/sindaopcpb.org.br\/index.php\/wp-json\/wp\/v2\/posts\/60537\/revisions\/60558"}],"wp:attachment":[{"href":"https:\/\/sindaopcpb.org.br\/index.php\/wp-json\/wp\/v2\/media?parent=60537"}],"wp:term":[{"taxonomy":"category","embeddable":true,"href":"https:\/\/sindaopcpb.org.br\/index.php\/wp-json\/wp\/v2\/categories?post=60537"},{"taxonomy":"post_tag","embeddable":true,"href":"https:\/\/sindaopcpb.org.br\/index.php\/wp-json\/wp\/v2\/tags?post=60537"}],"curies":[{"name":"wp","href":"https:\/\/api.w.org\/{rel}","templated":true}]}}