{"id":60533,"date":"2025-09-02T06:02:15","date_gmt":"2025-09-02T09:02:15","guid":{"rendered":"https:\/\/www.pbagora.com.br\/?p=915014"},"modified":"2025-09-02T10:02:15","modified_gmt":"2025-09-02T13:02:15","slug":"jovem-e-assassinado-a-tiros-homem-fica-ferido-em-ataque-em-santa-rita","status":"publish","type":"post","link":"https:\/\/sindaopcpb.org.br\/index.php\/2025\/09\/02\/jovem-e-assassinado-a-tiros-homem-fica-ferido-em-ataque-em-santa-rita\/","title":{"rendered":"Jovem \u00e9 assassinado a tiros e homem fica ferido em ataque em Santa Rita"},"content":{"rendered":"<p><img width=\"400\" height=\"266\" src=\"https:\/\/www.pbagora.com.br\/storage\/2021\/06\/csm_numol-ipc_06_7a114bd944.jpg\" class=\"attachment-large size-large wp-post-image\" alt=\"\" style=\"margin-bottom: 20px;\" decoding=\"async\" srcset=\"https:\/\/www.pbagora.com.br\/storage\/2021\/06\/csm_numol-ipc_06_7a114bd944.jpg 400w, https:\/\/www.pbagora.com.br\/storage\/2021\/06\/csm_numol-ipc_06_7a114bd944-300x200.jpg 300w, https:\/\/www.pbagora.com.br\/storage\/2021\/06\/csm_numol-ipc_06_7a114bd944-150x100.jpg 150w, https:\/\/www.pbagora.com.br\/storage\/2021\/06\/csm_numol-ipc_06_7a114bd944-380x253.jpg 380w, https:\/\/www.pbagora.com.br\/storage\/2021\/06\/csm_numol-ipc_06_7a114bd944-80x53.jpg 80w\" sizes=\"(max-width: 400px) 100vw, 400px\" \/><\/p>\n<p><\/p>\n\n\n\n<p>A pol\u00edcia investiga os autores de um tiroteio registrado na tarde de ontem (1\u00ba) no bairro V\u00e1rzea Nova, em Santa Rita, Regi\u00e3o Metropolitana de Jo\u00e3o Pessoa, deixou uma pessoa morta e outra ferida, segundo informa\u00e7\u00f5es da Pol\u00edcia Militar e da per\u00edcia.<\/p>\n\n\n\n<p>O jovem Mateus, de 17 anos, morreu no local. Moradores da regi\u00e3o informaram que ele n\u00e3o tinha envolvimento com criminalidade ou fac\u00e7\u00f5es, sendo descrito como um jovem estudioso e sem registros de atividades il\u00edcitas.<\/p>\n\n\n\n<p>J\u00e1 o segundo ferido, um homem de 22 anos, foi atingido na regi\u00e3o do ombro e encaminhado ao Hospital de Emerg\u00eancia e Trauma de Jo\u00e3o Pessoa. At\u00e9 o momento, a identidade dele n\u00e3o foi confirmada.<\/p>\n\n\n\n<p>De acordo com a Pol\u00edcia Militar, dois indiv\u00edduos, possivelmente em moto, teriam abordado as v\u00edtimas e efetuado os disparos. A per\u00edcia realizou os procedimentos no local e a investiga\u00e7\u00e3o est\u00e1 sob responsabilidade do n\u00facleo de homic\u00eddios da regi\u00e3o.<\/p>\n\n\n\n<p>Ainda n\u00e3o h\u00e1 informa\u00e7\u00f5es oficiais sobre a motiva\u00e7\u00e3o do crime, nem se ambas as v\u00edtimas eram alvos ou se parte do tiroteio se tratou de bala perdida. O delegado respons\u00e1vel pelo caso acompanha a investiga\u00e7\u00e3o, que inclui an\u00e1lise da arma utilizada e coleta de depoimentos de familiares e testemunhas. Familiares e amigos estiveram no local e acompanharam os trabalhos da per\u00edcia, demonstrando grande sofrimento pelo adolescente morto.<\/p>\n\n\n\n<p>Reda\u00e7\u00e3o<\/p>\n","protected":false},"excerpt":{"rendered":"<p><img loading=\"lazy\" decoding=\"async\" width=\"400\" height=\"266\" src=\"https:\/\/www.pbagora.com.br\/storage\/2021\/06\/csm_numol-ipc_06_7a114bd944.jpg\" class=\"attachment-large size-large wp-post-image\" alt=\"\" srcset=\"https:\/\/www.pbagora.com.br\/storage\/2021\/06\/csm_numol-ipc_06_7a114bd944.jpg 400w, https:\/\/www.pbagora.com.br\/storage\/2021\/06\/csm_numol-ipc_06_7a114bd944-300x200.jpg 300w, https:\/\/www.pbagora.com.br\/storage\/2021\/06\/csm_numol-ipc_06_7a114bd944-150x100.jpg 150w, https:\/\/www.pbagora.com.br\/storage\/2021\/06\/csm_numol-ipc_06_7a114bd944-380x253.jpg 380w, https:\/\/www.pbagora.com.br\/storage\/2021\/06\/csm_numol-ipc_06_7a114bd944-80x53.jpg 80w\" sizes=\"auto, (max-width: 400px) 100vw, 400px\"><\/p>\n<p>A pol\u00edcia investiga os autores de um tiroteio registrado na tarde de ontem (1\u00ba) no bairro V\u00e1rzea Nova,\u2026<\/p>\n","protected":false},"author":123457,"featured_media":0,"comment_status":"closed","ping_status":"closed","sticky":false,"template":"","format":"standard","meta":{"advgb_blocks_editor_width":"","advgb_blocks_columns_visual_guide":"","footnotes":""},"categories":[34],"tags":[35,10839,10846],"class_list":["post-60533","post","type-post","status-publish","format-standard","hentry","category-g1","tag-g1","tag-policial","tag-rodape-02"],"author_meta":{"display_name":"Reda\u00e7\u00e3o","author_link":"https:\/\/sindaopcpb.org.br\/author\/redacao\/"},"featured_img":null,"coauthors":[],"tax_additional":{"categories":{"linked":["<a href=\"https:\/\/sindaopcpb.org.br\/g1\/\" class=\"advgb-post-tax-term\">G1<\/a>"],"unlinked":["<span class=\"advgb-post-tax-term\">G1<\/span>"]},"tags":{"linked":["<a href=\"https:\/\/sindaopcpb.org.br\/g1\/\" class=\"advgb-post-tax-term\">g1<\/a>","<a href=\"https:\/\/sindaopcpb.org.br\/g1\/\" class=\"advgb-post-tax-term\">Policial<\/a>","<a href=\"https:\/\/sindaopcpb.org.br\/g1\/\" class=\"advgb-post-tax-term\">Rodape 02<\/a>"],"unlinked":["<span class=\"advgb-post-tax-term\">g1<\/span>","<span class=\"advgb-post-tax-term\">Policial<\/span>","<span class=\"advgb-post-tax-term\">Rodape 02<\/span>"]}},"comment_count":"0","relative_dates":{"created":"Publicado 8 meses atr\u00e1s","modified":"Atualizado 8 meses atr\u00e1s"},"absolute_dates":{"created":"Publicado em 2 de setembro de 2025","modified":"Atualizado em 2 de setembro de 2025"},"absolute_dates_time":{"created":"Publicado em 2 de setembro de 2025 06:02","modified":"Atualizado em 2 de setembro de 2025 10:02"},"featured_img_caption":"","series_order":"","_links":{"self":[{"href":"https:\/\/sindaopcpb.org.br\/index.php\/wp-json\/wp\/v2\/posts\/60533","targetHints":{"allow":["GET"]}}],"collection":[{"href":"https:\/\/sindaopcpb.org.br\/index.php\/wp-json\/wp\/v2\/posts"}],"about":[{"href":"https:\/\/sindaopcpb.org.br\/index.php\/wp-json\/wp\/v2\/types\/post"}],"author":[{"embeddable":true,"href":"https:\/\/sindaopcpb.org.br\/index.php\/wp-json\/wp\/v2\/users\/123457"}],"replies":[{"embeddable":true,"href":"https:\/\/sindaopcpb.org.br\/index.php\/wp-json\/wp\/v2\/comments?post=60533"}],"version-history":[{"count":4,"href":"https:\/\/sindaopcpb.org.br\/index.php\/wp-json\/wp\/v2\/posts\/60533\/revisions"}],"predecessor-version":[{"id":60545,"href":"https:\/\/sindaopcpb.org.br\/index.php\/wp-json\/wp\/v2\/posts\/60533\/revisions\/60545"}],"wp:attachment":[{"href":"https:\/\/sindaopcpb.org.br\/index.php\/wp-json\/wp\/v2\/media?parent=60533"}],"wp:term":[{"taxonomy":"category","embeddable":true,"href":"https:\/\/sindaopcpb.org.br\/index.php\/wp-json\/wp\/v2\/categories?post=60533"},{"taxonomy":"post_tag","embeddable":true,"href":"https:\/\/sindaopcpb.org.br\/index.php\/wp-json\/wp\/v2\/tags?post=60533"}],"curies":[{"name":"wp","href":"https:\/\/api.w.org\/{rel}","templated":true}]}}