{"id":60531,"date":"2025-09-01T14:11:21","date_gmt":"2025-09-01T17:11:21","guid":{"rendered":"https:\/\/www.pbagora.com.br\/?p=914916"},"modified":"2025-09-01T14:11:21","modified_gmt":"2025-09-01T17:11:21","slug":"justica-decide-manter-arquivado-inquerito-sobre-desaparecimento-de-ana-sophia","status":"publish","type":"post","link":"https:\/\/sindaopcpb.org.br\/index.php\/2025\/09\/01\/justica-decide-manter-arquivado-inquerito-sobre-desaparecimento-de-ana-sophia\/","title":{"rendered":"Justi\u00e7a decide manter arquivado inqu\u00e9rito sobre desaparecimento de Ana Sophia"},"content":{"rendered":"<p><img width=\"984\" height=\"751\" src=\"https:\/\/www.pbagora.com.br\/storage\/2025\/09\/ANA.avif\" class=\"attachment-large size-large wp-post-image\" alt=\"\" style=\"margin-bottom: 20px;\" decoding=\"async\" loading=\"lazy\" srcset=\"https:\/\/www.pbagora.com.br\/storage\/2025\/09\/ANA.avif 984w, https:\/\/www.pbagora.com.br\/storage\/2025\/09\/ANA-300x229.avif 300w, https:\/\/www.pbagora.com.br\/storage\/2025\/09\/ANA-150x114.avif 150w, https:\/\/www.pbagora.com.br\/storage\/2025\/09\/ANA-768x586.avif 768w, https:\/\/www.pbagora.com.br\/storage\/2025\/09\/ANA-380x290.avif 380w, https:\/\/www.pbagora.com.br\/storage\/2025\/09\/ANA-800x611.avif 800w, https:\/\/www.pbagora.com.br\/storage\/2025\/09\/ANA-80x60.avif 80w, https:\/\/www.pbagora.com.br\/storage\/2025\/09\/ANA-760x580.avif 760w, https:\/\/www.pbagora.com.br\/storage\/2025\/09\/ANA-600x458.avif 600w\" sizes=\"auto, (max-width: 984px) 100vw, 984px\" \/><\/p>\n<p><\/p>\n\n\n\n<p>A Justi\u00e7a da Para\u00edba decidiu retirar o sigilo do processo e manter o arquivamento do inqu\u00e9rito policial que investigou o desaparecimento de Ana Sophia Gomes dos Santos, de 8 anos, registrado em 4 de julho de 2023, no Distrito de Roma, zona rural de&nbsp;Bananeiras.<\/p>\n\n\n\n<p>O caso voltou a ser analisado ap\u00f3s os pais da menina solicitarem, em maio deste ano, a reabertura da investiga\u00e7\u00e3o. A decis\u00e3o foi assinado em 23 de julho deste ano, mas o arquivamento definitivo s\u00f3 ocorreu em 22 de agosto.<\/p>\n\n\n\n<p>Segundo a decis\u00e3o, tanto a Pol\u00edcia Civil quanto o Minist\u00e9rio P\u00fablico da Para\u00edba (MPPB) conclu\u00edram que Tiago Fontes Silva da Rocha foi o respons\u00e1vel pelo crime. Ele retirou a pr\u00f3pria vida durante as investiga\u00e7\u00f5es, e exames periciais confirmaram sua identidade, o que levou \u00e0 extin\u00e7\u00e3o da punibilidade.<\/p>\n\n\n\n<p>O Minist\u00e9rio P\u00fablico defendeu a manuten\u00e7\u00e3o do arquivamento, argumentando que os elementos apresentados n\u00e3o se tratavam de provas novas, mas apenas de \u201creinterpreta\u00e7\u00f5es de evid\u00eancias j\u00e1 analisadas e descartadas\u201d. A institui\u00e7\u00e3o tamb\u00e9m solicitou a retirada do sigilo do processo.<\/p>\n\n\n\n<p>Na decis\u00e3o, a Justi\u00e7a destacou que o pedido dos familiares para reabertura das investiga\u00e7\u00f5es foi feito quase sete meses ap\u00f3s a m\u00e3e ter ci\u00eancia do arquivamento e tamb\u00e9m considerou que os argumentos apresentados n\u00e3o configuravam provas novas.<\/p>\n\n\n\n<p>Segundo as investiga\u00e7\u00f5es, Ana Sophia saiu de casa por volta das 12h e foi at\u00e9 a casa de uma amiga. No entanto, ao chegar l\u00e1, a menina n\u00e3o estava em casa, ent\u00e3o ela voltou.<\/p>\n\n\n\n<p>Por volta das 12h36, uma c\u00e2mera de seguran\u00e7a filmou Ana Sophia passando na cal\u00e7ada de um mercadinho. Cerca de 150 metros adiante, um vulto foi visto entrando numa casa. Segundo an\u00e1lise da per\u00edcia, as medidas batem com a da crian\u00e7a, e o local coincidia com a entrada da casa de Tiago Fontes. Esses foram os \u00faltimos registros dela em vida.<\/p>\n\n\n\n<p><em><strong>Reda\u00e7\u00e3o<\/strong><\/em><\/p>\n","protected":false},"excerpt":{"rendered":"<p><img decoding=\"async\" width=\"984\" height=\"751\" src=\"https:\/\/www.pbagora.com.br\/storage\/2025\/09\/ANA.avif\" class=\"attachment-large size-large wp-post-image\" alt=\"\" loading=\"lazy\" srcset=\"https:\/\/www.pbagora.com.br\/storage\/2025\/09\/ANA.avif 984w, https:\/\/www.pbagora.com.br\/storage\/2025\/09\/ANA-300x229.avif 300w, https:\/\/www.pbagora.com.br\/storage\/2025\/09\/ANA-150x114.avif 150w, https:\/\/www.pbagora.com.br\/storage\/2025\/09\/ANA-768x586.avif 768w, https:\/\/www.pbagora.com.br\/storage\/2025\/09\/ANA-380x290.avif 380w, https:\/\/www.pbagora.com.br\/storage\/2025\/09\/ANA-800x611.avif 800w, https:\/\/www.pbagora.com.br\/storage\/2025\/09\/ANA-80x60.avif 80w, https:\/\/www.pbagora.com.br\/storage\/2025\/09\/ANA-760x580.avif 760w, https:\/\/www.pbagora.com.br\/storage\/2025\/09\/ANA-600x458.avif 600w\" sizes=\"auto, (max-width: 984px) 100vw, 984px\"><\/p>\n<p>A Justi\u00e7a da Para\u00edba decidiu retirar o sigilo do processo e manter o arquivamento do inqu\u00e9rito policial que\u2026<\/p>\n","protected":false},"author":123457,"featured_media":0,"comment_status":"closed","ping_status":"closed","sticky":false,"template":"","format":"standard","meta":{"advgb_blocks_editor_width":"","advgb_blocks_columns_visual_guide":"","footnotes":""},"categories":[34],"tags":[10852,35,10839],"class_list":["post-60531","post","type-post","status-publish","format-standard","hentry","category-g1","tag-destaque-final-01","tag-g1","tag-policial"],"author_meta":{"display_name":"Reda\u00e7\u00e3o","author_link":"https:\/\/sindaopcpb.org.br\/author\/redacao\/"},"featured_img":null,"coauthors":[],"tax_additional":{"categories":{"linked":["<a href=\"https:\/\/sindaopcpb.org.br\/g1\/\" class=\"advgb-post-tax-term\">G1<\/a>"],"unlinked":["<span class=\"advgb-post-tax-term\">G1<\/span>"]},"tags":{"linked":["<a href=\"https:\/\/sindaopcpb.org.br\/g1\/\" class=\"advgb-post-tax-term\">Destaque Final 01<\/a>","<a href=\"https:\/\/sindaopcpb.org.br\/g1\/\" class=\"advgb-post-tax-term\">g1<\/a>","<a href=\"https:\/\/sindaopcpb.org.br\/g1\/\" class=\"advgb-post-tax-term\">Policial<\/a>"],"unlinked":["<span class=\"advgb-post-tax-term\">Destaque Final 01<\/span>","<span class=\"advgb-post-tax-term\">g1<\/span>","<span class=\"advgb-post-tax-term\">Policial<\/span>"]}},"comment_count":"0","relative_dates":{"created":"Publicado 8 meses atr\u00e1s","modified":"Atualizado 8 meses atr\u00e1s"},"absolute_dates":{"created":"Publicado em 1 de setembro de 2025","modified":"Atualizado em 1 de setembro de 2025"},"absolute_dates_time":{"created":"Publicado em 1 de setembro de 2025 14:11","modified":"Atualizado em 1 de setembro de 2025 14:11"},"featured_img_caption":"","series_order":"","_links":{"self":[{"href":"https:\/\/sindaopcpb.org.br\/index.php\/wp-json\/wp\/v2\/posts\/60531","targetHints":{"allow":["GET"]}}],"collection":[{"href":"https:\/\/sindaopcpb.org.br\/index.php\/wp-json\/wp\/v2\/posts"}],"about":[{"href":"https:\/\/sindaopcpb.org.br\/index.php\/wp-json\/wp\/v2\/types\/post"}],"author":[{"embeddable":true,"href":"https:\/\/sindaopcpb.org.br\/index.php\/wp-json\/wp\/v2\/users\/123457"}],"replies":[{"embeddable":true,"href":"https:\/\/sindaopcpb.org.br\/index.php\/wp-json\/wp\/v2\/comments?post=60531"}],"version-history":[{"count":1,"href":"https:\/\/sindaopcpb.org.br\/index.php\/wp-json\/wp\/v2\/posts\/60531\/revisions"}],"predecessor-version":[{"id":60532,"href":"https:\/\/sindaopcpb.org.br\/index.php\/wp-json\/wp\/v2\/posts\/60531\/revisions\/60532"}],"wp:attachment":[{"href":"https:\/\/sindaopcpb.org.br\/index.php\/wp-json\/wp\/v2\/media?parent=60531"}],"wp:term":[{"taxonomy":"category","embeddable":true,"href":"https:\/\/sindaopcpb.org.br\/index.php\/wp-json\/wp\/v2\/categories?post=60531"},{"taxonomy":"post_tag","embeddable":true,"href":"https:\/\/sindaopcpb.org.br\/index.php\/wp-json\/wp\/v2\/tags?post=60531"}],"curies":[{"name":"wp","href":"https:\/\/api.w.org\/{rel}","templated":true}]}}