{"id":60528,"date":"2025-09-01T16:00:27","date_gmt":"2025-09-01T19:00:27","guid":{"rendered":"https:\/\/www.pbagora.com.br\/?p=914960"},"modified":"2025-09-01T16:00:27","modified_gmt":"2025-09-01T19:00:27","slug":"cao-vitima-de-disparo-de-arma-de-fogo-e-resgatado-em-mandacaru-na-capital","status":"publish","type":"post","link":"https:\/\/sindaopcpb.org.br\/index.php\/2025\/09\/01\/cao-vitima-de-disparo-de-arma-de-fogo-e-resgatado-em-mandacaru-na-capital\/","title":{"rendered":"C\u00e3o v\u00edtima de disparo de arma de fogo \u00e9 resgatado em Mandacaru, na Capital"},"content":{"rendered":"<p><img width=\"1024\" height=\"911\" src=\"https:\/\/www.pbagora.com.br\/storage\/2025\/09\/cachorro-ferido-1024x911.jpeg\" class=\"attachment-large size-large wp-post-image\" alt=\"\" style=\"margin-bottom: 20px;\" decoding=\"async\" loading=\"lazy\" srcset=\"https:\/\/www.pbagora.com.br\/storage\/2025\/09\/cachorro-ferido-1024x911.jpeg 1024w, https:\/\/www.pbagora.com.br\/storage\/2025\/09\/cachorro-ferido-300x267.jpeg 300w, https:\/\/www.pbagora.com.br\/storage\/2025\/09\/cachorro-ferido-150x134.jpeg 150w, https:\/\/www.pbagora.com.br\/storage\/2025\/09\/cachorro-ferido-768x684.jpeg 768w, https:\/\/www.pbagora.com.br\/storage\/2025\/09\/cachorro-ferido-380x338.jpeg 380w, https:\/\/www.pbagora.com.br\/storage\/2025\/09\/cachorro-ferido-800x712.jpeg 800w, https:\/\/www.pbagora.com.br\/storage\/2025\/09\/cachorro-ferido-1160x1032.jpeg 1160w, https:\/\/www.pbagora.com.br\/storage\/2025\/09\/cachorro-ferido-80x71.jpeg 80w, https:\/\/www.pbagora.com.br\/storage\/2025\/09\/cachorro-ferido-760x676.jpeg 760w, https:\/\/www.pbagora.com.br\/storage\/2025\/09\/cachorro-ferido-600x534.jpeg 600w, https:\/\/www.pbagora.com.br\/storage\/2025\/09\/cachorro-ferido.jpeg 1200w\" sizes=\"auto, (max-width: 1024px) 100vw, 1024px\" \/><\/p>\n<p>A Secretaria de Cuidado e Prote\u00e7\u00e3o Animal de Jo\u00e3o Pessoa (Secupa) realizou, na manh\u00e3 desta segunda-feira (1\u00b0), o resgate de um c\u00e3o que foi atingido por um disparo de arma de fogo no bairro de Mandacaru. O cachorro, um macho sem ra\u00e7a definida (SRD), foi transportado com urg\u00eancia para o Hospital P\u00fablico Veterin\u00e1rio.<\/p>\n\n\n\n<p>De acordo com relatos de moradores da regi\u00e3o, os autores do crime, que estavam em uma motocicleta ainda n\u00e3o identificada, efetuaram os tiros contra um grupo de jovens e o animal, que passava no momento, foi ferido na pata. Imediatamente acionada por uma den\u00fancia registrada no aplicativo \u2018Jo\u00e3o Pessoa na Palma da M\u00e3o\u2019, uma equipe da Secupa deslocou-se at\u00e9 o local para prestar os primeiros socorros ao animal e fazer o resgate.<\/p>\n\n\n\n<p>O secret\u00e1rio de Cuidado e Prote\u00e7\u00e3o Animal, Guga PET, acompanhou o resgate e a chegada do animal ao hospital. \u201cRecebemos a den\u00fancia atrav\u00e9s do APP e imediatamente deslocamos nossa equipe para salvar o animal. Ap\u00f3s o resgate, o trouxemos ao Hospital do Pet, onde ele passar\u00e1 por todos os procedimentos cab\u00edveis\u201d, explicou.<\/p>\n\n\n\n<p>Os exames iniciais diagnosticaram uma fratura completa do \u00famero (osso da pata dianteira), com o proj\u00e9til ainda alojado na regi\u00e3o. O c\u00e3o passou por procedimentos m\u00e9dicos de emerg\u00eancia e continua internado, em observa\u00e7\u00e3o. Novos exames est\u00e3o sendo realizados para definir a sequ\u00eancia do tratamento e a melhor conduta para a recupera\u00e7\u00e3o do animal.<\/p>\n\n\n\n<p>A Secupa tamb\u00e9m j\u00e1 iniciou um levantamento de informa\u00e7\u00f5es para tentar identificar os respons\u00e1veis pelo crime. Todo o material coletado ser\u00e1 compilado em um relat\u00f3rio e encaminhado \u00e0 Pol\u00edcia Civil para a instaura\u00e7\u00e3o de um inqu\u00e9rito policial.<\/p>\n\n\n\n<p><\/p>\n\n\n\n<p><strong><em>PB Agora<\/em><\/strong><\/p>\n","protected":false},"excerpt":{"rendered":"<p><img loading=\"lazy\" decoding=\"async\" width=\"1024\" height=\"911\" src=\"https:\/\/www.pbagora.com.br\/storage\/2025\/09\/cachorro-ferido-1024x911.jpeg\" class=\"attachment-large size-large wp-post-image\" alt=\"\" srcset=\"https:\/\/www.pbagora.com.br\/storage\/2025\/09\/cachorro-ferido-1024x911.jpeg 1024w, https:\/\/www.pbagora.com.br\/storage\/2025\/09\/cachorro-ferido-300x267.jpeg 300w, https:\/\/www.pbagora.com.br\/storage\/2025\/09\/cachorro-ferido-150x134.jpeg 150w, https:\/\/www.pbagora.com.br\/storage\/2025\/09\/cachorro-ferido-768x684.jpeg 768w, https:\/\/www.pbagora.com.br\/storage\/2025\/09\/cachorro-ferido-380x338.jpeg 380w, https:\/\/www.pbagora.com.br\/storage\/2025\/09\/cachorro-ferido-800x712.jpeg 800w, https:\/\/www.pbagora.com.br\/storage\/2025\/09\/cachorro-ferido-1160x1032.jpeg 1160w, https:\/\/www.pbagora.com.br\/storage\/2025\/09\/cachorro-ferido-80x71.jpeg 80w, https:\/\/www.pbagora.com.br\/storage\/2025\/09\/cachorro-ferido-760x676.jpeg 760w, https:\/\/www.pbagora.com.br\/storage\/2025\/09\/cachorro-ferido-600x534.jpeg 600w, https:\/\/www.pbagora.com.br\/storage\/2025\/09\/cachorro-ferido.jpeg 1200w\" sizes=\"auto, (max-width: 1024px) 100vw, 1024px\"><\/p>\n<p>A Secretaria de Cuidado e Prote\u00e7\u00e3o Animal de Jo\u00e3o Pessoa (Secupa) realizou, na manh\u00e3 desta segunda-feira (1\u00b0), o\u2026<\/p>\n","protected":false},"author":123457,"featured_media":0,"comment_status":"closed","ping_status":"closed","sticky":false,"template":"","format":"standard","meta":{"advgb_blocks_editor_width":"","advgb_blocks_columns_visual_guide":"","footnotes":""},"categories":[34],"tags":[35,10839],"class_list":["post-60528","post","type-post","status-publish","format-standard","hentry","category-g1","tag-g1","tag-policial"],"author_meta":{"display_name":"Reda\u00e7\u00e3o","author_link":"https:\/\/sindaopcpb.org.br\/author\/redacao\/"},"featured_img":null,"coauthors":[],"tax_additional":{"categories":{"linked":["<a href=\"https:\/\/sindaopcpb.org.br\/g1\/\" class=\"advgb-post-tax-term\">G1<\/a>"],"unlinked":["<span class=\"advgb-post-tax-term\">G1<\/span>"]},"tags":{"linked":["<a href=\"https:\/\/sindaopcpb.org.br\/g1\/\" class=\"advgb-post-tax-term\">g1<\/a>","<a href=\"https:\/\/sindaopcpb.org.br\/g1\/\" class=\"advgb-post-tax-term\">Policial<\/a>"],"unlinked":["<span class=\"advgb-post-tax-term\">g1<\/span>","<span class=\"advgb-post-tax-term\">Policial<\/span>"]}},"comment_count":"0","relative_dates":{"created":"Publicado 8 meses atr\u00e1s","modified":"Atualizado 8 meses atr\u00e1s"},"absolute_dates":{"created":"Publicado em 1 de setembro de 2025","modified":"Atualizado em 1 de setembro de 2025"},"absolute_dates_time":{"created":"Publicado em 1 de setembro de 2025 16:00","modified":"Atualizado em 1 de setembro de 2025 16:00"},"featured_img_caption":"","series_order":"","_links":{"self":[{"href":"https:\/\/sindaopcpb.org.br\/index.php\/wp-json\/wp\/v2\/posts\/60528","targetHints":{"allow":["GET"]}}],"collection":[{"href":"https:\/\/sindaopcpb.org.br\/index.php\/wp-json\/wp\/v2\/posts"}],"about":[{"href":"https:\/\/sindaopcpb.org.br\/index.php\/wp-json\/wp\/v2\/types\/post"}],"author":[{"embeddable":true,"href":"https:\/\/sindaopcpb.org.br\/index.php\/wp-json\/wp\/v2\/users\/123457"}],"replies":[{"embeddable":true,"href":"https:\/\/sindaopcpb.org.br\/index.php\/wp-json\/wp\/v2\/comments?post=60528"}],"version-history":[{"count":2,"href":"https:\/\/sindaopcpb.org.br\/index.php\/wp-json\/wp\/v2\/posts\/60528\/revisions"}],"predecessor-version":[{"id":60536,"href":"https:\/\/sindaopcpb.org.br\/index.php\/wp-json\/wp\/v2\/posts\/60528\/revisions\/60536"}],"wp:attachment":[{"href":"https:\/\/sindaopcpb.org.br\/index.php\/wp-json\/wp\/v2\/media?parent=60528"}],"wp:term":[{"taxonomy":"category","embeddable":true,"href":"https:\/\/sindaopcpb.org.br\/index.php\/wp-json\/wp\/v2\/categories?post=60528"},{"taxonomy":"post_tag","embeddable":true,"href":"https:\/\/sindaopcpb.org.br\/index.php\/wp-json\/wp\/v2\/tags?post=60528"}],"curies":[{"name":"wp","href":"https:\/\/api.w.org\/{rel}","templated":true}]}}