{"id":60523,"date":"2025-09-01T18:00:43","date_gmt":"2025-09-01T21:00:43","guid":{"rendered":"https:\/\/www.pbagora.com.br\/?p=914981"},"modified":"2025-09-01T18:00:43","modified_gmt":"2025-09-01T21:00:43","slug":"grupo-rouba-van-escolar-sequestra-casal-e-troca-tiros-em-bairro-da-zona-sul-de-joao-pessoa","status":"publish","type":"post","link":"https:\/\/sindaopcpb.org.br\/index.php\/2025\/09\/01\/grupo-rouba-van-escolar-sequestra-casal-e-troca-tiros-em-bairro-da-zona-sul-de-joao-pessoa\/","title":{"rendered":"Grupo rouba van escolar, sequestra casal e troca tiros em bairro da Zona Sul de Jo\u00e3o Pessoa"},"content":{"rendered":"<p><img width=\"788\" height=\"457\" src=\"https:\/\/www.pbagora.com.br\/storage\/2025\/09\/van-assalto.jpeg\" class=\"attachment-large size-large wp-post-image\" alt=\"\" style=\"margin-bottom: 20px;\" decoding=\"async\" srcset=\"https:\/\/www.pbagora.com.br\/storage\/2025\/09\/van-assalto.jpeg 788w, https:\/\/www.pbagora.com.br\/storage\/2025\/09\/van-assalto-300x174.jpeg 300w, https:\/\/www.pbagora.com.br\/storage\/2025\/09\/van-assalto-150x87.jpeg 150w, https:\/\/www.pbagora.com.br\/storage\/2025\/09\/van-assalto-768x445.jpeg 768w, https:\/\/www.pbagora.com.br\/storage\/2025\/09\/van-assalto-380x220.jpeg 380w, https:\/\/www.pbagora.com.br\/storage\/2025\/09\/van-assalto-80x46.jpeg 80w, https:\/\/www.pbagora.com.br\/storage\/2025\/09\/van-assalto-760x441.jpeg 760w, https:\/\/www.pbagora.com.br\/storage\/2025\/09\/van-assalto-600x348.jpeg 600w\" sizes=\"(max-width: 788px) 100vw, 788px\" \/><\/p>\n<p>Na tarde desta segunda-feira (1\u00ba), um casal viveu momentos de p\u00e2nico na Zona Sul de Jo\u00e3o Pessoa. O homem e a mulher possuem uma van escolar e no momento em que paravam para o embarque de estudantes, foram abordados por um grupo de homens armado.<\/p>\n\n\n\n<p>No bairro do Valentina, os homens for\u00e7aram o casal a entrar na van e logo em seguida se  dirigiram ao bairro do Colinas do Sul, onde teriam trocado tiros com rivais.<\/p>\n\n\n\n<p>Ap\u00f3s o tiroteio, o grupo desembarcou do ve\u00edculo no bairro do Geisel. O homem e a mulher n\u00e3o se feriram. <\/p>\n\n\n\n<p>De acordo com a pol\u00edcia, v\u00e1rias capsulas foram encontradas na parte interna da van, o que indica que os homens usaram o veiculo para entrar na comunidade sem levantar suspeita e efetuar disparos contra outras pessoas.<\/p>\n\n\n\n<p>A pol\u00edcia tamb\u00e9m n\u00e3o tomou conhecimento de que alguma pessoa tenha se ferido durante o ataque a tiros.<\/p>\n\n\n\n<p>O casal foi at\u00e9 a delegacia para prestar depoimento. Ningu\u00e9m foi preso.<\/p>\n\n\n\n<p><\/p>\n\n\n\n<p><strong><em>PB Agora<\/em><\/strong><\/p>\n","protected":false},"excerpt":{"rendered":"<p><img loading=\"lazy\" decoding=\"async\" width=\"788\" height=\"457\" src=\"https:\/\/www.pbagora.com.br\/storage\/2025\/09\/van-assalto.jpeg\" class=\"attachment-large size-large wp-post-image\" alt=\"\" srcset=\"https:\/\/www.pbagora.com.br\/storage\/2025\/09\/van-assalto.jpeg 788w, https:\/\/www.pbagora.com.br\/storage\/2025\/09\/van-assalto-300x174.jpeg 300w, https:\/\/www.pbagora.com.br\/storage\/2025\/09\/van-assalto-150x87.jpeg 150w, https:\/\/www.pbagora.com.br\/storage\/2025\/09\/van-assalto-768x445.jpeg 768w, https:\/\/www.pbagora.com.br\/storage\/2025\/09\/van-assalto-380x220.jpeg 380w, https:\/\/www.pbagora.com.br\/storage\/2025\/09\/van-assalto-80x46.jpeg 80w, https:\/\/www.pbagora.com.br\/storage\/2025\/09\/van-assalto-760x441.jpeg 760w, https:\/\/www.pbagora.com.br\/storage\/2025\/09\/van-assalto-600x348.jpeg 600w\" sizes=\"auto, (max-width: 788px) 100vw, 788px\"><\/p>\n<p>Na tarde desta segunda-feira (1\u00ba), um casal viveu momentos de p\u00e2nico na Zona Sul de Jo\u00e3o Pessoa. O\u2026<\/p>\n","protected":false},"author":123457,"featured_media":0,"comment_status":"closed","ping_status":"closed","sticky":false,"template":"","format":"standard","meta":{"advgb_blocks_editor_width":"","advgb_blocks_columns_visual_guide":"","footnotes":""},"categories":[34],"tags":[10845,35,10839],"class_list":["post-60523","post","type-post","status-publish","format-standard","hentry","category-g1","tag-destaque-centro-01","tag-g1","tag-policial"],"author_meta":{"display_name":"Reda\u00e7\u00e3o","author_link":"https:\/\/sindaopcpb.org.br\/author\/redacao\/"},"featured_img":null,"coauthors":[],"tax_additional":{"categories":{"linked":["<a href=\"https:\/\/sindaopcpb.org.br\/g1\/\" class=\"advgb-post-tax-term\">G1<\/a>"],"unlinked":["<span class=\"advgb-post-tax-term\">G1<\/span>"]},"tags":{"linked":["<a href=\"https:\/\/sindaopcpb.org.br\/g1\/\" class=\"advgb-post-tax-term\">Destaque Centro 01<\/a>","<a href=\"https:\/\/sindaopcpb.org.br\/g1\/\" class=\"advgb-post-tax-term\">g1<\/a>","<a href=\"https:\/\/sindaopcpb.org.br\/g1\/\" class=\"advgb-post-tax-term\">Policial<\/a>"],"unlinked":["<span class=\"advgb-post-tax-term\">Destaque Centro 01<\/span>","<span class=\"advgb-post-tax-term\">g1<\/span>","<span class=\"advgb-post-tax-term\">Policial<\/span>"]}},"comment_count":"0","relative_dates":{"created":"Publicado 8 meses atr\u00e1s","modified":"Atualizado 8 meses atr\u00e1s"},"absolute_dates":{"created":"Publicado em 1 de setembro de 2025","modified":"Atualizado em 1 de setembro de 2025"},"absolute_dates_time":{"created":"Publicado em 1 de setembro de 2025 18:00","modified":"Atualizado em 1 de setembro de 2025 18:00"},"featured_img_caption":"","series_order":"","_links":{"self":[{"href":"https:\/\/sindaopcpb.org.br\/index.php\/wp-json\/wp\/v2\/posts\/60523","targetHints":{"allow":["GET"]}}],"collection":[{"href":"https:\/\/sindaopcpb.org.br\/index.php\/wp-json\/wp\/v2\/posts"}],"about":[{"href":"https:\/\/sindaopcpb.org.br\/index.php\/wp-json\/wp\/v2\/types\/post"}],"author":[{"embeddable":true,"href":"https:\/\/sindaopcpb.org.br\/index.php\/wp-json\/wp\/v2\/users\/123457"}],"replies":[{"embeddable":true,"href":"https:\/\/sindaopcpb.org.br\/index.php\/wp-json\/wp\/v2\/comments?post=60523"}],"version-history":[{"count":3,"href":"https:\/\/sindaopcpb.org.br\/index.php\/wp-json\/wp\/v2\/posts\/60523\/revisions"}],"predecessor-version":[{"id":60540,"href":"https:\/\/sindaopcpb.org.br\/index.php\/wp-json\/wp\/v2\/posts\/60523\/revisions\/60540"}],"wp:attachment":[{"href":"https:\/\/sindaopcpb.org.br\/index.php\/wp-json\/wp\/v2\/media?parent=60523"}],"wp:term":[{"taxonomy":"category","embeddable":true,"href":"https:\/\/sindaopcpb.org.br\/index.php\/wp-json\/wp\/v2\/categories?post=60523"},{"taxonomy":"post_tag","embeddable":true,"href":"https:\/\/sindaopcpb.org.br\/index.php\/wp-json\/wp\/v2\/tags?post=60523"}],"curies":[{"name":"wp","href":"https:\/\/api.w.org\/{rel}","templated":true}]}}