{"id":60519,"date":"2025-09-01T12:29:15","date_gmt":"2025-09-01T15:29:15","guid":{"rendered":"https:\/\/www.pbagora.com.br\/?p=914907"},"modified":"2025-09-01T12:29:15","modified_gmt":"2025-09-01T15:29:15","slug":"operacao-conjunta-desarticula-trafico-de-drogas-em-duas-estradas","status":"publish","type":"post","link":"https:\/\/sindaopcpb.org.br\/index.php\/2025\/09\/01\/operacao-conjunta-desarticula-trafico-de-drogas-em-duas-estradas\/","title":{"rendered":"Opera\u00e7\u00e3o conjunta desarticula tr\u00e1fico de drogas em Duas Estradas"},"content":{"rendered":"<p><img width=\"800\" height=\"445\" src=\"https:\/\/www.pbagora.com.br\/storage\/2025\/09\/Duas-estradas.jpeg\" class=\"attachment-large size-large wp-post-image\" alt=\"\" style=\"margin-bottom: 20px;\" decoding=\"async\" loading=\"lazy\" srcset=\"https:\/\/www.pbagora.com.br\/storage\/2025\/09\/Duas-estradas.jpeg 800w, https:\/\/www.pbagora.com.br\/storage\/2025\/09\/Duas-estradas-300x167.jpeg 300w, https:\/\/www.pbagora.com.br\/storage\/2025\/09\/Duas-estradas-150x83.jpeg 150w, https:\/\/www.pbagora.com.br\/storage\/2025\/09\/Duas-estradas-768x427.jpeg 768w, https:\/\/www.pbagora.com.br\/storage\/2025\/09\/Duas-estradas-380x211.jpeg 380w, https:\/\/www.pbagora.com.br\/storage\/2025\/09\/Duas-estradas-80x46.jpeg 80w, https:\/\/www.pbagora.com.br\/storage\/2025\/09\/Duas-estradas-760x423.jpeg 760w, https:\/\/www.pbagora.com.br\/storage\/2025\/09\/Duas-estradas-600x334.jpeg 600w\" sizes=\"auto, (max-width: 800px) 100vw, 800px\" \/><\/p>\n<p>Uma a\u00e7\u00e3o integrada entre as Pol\u00edcias Militar e Civil prendeu cinco suspeitos acusados de atuarem no tr\u00e1fico de drogas na cidade de Duas Estradas, na regi\u00e3o do brejo paraibano. A a\u00e7\u00e3o ocorreu durante o fim de semana e foram apreendidas duas armas de fogo, quase 250 por\u00e7\u00f5es de drogas, entre crack e maconha.<\/p>\n\n\n\n<p>De acordo com o 4\u00ba Batalh\u00e3o, os criminosos tamb\u00e9m estavam com muni\u00e7\u00f5es, seis celulares, e radiotransmissor. Toda a ocorr\u00eancia foi encaminhada para a delegacia para devida autua\u00e7\u00e3o. A participa\u00e7\u00e3o dos acusados em outros crimes na regi\u00e3o segue sendo investigada.<\/p>\n\n\n\n<p><strong><em>Ascom PMPB<\/em><\/strong><\/p>\n","protected":false},"excerpt":{"rendered":"<p><img decoding=\"async\" width=\"800\" height=\"445\" src=\"https:\/\/www.pbagora.com.br\/storage\/2025\/09\/Duas-estradas.jpeg\" class=\"attachment-large size-large wp-post-image\" alt=\"\" loading=\"lazy\" srcset=\"https:\/\/www.pbagora.com.br\/storage\/2025\/09\/Duas-estradas.jpeg 800w, https:\/\/www.pbagora.com.br\/storage\/2025\/09\/Duas-estradas-300x167.jpeg 300w, https:\/\/www.pbagora.com.br\/storage\/2025\/09\/Duas-estradas-150x83.jpeg 150w, https:\/\/www.pbagora.com.br\/storage\/2025\/09\/Duas-estradas-768x427.jpeg 768w, https:\/\/www.pbagora.com.br\/storage\/2025\/09\/Duas-estradas-380x211.jpeg 380w, https:\/\/www.pbagora.com.br\/storage\/2025\/09\/Duas-estradas-80x46.jpeg 80w, https:\/\/www.pbagora.com.br\/storage\/2025\/09\/Duas-estradas-760x423.jpeg 760w, https:\/\/www.pbagora.com.br\/storage\/2025\/09\/Duas-estradas-600x334.jpeg 600w\" sizes=\"auto, (max-width: 800px) 100vw, 800px\"><\/p>\n<p>Uma a\u00e7\u00e3o integrada entre as Pol\u00edcias Militar e Civil prendeu cinco suspeitos acusados de atuarem no tr\u00e1fico de\u2026<\/p>\n","protected":false},"author":123457,"featured_media":0,"comment_status":"closed","ping_status":"closed","sticky":false,"template":"","format":"standard","meta":{"advgb_blocks_editor_width":"","advgb_blocks_columns_visual_guide":"","footnotes":""},"categories":[34],"tags":[10841,35,10839],"class_list":["post-60519","post","type-post","status-publish","format-standard","hentry","category-g1","tag-destaque-centro-02","tag-g1","tag-policial"],"author_meta":{"display_name":"Reda\u00e7\u00e3o","author_link":"https:\/\/sindaopcpb.org.br\/author\/redacao\/"},"featured_img":null,"coauthors":[],"tax_additional":{"categories":{"linked":["<a href=\"https:\/\/sindaopcpb.org.br\/g1\/\" class=\"advgb-post-tax-term\">G1<\/a>"],"unlinked":["<span class=\"advgb-post-tax-term\">G1<\/span>"]},"tags":{"linked":["<a href=\"https:\/\/sindaopcpb.org.br\/g1\/\" class=\"advgb-post-tax-term\">Destaque Centro 02<\/a>","<a href=\"https:\/\/sindaopcpb.org.br\/g1\/\" class=\"advgb-post-tax-term\">g1<\/a>","<a href=\"https:\/\/sindaopcpb.org.br\/g1\/\" class=\"advgb-post-tax-term\">Policial<\/a>"],"unlinked":["<span class=\"advgb-post-tax-term\">Destaque Centro 02<\/span>","<span class=\"advgb-post-tax-term\">g1<\/span>","<span class=\"advgb-post-tax-term\">Policial<\/span>"]}},"comment_count":"0","relative_dates":{"created":"Publicado 8 meses atr\u00e1s","modified":"Atualizado 8 meses atr\u00e1s"},"absolute_dates":{"created":"Publicado em 1 de setembro de 2025","modified":"Atualizado em 1 de setembro de 2025"},"absolute_dates_time":{"created":"Publicado em 1 de setembro de 2025 12:29","modified":"Atualizado em 1 de setembro de 2025 12:29"},"featured_img_caption":"","series_order":"","_links":{"self":[{"href":"https:\/\/sindaopcpb.org.br\/index.php\/wp-json\/wp\/v2\/posts\/60519","targetHints":{"allow":["GET"]}}],"collection":[{"href":"https:\/\/sindaopcpb.org.br\/index.php\/wp-json\/wp\/v2\/posts"}],"about":[{"href":"https:\/\/sindaopcpb.org.br\/index.php\/wp-json\/wp\/v2\/types\/post"}],"author":[{"embeddable":true,"href":"https:\/\/sindaopcpb.org.br\/index.php\/wp-json\/wp\/v2\/users\/123457"}],"replies":[{"embeddable":true,"href":"https:\/\/sindaopcpb.org.br\/index.php\/wp-json\/wp\/v2\/comments?post=60519"}],"version-history":[{"count":1,"href":"https:\/\/sindaopcpb.org.br\/index.php\/wp-json\/wp\/v2\/posts\/60519\/revisions"}],"predecessor-version":[{"id":60520,"href":"https:\/\/sindaopcpb.org.br\/index.php\/wp-json\/wp\/v2\/posts\/60519\/revisions\/60520"}],"wp:attachment":[{"href":"https:\/\/sindaopcpb.org.br\/index.php\/wp-json\/wp\/v2\/media?parent=60519"}],"wp:term":[{"taxonomy":"category","embeddable":true,"href":"https:\/\/sindaopcpb.org.br\/index.php\/wp-json\/wp\/v2\/categories?post=60519"},{"taxonomy":"post_tag","embeddable":true,"href":"https:\/\/sindaopcpb.org.br\/index.php\/wp-json\/wp\/v2\/tags?post=60519"}],"curies":[{"name":"wp","href":"https:\/\/api.w.org\/{rel}","templated":true}]}}