{"id":60516,"date":"2025-09-01T12:35:36","date_gmt":"2025-09-01T15:35:36","guid":{"rendered":"https:\/\/www.pbagora.com.br\/?p=914921"},"modified":"2025-09-01T15:55:36","modified_gmt":"2025-09-01T18:55:36","slug":"homem-que-ja-responde-processo-por-crimes-sexuais-contra-filha-e-enteada-e-preso-por-estuprar-outra-filha-em-cg","status":"publish","type":"post","link":"https:\/\/sindaopcpb.org.br\/index.php\/2025\/09\/01\/homem-que-ja-responde-processo-por-crimes-sexuais-contra-filha-e-enteada-e-preso-por-estuprar-outra-filha-em-cg\/","title":{"rendered":"Homem que j\u00e1 responde processo por crimes sexuais contra filha e enteada \u00e9 preso por estuprar outra filha, em CG"},"content":{"rendered":"<p><img width=\"900\" height=\"600\" src=\"https:\/\/www.pbagora.com.br\/storage\/2023\/09\/violencia-contra-a-mulher-bancodeimagens.jpg\" class=\"attachment-large size-large wp-post-image\" alt=\"\" style=\"margin-bottom: 20px;\" decoding=\"async\" srcset=\"https:\/\/www.pbagora.com.br\/storage\/2023\/09\/violencia-contra-a-mulher-bancodeimagens.jpg 900w, https:\/\/www.pbagora.com.br\/storage\/2023\/09\/violencia-contra-a-mulher-bancodeimagens-300x200.jpg 300w, https:\/\/www.pbagora.com.br\/storage\/2023\/09\/violencia-contra-a-mulher-bancodeimagens-150x100.jpg 150w, https:\/\/www.pbagora.com.br\/storage\/2023\/09\/violencia-contra-a-mulher-bancodeimagens-768x512.jpg 768w, https:\/\/www.pbagora.com.br\/storage\/2023\/09\/violencia-contra-a-mulher-bancodeimagens-380x253.jpg 380w, https:\/\/www.pbagora.com.br\/storage\/2023\/09\/violencia-contra-a-mulher-bancodeimagens-800x533.jpg 800w, https:\/\/www.pbagora.com.br\/storage\/2023\/09\/violencia-contra-a-mulher-bancodeimagens-80x53.jpg 80w, https:\/\/www.pbagora.com.br\/storage\/2023\/09\/violencia-contra-a-mulher-bancodeimagens-760x507.jpg 760w, https:\/\/www.pbagora.com.br\/storage\/2023\/09\/violencia-contra-a-mulher-bancodeimagens-600x400.jpg 600w\" sizes=\"(max-width: 900px) 100vw, 900px\" \/><\/p>\n<p>Nesta segunda-feira (1\u00ba) um homem foi preso suspeito de estuprar duas filhas, de seis e sete anos, e uma enteada, de 12 anos, em Campina Grande.<\/p>\n\n\n\n<p>De acordo com as informa\u00e7\u00f5es o homem tem 49 anos e as investiga\u00e7\u00f5es apontaram \u201cfortes ind\u00edcios da pr\u00e1tica criminosa, com base em depoimento especial da v\u00edtima, relatos testemunhais, laudo sexol\u00f3gico e reincid\u00eancia criminal em ambiente familiar\u201d.<\/p>\n\n\n\n<p>Esse caso \u00e9 da filha mais nova, mas ainda conforme a pol\u00edcia o suspeito j\u00e1 responde a processo por crimes sexuais registrados em 2023, cometidos contra outra filha, \u00e0 \u00e9poca com sete anos, e contra uma enteada de 12 anos, em procedimento ainda em tramita\u00e7\u00e3o na Comarca de Campina Grande.<\/p>\n\n\n\n<p>O homem foi localizado e preso em uma \u00e1rea rural do distrito de S\u00e3o Jos\u00e9 da Mata.<\/p>\n\n\n\n<p><strong><em>PB Agora<\/em><\/strong><\/p>\n","protected":false},"excerpt":{"rendered":"<p><img loading=\"lazy\" decoding=\"async\" width=\"900\" height=\"600\" src=\"https:\/\/www.pbagora.com.br\/storage\/2023\/09\/violencia-contra-a-mulher-bancodeimagens.jpg\" class=\"attachment-large size-large wp-post-image\" alt=\"\" srcset=\"https:\/\/www.pbagora.com.br\/storage\/2023\/09\/violencia-contra-a-mulher-bancodeimagens.jpg 900w, https:\/\/www.pbagora.com.br\/storage\/2023\/09\/violencia-contra-a-mulher-bancodeimagens-300x200.jpg 300w, https:\/\/www.pbagora.com.br\/storage\/2023\/09\/violencia-contra-a-mulher-bancodeimagens-150x100.jpg 150w, https:\/\/www.pbagora.com.br\/storage\/2023\/09\/violencia-contra-a-mulher-bancodeimagens-768x512.jpg 768w, https:\/\/www.pbagora.com.br\/storage\/2023\/09\/violencia-contra-a-mulher-bancodeimagens-380x253.jpg 380w, https:\/\/www.pbagora.com.br\/storage\/2023\/09\/violencia-contra-a-mulher-bancodeimagens-800x533.jpg 800w, https:\/\/www.pbagora.com.br\/storage\/2023\/09\/violencia-contra-a-mulher-bancodeimagens-80x53.jpg 80w, https:\/\/www.pbagora.com.br\/storage\/2023\/09\/violencia-contra-a-mulher-bancodeimagens-760x507.jpg 760w, https:\/\/www.pbagora.com.br\/storage\/2023\/09\/violencia-contra-a-mulher-bancodeimagens-600x400.jpg 600w\" sizes=\"auto, (max-width: 900px) 100vw, 900px\"><\/p>\n<p>Nesta segunda-feira (1\u00ba) um homem foi preso suspeito de estuprar duas filhas, de seis e sete anos, e\u2026<\/p>\n","protected":false},"author":123457,"featured_media":0,"comment_status":"closed","ping_status":"closed","sticky":false,"template":"","format":"standard","meta":{"advgb_blocks_editor_width":"","advgb_blocks_columns_visual_guide":"","footnotes":""},"categories":[34],"tags":[35,10839,10847],"class_list":["post-60516","post","type-post","status-publish","format-standard","hentry","category-g1","tag-g1","tag-policial","tag-rodape-03"],"author_meta":{"display_name":"Reda\u00e7\u00e3o","author_link":"https:\/\/sindaopcpb.org.br\/author\/redacao\/"},"featured_img":null,"coauthors":[],"tax_additional":{"categories":{"linked":["<a href=\"https:\/\/sindaopcpb.org.br\/g1\/\" class=\"advgb-post-tax-term\">G1<\/a>"],"unlinked":["<span class=\"advgb-post-tax-term\">G1<\/span>"]},"tags":{"linked":["<a href=\"https:\/\/sindaopcpb.org.br\/g1\/\" class=\"advgb-post-tax-term\">g1<\/a>","<a href=\"https:\/\/sindaopcpb.org.br\/g1\/\" class=\"advgb-post-tax-term\">Policial<\/a>","<a href=\"https:\/\/sindaopcpb.org.br\/g1\/\" class=\"advgb-post-tax-term\">Rodape 03<\/a>"],"unlinked":["<span class=\"advgb-post-tax-term\">g1<\/span>","<span class=\"advgb-post-tax-term\">Policial<\/span>","<span class=\"advgb-post-tax-term\">Rodape 03<\/span>"]}},"comment_count":"0","relative_dates":{"created":"Publicado 8 meses atr\u00e1s","modified":"Atualizado 8 meses atr\u00e1s"},"absolute_dates":{"created":"Publicado em 1 de setembro de 2025","modified":"Atualizado em 1 de setembro de 2025"},"absolute_dates_time":{"created":"Publicado em 1 de setembro de 2025 12:35","modified":"Atualizado em 1 de setembro de 2025 15:55"},"featured_img_caption":"","series_order":"","_links":{"self":[{"href":"https:\/\/sindaopcpb.org.br\/index.php\/wp-json\/wp\/v2\/posts\/60516","targetHints":{"allow":["GET"]}}],"collection":[{"href":"https:\/\/sindaopcpb.org.br\/index.php\/wp-json\/wp\/v2\/posts"}],"about":[{"href":"https:\/\/sindaopcpb.org.br\/index.php\/wp-json\/wp\/v2\/types\/post"}],"author":[{"embeddable":true,"href":"https:\/\/sindaopcpb.org.br\/index.php\/wp-json\/wp\/v2\/users\/123457"}],"replies":[{"embeddable":true,"href":"https:\/\/sindaopcpb.org.br\/index.php\/wp-json\/wp\/v2\/comments?post=60516"}],"version-history":[{"count":4,"href":"https:\/\/sindaopcpb.org.br\/index.php\/wp-json\/wp\/v2\/posts\/60516\/revisions"}],"predecessor-version":[{"id":60530,"href":"https:\/\/sindaopcpb.org.br\/index.php\/wp-json\/wp\/v2\/posts\/60516\/revisions\/60530"}],"wp:attachment":[{"href":"https:\/\/sindaopcpb.org.br\/index.php\/wp-json\/wp\/v2\/media?parent=60516"}],"wp:term":[{"taxonomy":"category","embeddable":true,"href":"https:\/\/sindaopcpb.org.br\/index.php\/wp-json\/wp\/v2\/categories?post=60516"},{"taxonomy":"post_tag","embeddable":true,"href":"https:\/\/sindaopcpb.org.br\/index.php\/wp-json\/wp\/v2\/tags?post=60516"}],"curies":[{"name":"wp","href":"https:\/\/api.w.org\/{rel}","templated":true}]}}