{"id":60510,"date":"2025-09-01T10:58:14","date_gmt":"2025-09-01T13:58:14","guid":{"rendered":"https:\/\/www.pbagora.com.br\/?p=914899"},"modified":"2025-09-01T10:58:14","modified_gmt":"2025-09-01T13:58:14","slug":"autor-de-homicidio-em-massaranduba-e-preso-apos-investigacao-policial","status":"publish","type":"post","link":"https:\/\/sindaopcpb.org.br\/index.php\/2025\/09\/01\/autor-de-homicidio-em-massaranduba-e-preso-apos-investigacao-policial\/","title":{"rendered":"Autor de homic\u00eddio em Massaranduba \u00e9 preso ap\u00f3s investiga\u00e7\u00e3o policial"},"content":{"rendered":"<p><img width=\"768\" height=\"348\" src=\"https:\/\/www.pbagora.com.br\/storage\/2025\/07\/homicidios-policia-civil.jpeg\" class=\"attachment-large size-large wp-post-image\" alt=\"\" style=\"margin-bottom: 20px;\" decoding=\"async\" loading=\"lazy\" srcset=\"https:\/\/www.pbagora.com.br\/storage\/2025\/07\/homicidios-policia-civil.jpeg 768w, https:\/\/www.pbagora.com.br\/storage\/2025\/07\/homicidios-policia-civil-300x136.jpeg 300w, https:\/\/www.pbagora.com.br\/storage\/2025\/07\/homicidios-policia-civil-150x68.jpeg 150w, https:\/\/www.pbagora.com.br\/storage\/2025\/07\/homicidios-policia-civil-380x172.jpeg 380w, https:\/\/www.pbagora.com.br\/storage\/2025\/07\/homicidios-policia-civil-80x36.jpeg 80w, https:\/\/www.pbagora.com.br\/storage\/2025\/07\/homicidios-policia-civil-760x344.jpeg 760w, https:\/\/www.pbagora.com.br\/storage\/2025\/07\/homicidios-policia-civil-600x272.jpeg 600w\" sizes=\"auto, (max-width: 768px) 100vw, 768px\" \/><\/p>\n<p>A Pol\u00edcia Civil da Para\u00edba, por meio da Delegacia de Homic\u00eddios e Prote\u00e7\u00e3o \u00e0 Pessoa de Campina Grande (DHPP-CG), concluiu as investiga\u00e7\u00f5es sobre o homic\u00eddio de Joselito Ferreira da Silva, conhecido como \u201cPirata\u201d, ocorrido no dia 25 de janeiro de 2025, no centro da cidade de Massaranduba-PB. Durante a a\u00e7\u00e3o, foi cumprido um mandado de pris\u00e3o preventiva contra um homem de 29 anos, residente em Jo\u00e3o Pessoa-PB. Um segundo suspeito foi indiciado e cumpre medidas cautelares diversas da pris\u00e3o, por determina\u00e7\u00e3o judicial.<\/p>\n\n\n\n<p>De acordo com as investiga\u00e7\u00f5es, o crime foi motivado por vingan\u00e7a, uma vez que a v\u00edtima havia se envolvido, dias antes, em uma briga com uma pessoa ligada aos autores, apontados como envolvidos em pr\u00e1ticas relacionadas ao tr\u00e1fico de drogas no munic\u00edpio. As investiga\u00e7\u00f5es indicam que os criminosos chegaram ao local em um ve\u00edculo de cor branca, conduzido pelo suspeito preso, e efetuaram tr\u00eas disparos de arma de fogo contra a v\u00edtima, nas imedia\u00e7\u00f5es da Prefeitura Municipal de Massaranduba. O segundo investigado, que cumpre medidas alternativas, teria sido respons\u00e1vel por atrair a v\u00edtima at\u00e9 o ponto do crime. Joselito ainda foi socorrido ao Hospital de Emerg\u00eancia e Trauma de Campina Grande, mas n\u00e3o resistiu aos ferimentos, falecendo no dia seguinte.<\/p>\n\n\n\n<p>O autor dos disparos j\u00e1 havia sido preso em flagrante pela Pol\u00edcia Rodovi\u00e1ria Federal, no dia 19 de junho de 2025, na cidade de Patos-PB, quando foi flagrado transportando 64 kg de coca\u00edna e 5kg de maconha em um ve\u00edculo locado. A identifica\u00e7\u00e3o visual realizada ap\u00f3s essa pris\u00e3o, somada \u00e0s provas j\u00e1 colhidas, confirmou sua participa\u00e7\u00e3o no homic\u00eddio, resultando na decreta\u00e7\u00e3o de sua pris\u00e3o preventiva pela Vara do Tribunal do J\u00fari de Campina Grande. O investigado encontra-se recolhido no Pres\u00eddio Masculino Romero N\u00f3brega, em Patos-PB, \u00e0 disposi\u00e7\u00e3o da Justi\u00e7a.<\/p>\n\n\n\n<p><strong><em>PB Agora<\/em><\/strong><\/p>\n","protected":false},"excerpt":{"rendered":"<p><img decoding=\"async\" width=\"768\" height=\"348\" src=\"https:\/\/www.pbagora.com.br\/storage\/2025\/07\/homicidios-policia-civil.jpeg\" class=\"attachment-large size-large wp-post-image\" alt=\"\" loading=\"lazy\" srcset=\"https:\/\/www.pbagora.com.br\/storage\/2025\/07\/homicidios-policia-civil.jpeg 768w, https:\/\/www.pbagora.com.br\/storage\/2025\/07\/homicidios-policia-civil-300x136.jpeg 300w, https:\/\/www.pbagora.com.br\/storage\/2025\/07\/homicidios-policia-civil-150x68.jpeg 150w, https:\/\/www.pbagora.com.br\/storage\/2025\/07\/homicidios-policia-civil-380x172.jpeg 380w, https:\/\/www.pbagora.com.br\/storage\/2025\/07\/homicidios-policia-civil-80x36.jpeg 80w, https:\/\/www.pbagora.com.br\/storage\/2025\/07\/homicidios-policia-civil-760x344.jpeg 760w, https:\/\/www.pbagora.com.br\/storage\/2025\/07\/homicidios-policia-civil-600x272.jpeg 600w\" sizes=\"auto, (max-width: 768px) 100vw, 768px\"><\/p>\n<p>A Pol\u00edcia Civil da Para\u00edba, por meio da Delegacia de Homic\u00eddios e Prote\u00e7\u00e3o \u00e0 Pessoa de Campina Grande\u2026<\/p>\n","protected":false},"author":123457,"featured_media":0,"comment_status":"closed","ping_status":"closed","sticky":false,"template":"","format":"standard","meta":{"advgb_blocks_editor_width":"","advgb_blocks_columns_visual_guide":"","footnotes":""},"categories":[34],"tags":[35,10839,10842],"class_list":["post-60510","post","type-post","status-publish","format-standard","hentry","category-g1","tag-g1","tag-policial","tag-principal3"],"author_meta":{"display_name":"Reda\u00e7\u00e3o","author_link":"https:\/\/sindaopcpb.org.br\/author\/redacao\/"},"featured_img":null,"coauthors":[],"tax_additional":{"categories":{"linked":["<a href=\"https:\/\/sindaopcpb.org.br\/g1\/\" class=\"advgb-post-tax-term\">G1<\/a>"],"unlinked":["<span class=\"advgb-post-tax-term\">G1<\/span>"]},"tags":{"linked":["<a href=\"https:\/\/sindaopcpb.org.br\/g1\/\" class=\"advgb-post-tax-term\">g1<\/a>","<a href=\"https:\/\/sindaopcpb.org.br\/g1\/\" class=\"advgb-post-tax-term\">Policial<\/a>","<a href=\"https:\/\/sindaopcpb.org.br\/g1\/\" class=\"advgb-post-tax-term\">Principal3<\/a>"],"unlinked":["<span class=\"advgb-post-tax-term\">g1<\/span>","<span class=\"advgb-post-tax-term\">Policial<\/span>","<span class=\"advgb-post-tax-term\">Principal3<\/span>"]}},"comment_count":"0","relative_dates":{"created":"Publicado 8 meses atr\u00e1s","modified":"Atualizado 8 meses atr\u00e1s"},"absolute_dates":{"created":"Publicado em 1 de setembro de 2025","modified":"Atualizado em 1 de setembro de 2025"},"absolute_dates_time":{"created":"Publicado em 1 de setembro de 2025 10:58","modified":"Atualizado em 1 de setembro de 2025 10:58"},"featured_img_caption":"","series_order":"","_links":{"self":[{"href":"https:\/\/sindaopcpb.org.br\/index.php\/wp-json\/wp\/v2\/posts\/60510","targetHints":{"allow":["GET"]}}],"collection":[{"href":"https:\/\/sindaopcpb.org.br\/index.php\/wp-json\/wp\/v2\/posts"}],"about":[{"href":"https:\/\/sindaopcpb.org.br\/index.php\/wp-json\/wp\/v2\/types\/post"}],"author":[{"embeddable":true,"href":"https:\/\/sindaopcpb.org.br\/index.php\/wp-json\/wp\/v2\/users\/123457"}],"replies":[{"embeddable":true,"href":"https:\/\/sindaopcpb.org.br\/index.php\/wp-json\/wp\/v2\/comments?post=60510"}],"version-history":[{"count":1,"href":"https:\/\/sindaopcpb.org.br\/index.php\/wp-json\/wp\/v2\/posts\/60510\/revisions"}],"predecessor-version":[{"id":60511,"href":"https:\/\/sindaopcpb.org.br\/index.php\/wp-json\/wp\/v2\/posts\/60510\/revisions\/60511"}],"wp:attachment":[{"href":"https:\/\/sindaopcpb.org.br\/index.php\/wp-json\/wp\/v2\/media?parent=60510"}],"wp:term":[{"taxonomy":"category","embeddable":true,"href":"https:\/\/sindaopcpb.org.br\/index.php\/wp-json\/wp\/v2\/categories?post=60510"},{"taxonomy":"post_tag","embeddable":true,"href":"https:\/\/sindaopcpb.org.br\/index.php\/wp-json\/wp\/v2\/tags?post=60510"}],"curies":[{"name":"wp","href":"https:\/\/api.w.org\/{rel}","templated":true}]}}