{"id":60503,"date":"2025-09-01T09:14:54","date_gmt":"2025-09-01T12:14:54","guid":{"rendered":"https:\/\/www.pbagora.com.br\/?p=914844"},"modified":"2025-09-01T09:14:54","modified_gmt":"2025-09-01T12:14:54","slug":"policia-civil-prende-apos-18-anos-foragido-acusado-de-tres-homicidios-em-alagoa-grande","status":"publish","type":"post","link":"https:\/\/sindaopcpb.org.br\/index.php\/2025\/09\/01\/policia-civil-prende-apos-18-anos-foragido-acusado-de-tres-homicidios-em-alagoa-grande\/","title":{"rendered":"Pol\u00edcia Civil prende ap\u00f3s 18 anos foragido acusado de tr\u00eas homic\u00eddios em Alagoa Grande"},"content":{"rendered":"<p><img width=\"879\" height=\"413\" src=\"https:\/\/www.pbagora.com.br\/storage\/2025\/09\/Sem-titulo-1.jpg\" class=\"attachment-large size-large wp-post-image\" alt=\"\" style=\"margin-bottom: 20px;\" decoding=\"async\" srcset=\"https:\/\/www.pbagora.com.br\/storage\/2025\/09\/Sem-titulo-1.jpg 879w, https:\/\/www.pbagora.com.br\/storage\/2025\/09\/Sem-titulo-1-300x141.jpg 300w, https:\/\/www.pbagora.com.br\/storage\/2025\/09\/Sem-titulo-1-150x70.jpg 150w, https:\/\/www.pbagora.com.br\/storage\/2025\/09\/Sem-titulo-1-768x361.jpg 768w, https:\/\/www.pbagora.com.br\/storage\/2025\/09\/Sem-titulo-1-380x179.jpg 380w, https:\/\/www.pbagora.com.br\/storage\/2025\/09\/Sem-titulo-1-800x376.jpg 800w, https:\/\/www.pbagora.com.br\/storage\/2025\/09\/Sem-titulo-1-80x38.jpg 80w, https:\/\/www.pbagora.com.br\/storage\/2025\/09\/Sem-titulo-1-760x357.jpg 760w, https:\/\/www.pbagora.com.br\/storage\/2025\/09\/Sem-titulo-1-600x282.jpg 600w\" sizes=\"(max-width: 879px) 100vw, 879px\" \/><\/p>\n<p><\/p>\n\n\n\n<p>Uma a\u00e7\u00e3o da Pol\u00edcia Civil da Para\u00edba, em parceria com a Pol\u00edcia Civil do Rio de Janeiro (DAIRJ), prendeu ontem (31) um homem acusado de praticar tr\u00eas homic\u00eddios no munic\u00edpio de Alagoa Grande, no Brejo paraibano.<\/p>\n\n\n\n<p>O investigado estava foragido da Justi\u00e7a havia 18 anos. De acordo com os dados da pol\u00edcia, o homem vinha se escondendo em comunidades do Rio de Janeiro, utilizando a clandestinidade para evitar a pris\u00e3o.<\/p>\n\n\n\n<p>A opera\u00e7\u00e3o interestadual contou com a participa\u00e7\u00e3o da Delegacia de S\u00e3o Bento, do GTE S\u00e3o Bento e da Delegacia de Alagoa Grande, al\u00e9m da pol\u00edcia fluminense.<\/p>\n\n\n\n<p>Reda\u00e7\u00e3o<\/p>\n","protected":false},"excerpt":{"rendered":"<p><img loading=\"lazy\" decoding=\"async\" width=\"879\" height=\"413\" src=\"https:\/\/www.pbagora.com.br\/storage\/2025\/09\/Sem-titulo-1.jpg\" class=\"attachment-large size-large wp-post-image\" alt=\"\" srcset=\"https:\/\/www.pbagora.com.br\/storage\/2025\/09\/Sem-titulo-1.jpg 879w, https:\/\/www.pbagora.com.br\/storage\/2025\/09\/Sem-titulo-1-300x141.jpg 300w, https:\/\/www.pbagora.com.br\/storage\/2025\/09\/Sem-titulo-1-150x70.jpg 150w, https:\/\/www.pbagora.com.br\/storage\/2025\/09\/Sem-titulo-1-768x361.jpg 768w, https:\/\/www.pbagora.com.br\/storage\/2025\/09\/Sem-titulo-1-380x179.jpg 380w, https:\/\/www.pbagora.com.br\/storage\/2025\/09\/Sem-titulo-1-800x376.jpg 800w, https:\/\/www.pbagora.com.br\/storage\/2025\/09\/Sem-titulo-1-80x38.jpg 80w, https:\/\/www.pbagora.com.br\/storage\/2025\/09\/Sem-titulo-1-760x357.jpg 760w, https:\/\/www.pbagora.com.br\/storage\/2025\/09\/Sem-titulo-1-600x282.jpg 600w\" sizes=\"auto, (max-width: 879px) 100vw, 879px\"><\/p>\n<p>Uma a\u00e7\u00e3o da Pol\u00edcia Civil da Para\u00edba, em parceria com a Pol\u00edcia Civil do Rio de Janeiro (DAIRJ),\u2026<\/p>\n","protected":false},"author":123457,"featured_media":0,"comment_status":"closed","ping_status":"closed","sticky":false,"template":"","format":"standard","meta":{"advgb_blocks_editor_width":"","advgb_blocks_columns_visual_guide":"","footnotes":""},"categories":[34],"tags":[10845,35,10839],"class_list":["post-60503","post","type-post","status-publish","format-standard","hentry","category-g1","tag-destaque-centro-01","tag-g1","tag-policial"],"author_meta":{"display_name":"Reda\u00e7\u00e3o","author_link":"https:\/\/sindaopcpb.org.br\/author\/redacao\/"},"featured_img":null,"coauthors":[],"tax_additional":{"categories":{"linked":["<a href=\"https:\/\/sindaopcpb.org.br\/g1\/\" class=\"advgb-post-tax-term\">G1<\/a>"],"unlinked":["<span class=\"advgb-post-tax-term\">G1<\/span>"]},"tags":{"linked":["<a href=\"https:\/\/sindaopcpb.org.br\/g1\/\" class=\"advgb-post-tax-term\">Destaque Centro 01<\/a>","<a href=\"https:\/\/sindaopcpb.org.br\/g1\/\" class=\"advgb-post-tax-term\">g1<\/a>","<a href=\"https:\/\/sindaopcpb.org.br\/g1\/\" class=\"advgb-post-tax-term\">Policial<\/a>"],"unlinked":["<span class=\"advgb-post-tax-term\">Destaque Centro 01<\/span>","<span class=\"advgb-post-tax-term\">g1<\/span>","<span class=\"advgb-post-tax-term\">Policial<\/span>"]}},"comment_count":"0","relative_dates":{"created":"Publicado 8 meses atr\u00e1s","modified":"Atualizado 8 meses atr\u00e1s"},"absolute_dates":{"created":"Publicado em 1 de setembro de 2025","modified":"Atualizado em 1 de setembro de 2025"},"absolute_dates_time":{"created":"Publicado em 1 de setembro de 2025 09:14","modified":"Atualizado em 1 de setembro de 2025 09:14"},"featured_img_caption":"","series_order":"","_links":{"self":[{"href":"https:\/\/sindaopcpb.org.br\/index.php\/wp-json\/wp\/v2\/posts\/60503","targetHints":{"allow":["GET"]}}],"collection":[{"href":"https:\/\/sindaopcpb.org.br\/index.php\/wp-json\/wp\/v2\/posts"}],"about":[{"href":"https:\/\/sindaopcpb.org.br\/index.php\/wp-json\/wp\/v2\/types\/post"}],"author":[{"embeddable":true,"href":"https:\/\/sindaopcpb.org.br\/index.php\/wp-json\/wp\/v2\/users\/123457"}],"replies":[{"embeddable":true,"href":"https:\/\/sindaopcpb.org.br\/index.php\/wp-json\/wp\/v2\/comments?post=60503"}],"version-history":[{"count":2,"href":"https:\/\/sindaopcpb.org.br\/index.php\/wp-json\/wp\/v2\/posts\/60503\/revisions"}],"predecessor-version":[{"id":60515,"href":"https:\/\/sindaopcpb.org.br\/index.php\/wp-json\/wp\/v2\/posts\/60503\/revisions\/60515"}],"wp:attachment":[{"href":"https:\/\/sindaopcpb.org.br\/index.php\/wp-json\/wp\/v2\/media?parent=60503"}],"wp:term":[{"taxonomy":"category","embeddable":true,"href":"https:\/\/sindaopcpb.org.br\/index.php\/wp-json\/wp\/v2\/categories?post=60503"},{"taxonomy":"post_tag","embeddable":true,"href":"https:\/\/sindaopcpb.org.br\/index.php\/wp-json\/wp\/v2\/tags?post=60503"}],"curies":[{"name":"wp","href":"https:\/\/api.w.org\/{rel}","templated":true}]}}