{"id":60432,"date":"2025-08-29T12:30:33","date_gmt":"2025-08-29T15:30:33","guid":{"rendered":"https:\/\/www.pbagora.com.br\/?p=914645"},"modified":"2025-08-29T12:30:33","modified_gmt":"2025-08-29T15:30:33","slug":"homem-e-preso-em-flagrante-apos-ameacar-advogado-no-momento-em-que-vitima-registrava-bo","status":"publish","type":"post","link":"https:\/\/sindaopcpb.org.br\/index.php\/2025\/08\/29\/homem-e-preso-em-flagrante-apos-ameacar-advogado-no-momento-em-que-vitima-registrava-bo\/","title":{"rendered":"Homem \u00e9 preso em flagrante ap\u00f3s amea\u00e7ar advogado no momento em que v\u00edtima registrava BO"},"content":{"rendered":"<p><img width=\"876\" height=\"585\" src=\"https:\/\/www.pbagora.com.br\/storage\/2023\/04\/algemado.jpg\" class=\"attachment-large size-large wp-post-image\" alt=\"\" style=\"margin-bottom: 20px;\" decoding=\"async\" loading=\"lazy\" srcset=\"https:\/\/www.pbagora.com.br\/storage\/2023\/04\/algemado.jpg 876w, https:\/\/www.pbagora.com.br\/storage\/2023\/04\/algemado-300x200.jpg 300w, https:\/\/www.pbagora.com.br\/storage\/2023\/04\/algemado-150x100.jpg 150w, https:\/\/www.pbagora.com.br\/storage\/2023\/04\/algemado-768x513.jpg 768w, https:\/\/www.pbagora.com.br\/storage\/2023\/04\/algemado-380x254.jpg 380w, https:\/\/www.pbagora.com.br\/storage\/2023\/04\/algemado-800x534.jpg 800w, https:\/\/www.pbagora.com.br\/storage\/2023\/04\/algemado-80x53.jpg 80w, https:\/\/www.pbagora.com.br\/storage\/2023\/04\/algemado-760x508.jpg 760w, https:\/\/www.pbagora.com.br\/storage\/2023\/04\/algemado-600x401.jpg 600w\" sizes=\"auto, (max-width: 876px) 100vw, 876px\" \/><\/p>\n<p>A Pol\u00edcia Civil da Para\u00edba prendeu nessa quinta-feira, 28 de agosto, em flagrante, o investigado G.C.S., suspeito de persegui\u00e7\u00e3o e amea\u00e7a contra um advogado em Campina Grande. A pris\u00e3o foi realizada por equipes da 2\u00aa Delegacia Distrital, minutos ap\u00f3s a v\u00edtima receber novas amea\u00e7as por telefone.<\/p>\n\n\n\n<p>O advogado estava registrando um Boletim de Ocorr\u00eancia sobre o caso, quando come\u00e7ou a receber novas intimida\u00e7\u00f5es. Equipes policiais foram at\u00e9 o endere\u00e7o de G.C.S. e o prenderam em flagrante. Ele foi encaminhado \u00e0 delegacia, para a conclus\u00e3o dos procedimentos policiais.<\/p>\n\n\n\n<p>De acordo com as investiga\u00e7\u00f5es preliminares, v\u00edtima e investigado eram amigos de inf\u00e2ncia, mas tiveram um desentendimento, a ponto de o advogado ser amea\u00e7ado de morte pelo investigado. A Pol\u00edcia Civil est\u00e1 aprofundando as investiga\u00e7\u00f5es. A pris\u00e3o foi comunicada \u00e0 justi\u00e7a.<\/p>\n\n\n\n<p><strong><em>20 pris\u00f5es este ano<\/em><\/strong><\/p>\n\n\n\n<p>A 2\u00aa Delegacia Distrital de Campina Grande funciona ao lado do Parque do Povo. Somente este ano, equipes da 2\u00aa DD j\u00e1 realizaram 20 pris\u00f5es, al\u00e9m de outros procedimentos policiais que resultam em decis\u00f5es judiciais diferentes de pris\u00e3o.<\/p>\n\n\n\n<p><\/p>\n\n\n\n<p><strong><em>Ascom \/ PCPB<\/em><\/strong><\/p>\n","protected":false},"excerpt":{"rendered":"<p><img decoding=\"async\" width=\"876\" height=\"585\" src=\"https:\/\/www.pbagora.com.br\/storage\/2023\/04\/algemado.jpg\" class=\"attachment-large size-large wp-post-image\" alt=\"\" loading=\"lazy\" srcset=\"https:\/\/www.pbagora.com.br\/storage\/2023\/04\/algemado.jpg 876w, https:\/\/www.pbagora.com.br\/storage\/2023\/04\/algemado-300x200.jpg 300w, https:\/\/www.pbagora.com.br\/storage\/2023\/04\/algemado-150x100.jpg 150w, https:\/\/www.pbagora.com.br\/storage\/2023\/04\/algemado-768x513.jpg 768w, https:\/\/www.pbagora.com.br\/storage\/2023\/04\/algemado-380x254.jpg 380w, https:\/\/www.pbagora.com.br\/storage\/2023\/04\/algemado-800x534.jpg 800w, https:\/\/www.pbagora.com.br\/storage\/2023\/04\/algemado-80x53.jpg 80w, https:\/\/www.pbagora.com.br\/storage\/2023\/04\/algemado-760x508.jpg 760w, https:\/\/www.pbagora.com.br\/storage\/2023\/04\/algemado-600x401.jpg 600w\" sizes=\"auto, (max-width: 876px) 100vw, 876px\"><\/p>\n<p>A Pol\u00edcia Civil da Para\u00edba prendeu nessa quinta-feira, 28 de agosto, em flagrante, o investigado G.C.S., suspeito de\u2026<\/p>\n","protected":false},"author":123457,"featured_media":0,"comment_status":"closed","ping_status":"closed","sticky":false,"template":"","format":"standard","meta":{"advgb_blocks_editor_width":"","advgb_blocks_columns_visual_guide":"","footnotes":""},"categories":[34],"tags":[10841,35,10839],"class_list":["post-60432","post","type-post","status-publish","format-standard","hentry","category-g1","tag-destaque-centro-02","tag-g1","tag-policial"],"author_meta":{"display_name":"Reda\u00e7\u00e3o","author_link":"https:\/\/sindaopcpb.org.br\/author\/redacao\/"},"featured_img":null,"coauthors":[],"tax_additional":{"categories":{"linked":["<a href=\"https:\/\/sindaopcpb.org.br\/g1\/\" class=\"advgb-post-tax-term\">G1<\/a>"],"unlinked":["<span class=\"advgb-post-tax-term\">G1<\/span>"]},"tags":{"linked":["<a href=\"https:\/\/sindaopcpb.org.br\/g1\/\" class=\"advgb-post-tax-term\">Destaque Centro 02<\/a>","<a href=\"https:\/\/sindaopcpb.org.br\/g1\/\" class=\"advgb-post-tax-term\">g1<\/a>","<a href=\"https:\/\/sindaopcpb.org.br\/g1\/\" class=\"advgb-post-tax-term\">Policial<\/a>"],"unlinked":["<span class=\"advgb-post-tax-term\">Destaque Centro 02<\/span>","<span class=\"advgb-post-tax-term\">g1<\/span>","<span class=\"advgb-post-tax-term\">Policial<\/span>"]}},"comment_count":"0","relative_dates":{"created":"Publicado 8 meses atr\u00e1s","modified":"Atualizado 8 meses atr\u00e1s"},"absolute_dates":{"created":"Publicado em 29 de agosto de 2025","modified":"Atualizado em 29 de agosto de 2025"},"absolute_dates_time":{"created":"Publicado em 29 de agosto de 2025 12:30","modified":"Atualizado em 29 de agosto de 2025 12:30"},"featured_img_caption":"","series_order":"","_links":{"self":[{"href":"https:\/\/sindaopcpb.org.br\/index.php\/wp-json\/wp\/v2\/posts\/60432","targetHints":{"allow":["GET"]}}],"collection":[{"href":"https:\/\/sindaopcpb.org.br\/index.php\/wp-json\/wp\/v2\/posts"}],"about":[{"href":"https:\/\/sindaopcpb.org.br\/index.php\/wp-json\/wp\/v2\/types\/post"}],"author":[{"embeddable":true,"href":"https:\/\/sindaopcpb.org.br\/index.php\/wp-json\/wp\/v2\/users\/123457"}],"replies":[{"embeddable":true,"href":"https:\/\/sindaopcpb.org.br\/index.php\/wp-json\/wp\/v2\/comments?post=60432"}],"version-history":[{"count":1,"href":"https:\/\/sindaopcpb.org.br\/index.php\/wp-json\/wp\/v2\/posts\/60432\/revisions"}],"predecessor-version":[{"id":60433,"href":"https:\/\/sindaopcpb.org.br\/index.php\/wp-json\/wp\/v2\/posts\/60432\/revisions\/60433"}],"wp:attachment":[{"href":"https:\/\/sindaopcpb.org.br\/index.php\/wp-json\/wp\/v2\/media?parent=60432"}],"wp:term":[{"taxonomy":"category","embeddable":true,"href":"https:\/\/sindaopcpb.org.br\/index.php\/wp-json\/wp\/v2\/categories?post=60432"},{"taxonomy":"post_tag","embeddable":true,"href":"https:\/\/sindaopcpb.org.br\/index.php\/wp-json\/wp\/v2\/tags?post=60432"}],"curies":[{"name":"wp","href":"https:\/\/api.w.org\/{rel}","templated":true}]}}