{"id":60264,"date":"2025-08-27T11:20:20","date_gmt":"2025-08-27T14:20:20","guid":{"rendered":"https:\/\/www.pbagora.com.br\/?p=914256"},"modified":"2025-08-27T12:55:20","modified_gmt":"2025-08-27T15:55:20","slug":"homem-e-preso-suspeito-de-invadir-casa-e-tentar-estuprar-crianca-no-sertao","status":"publish","type":"post","link":"https:\/\/sindaopcpb.org.br\/index.php\/2025\/08\/27\/homem-e-preso-suspeito-de-invadir-casa-e-tentar-estuprar-crianca-no-sertao\/","title":{"rendered":"Homem \u00e9 preso suspeito de invadir casa e tentar estuprar crian\u00e7a, no Sert\u00e3o"},"content":{"rendered":"<p><img width=\"1024\" height=\"576\" src=\"https:\/\/www.pbagora.com.br\/storage\/2025\/08\/Operacao-Policial-Civil-1024x576.png\" class=\"attachment-large size-large wp-post-image\" alt=\"\" style=\"margin-bottom: 20px;\" decoding=\"async\" srcset=\"https:\/\/www.pbagora.com.br\/storage\/2025\/08\/Operacao-Policial-Civil-1024x576.png 1024w, https:\/\/www.pbagora.com.br\/storage\/2025\/08\/Operacao-Policial-Civil-300x169.png 300w, https:\/\/www.pbagora.com.br\/storage\/2025\/08\/Operacao-Policial-Civil-150x84.png 150w, https:\/\/www.pbagora.com.br\/storage\/2025\/08\/Operacao-Policial-Civil-768x432.png 768w, https:\/\/www.pbagora.com.br\/storage\/2025\/08\/Operacao-Policial-Civil-1536x864.png 1536w, https:\/\/www.pbagora.com.br\/storage\/2025\/08\/Operacao-Policial-Civil-380x214.png 380w, https:\/\/www.pbagora.com.br\/storage\/2025\/08\/Operacao-Policial-Civil-800x450.png 800w, https:\/\/www.pbagora.com.br\/storage\/2025\/08\/Operacao-Policial-Civil-1160x653.png 1160w, https:\/\/www.pbagora.com.br\/storage\/2025\/08\/Operacao-Policial-Civil-80x46.png 80w, https:\/\/www.pbagora.com.br\/storage\/2025\/08\/Operacao-Policial-Civil-760x428.png 760w, https:\/\/www.pbagora.com.br\/storage\/2025\/08\/Operacao-Policial-Civil-600x338.png 600w, https:\/\/www.pbagora.com.br\/storage\/2025\/08\/Operacao-Policial-Civil.png 1920w\" sizes=\"(max-width: 1024px) 100vw, 1024px\" \/><\/p>\n<p>Nessa ter\u00e7a-feira (26) um homem de 33 anos foi preso em flagrante suspeito de invadir uma casa e tentar estuprar um menino de 11 anos, na cidade de Tavares, Sert\u00e3o do estado.<\/p>\n\n\n\n<p>Segundo informa\u00e7\u00f5es da Pol\u00edcia Civil, o caso aconteceu na segunda-feira (25), quando o homem aproveitou um momento em que os pais da crian\u00e7a n\u00e3o estavam, e invadiu a resid\u00eancia cometendo o crime contra o menino e amea\u00e7ando com uma faca.<\/p>\n\n\n\n<p>A crian\u00e7a conseguiu escapar e foi ao encontra da m\u00e3e, que estava no mercado. De acordo com relato da m\u00e3e da crian\u00e7a, h\u00e1 dois meses ela j\u00e1 havia feito uma den\u00fancia contra o homem porque ele teria invadido sua casa outras vezes, portando uma faca. Na ocasi\u00e3o, o homem tamb\u00e9m teria violentado sua outra filha e feito atos libidinosos na frente da mulher.<\/p>\n\n\n\n<p>O investigado foi preso em flagrante pela Delegacia de Princesa Isabel. Ele est\u00e1 na carceragem e deve passar pela audi\u00eancia de cust\u00f3dia ainda nesta quarta-feira (27).<\/p>\n\n\n\n<p><strong><em>PB Agora<\/em><\/strong><\/p>\n","protected":false},"excerpt":{"rendered":"<p><img loading=\"lazy\" decoding=\"async\" width=\"1024\" height=\"576\" src=\"https:\/\/www.pbagora.com.br\/storage\/2025\/08\/Operacao-Policial-Civil-1024x576.png\" class=\"attachment-large size-large wp-post-image\" alt=\"\" srcset=\"https:\/\/www.pbagora.com.br\/storage\/2025\/08\/Operacao-Policial-Civil-1024x576.png 1024w, https:\/\/www.pbagora.com.br\/storage\/2025\/08\/Operacao-Policial-Civil-300x169.png 300w, https:\/\/www.pbagora.com.br\/storage\/2025\/08\/Operacao-Policial-Civil-150x84.png 150w, https:\/\/www.pbagora.com.br\/storage\/2025\/08\/Operacao-Policial-Civil-768x432.png 768w, https:\/\/www.pbagora.com.br\/storage\/2025\/08\/Operacao-Policial-Civil-1536x864.png 1536w, https:\/\/www.pbagora.com.br\/storage\/2025\/08\/Operacao-Policial-Civil-380x214.png 380w, https:\/\/www.pbagora.com.br\/storage\/2025\/08\/Operacao-Policial-Civil-800x450.png 800w, https:\/\/www.pbagora.com.br\/storage\/2025\/08\/Operacao-Policial-Civil-1160x653.png 1160w, https:\/\/www.pbagora.com.br\/storage\/2025\/08\/Operacao-Policial-Civil-80x46.png 80w, https:\/\/www.pbagora.com.br\/storage\/2025\/08\/Operacao-Policial-Civil-760x428.png 760w, https:\/\/www.pbagora.com.br\/storage\/2025\/08\/Operacao-Policial-Civil-600x338.png 600w, https:\/\/www.pbagora.com.br\/storage\/2025\/08\/Operacao-Policial-Civil.png 1920w\" sizes=\"auto, (max-width: 1024px) 100vw, 1024px\"><\/p>\n<p>Nessa ter\u00e7a-feira (26) um homem de 33 anos foi preso em flagrante suspeito de invadir uma casa e\u2026<\/p>\n","protected":false},"author":123457,"featured_media":0,"comment_status":"closed","ping_status":"closed","sticky":false,"template":"","format":"standard","meta":{"advgb_blocks_editor_width":"","advgb_blocks_columns_visual_guide":"","footnotes":""},"categories":[34],"tags":[35,10839,10847],"class_list":["post-60264","post","type-post","status-publish","format-standard","hentry","category-g1","tag-g1","tag-policial","tag-rodape-03"],"author_meta":{"display_name":"Reda\u00e7\u00e3o","author_link":"https:\/\/sindaopcpb.org.br\/author\/redacao\/"},"featured_img":null,"coauthors":[],"tax_additional":{"categories":{"linked":["<a href=\"https:\/\/sindaopcpb.org.br\/g1\/\" class=\"advgb-post-tax-term\">G1<\/a>"],"unlinked":["<span class=\"advgb-post-tax-term\">G1<\/span>"]},"tags":{"linked":["<a href=\"https:\/\/sindaopcpb.org.br\/g1\/\" class=\"advgb-post-tax-term\">g1<\/a>","<a href=\"https:\/\/sindaopcpb.org.br\/g1\/\" class=\"advgb-post-tax-term\">Policial<\/a>","<a href=\"https:\/\/sindaopcpb.org.br\/g1\/\" class=\"advgb-post-tax-term\">Rodape 03<\/a>"],"unlinked":["<span class=\"advgb-post-tax-term\">g1<\/span>","<span class=\"advgb-post-tax-term\">Policial<\/span>","<span class=\"advgb-post-tax-term\">Rodape 03<\/span>"]}},"comment_count":"0","relative_dates":{"created":"Publicado 8 meses atr\u00e1s","modified":"Atualizado 8 meses atr\u00e1s"},"absolute_dates":{"created":"Publicado em 27 de agosto de 2025","modified":"Atualizado em 27 de agosto de 2025"},"absolute_dates_time":{"created":"Publicado em 27 de agosto de 2025 11:20","modified":"Atualizado em 27 de agosto de 2025 12:55"},"featured_img_caption":"","series_order":"","_links":{"self":[{"href":"https:\/\/sindaopcpb.org.br\/index.php\/wp-json\/wp\/v2\/posts\/60264","targetHints":{"allow":["GET"]}}],"collection":[{"href":"https:\/\/sindaopcpb.org.br\/index.php\/wp-json\/wp\/v2\/posts"}],"about":[{"href":"https:\/\/sindaopcpb.org.br\/index.php\/wp-json\/wp\/v2\/types\/post"}],"author":[{"embeddable":true,"href":"https:\/\/sindaopcpb.org.br\/index.php\/wp-json\/wp\/v2\/users\/123457"}],"replies":[{"embeddable":true,"href":"https:\/\/sindaopcpb.org.br\/index.php\/wp-json\/wp\/v2\/comments?post=60264"}],"version-history":[{"count":3,"href":"https:\/\/sindaopcpb.org.br\/index.php\/wp-json\/wp\/v2\/posts\/60264\/revisions"}],"predecessor-version":[{"id":60280,"href":"https:\/\/sindaopcpb.org.br\/index.php\/wp-json\/wp\/v2\/posts\/60264\/revisions\/60280"}],"wp:attachment":[{"href":"https:\/\/sindaopcpb.org.br\/index.php\/wp-json\/wp\/v2\/media?parent=60264"}],"wp:term":[{"taxonomy":"category","embeddable":true,"href":"https:\/\/sindaopcpb.org.br\/index.php\/wp-json\/wp\/v2\/categories?post=60264"},{"taxonomy":"post_tag","embeddable":true,"href":"https:\/\/sindaopcpb.org.br\/index.php\/wp-json\/wp\/v2\/tags?post=60264"}],"curies":[{"name":"wp","href":"https:\/\/api.w.org\/{rel}","templated":true}]}}