{"id":60241,"date":"2025-08-27T09:34:22","date_gmt":"2025-08-27T12:34:22","guid":{"rendered":"https:\/\/www.pbagora.com.br\/?p=914231"},"modified":"2025-08-27T11:20:22","modified_gmt":"2025-08-27T14:20:22","slug":"pf-prende-integrantes-de-quadrilha-que-usava-aeroporto-de-bayeux-para-traficar-cocaina","status":"publish","type":"post","link":"https:\/\/sindaopcpb.org.br\/index.php\/2025\/08\/27\/pf-prende-integrantes-de-quadrilha-que-usava-aeroporto-de-bayeux-para-traficar-cocaina\/","title":{"rendered":"PF prende integrantes de quadrilha que usava Aeroporto de Bayeux para traficar coca\u00edna"},"content":{"rendered":"<p><img width=\"576\" height=\"1024\" src=\"https:\/\/www.pbagora.com.br\/storage\/2025\/08\/WhatsApp-Image-2025-08-27-at-09.25.27-576x1024.jpeg\" class=\"attachment-large size-large wp-post-image\" alt=\"\" style=\"margin-bottom: 20px;\" decoding=\"async\" loading=\"lazy\" srcset=\"https:\/\/www.pbagora.com.br\/storage\/2025\/08\/WhatsApp-Image-2025-08-27-at-09.25.27-576x1024.jpeg 576w, https:\/\/www.pbagora.com.br\/storage\/2025\/08\/WhatsApp-Image-2025-08-27-at-09.25.27-169x300.jpeg 169w, https:\/\/www.pbagora.com.br\/storage\/2025\/08\/WhatsApp-Image-2025-08-27-at-09.25.27-84x150.jpeg 84w, https:\/\/www.pbagora.com.br\/storage\/2025\/08\/WhatsApp-Image-2025-08-27-at-09.25.27-768x1365.jpeg 768w, https:\/\/www.pbagora.com.br\/storage\/2025\/08\/WhatsApp-Image-2025-08-27-at-09.25.27-864x1536.jpeg 864w, https:\/\/www.pbagora.com.br\/storage\/2025\/08\/WhatsApp-Image-2025-08-27-at-09.25.27-1152x2048.jpeg 1152w, https:\/\/www.pbagora.com.br\/storage\/2025\/08\/WhatsApp-Image-2025-08-27-at-09.25.27-380x676.jpeg 380w, https:\/\/www.pbagora.com.br\/storage\/2025\/08\/WhatsApp-Image-2025-08-27-at-09.25.27-800x1422.jpeg 800w, https:\/\/www.pbagora.com.br\/storage\/2025\/08\/WhatsApp-Image-2025-08-27-at-09.25.27-1160x2062.jpeg 1160w, https:\/\/www.pbagora.com.br\/storage\/2025\/08\/WhatsApp-Image-2025-08-27-at-09.25.27-80x142.jpeg 80w, https:\/\/www.pbagora.com.br\/storage\/2025\/08\/WhatsApp-Image-2025-08-27-at-09.25.27-45x80.jpeg 45w, https:\/\/www.pbagora.com.br\/storage\/2025\/08\/WhatsApp-Image-2025-08-27-at-09.25.27-1728x3072.jpeg 1728w, https:\/\/www.pbagora.com.br\/storage\/2025\/08\/WhatsApp-Image-2025-08-27-at-09.25.27-2304x4096.jpeg 2304w, https:\/\/www.pbagora.com.br\/storage\/2025\/08\/WhatsApp-Image-2025-08-27-at-09.25.27-760x1351.jpeg 760w, https:\/\/www.pbagora.com.br\/storage\/2025\/08\/WhatsApp-Image-2025-08-27-at-09.25.27-338x600.jpeg 338w, https:\/\/www.pbagora.com.br\/storage\/2025\/08\/WhatsApp-Image-2025-08-27-at-09.25.27-scaled.jpeg 1440w\" sizes=\"auto, (max-width: 576px) 100vw, 576px\" \/><\/p>\n<p>A Pol\u00edcia Federal deflagrou, nesta quarta-feira (27), a Opera\u00e7\u00e3o Atadura, com o objetivo de desarticular uma organiza\u00e7\u00e3o criminosa envolvida com o tr\u00e1fico interestadual de drogas, que utilizava o Aeroporto Internacional Presidente Castro Pinto, em Bayeux\/PB, como rota de entrada de coca\u00edna na Para\u00edba.<\/p>\n\n\n\n<p>A investiga\u00e7\u00e3o teve in\u00edcio no dia 29 de janeiro de 2025, quando uma mulher foi presa em flagrante transportando cerca de 3 kg de coca\u00edna presos ao corpo. A partir da an\u00e1lise de dados obtidos, foi poss\u00edvel identificar uma rede criminosa estruturada, com ramifica\u00e7\u00f5es em diversos estados do pa\u00eds.<\/p>\n\n\n\n<p>Nesta fase da opera\u00e7\u00e3o, al\u00e9m de dilig\u00eancias investigativas, foram cumpridos dois mandados de pris\u00e3o preventiva, expedidos pela Justi\u00e7a Federal.<\/p>\n\n\n\n<p>Os investigados responder\u00e3o pelos crimes de tr\u00e1fico de drogas e associa\u00e7\u00e3o para o tr\u00e1fico, ambos na modalidade interestadual, cujas penas podem chegar a 25 anos de reclus\u00e3o, al\u00e9m da aplica\u00e7\u00e3o de multa.<\/p>\n\n\n\n<p>O nome da opera\u00e7\u00e3o \u2014 Atadura \u2014 faz alus\u00e3o \u00e0 forma utilizada para ocultar a droga junto ao corpo da transportadora, simbolizando tamb\u00e9m o v\u00ednculo entre os integrantes da organiza\u00e7\u00e3o criminosa.<\/p>\n\n\n\n<p>As investiga\u00e7\u00f5es continuam com foco na identifica\u00e7\u00e3o completa da cadeia de atua\u00e7\u00e3o do grupo criminoso e no enfrentamento das estruturas log\u00edsticas utilizadas no tr\u00e1fico de drogas em aeroportos do pa\u00eds.<\/p>\n\n\n\n<p><strong><em>PB Agora<\/em><\/strong><\/p>\n","protected":false},"excerpt":{"rendered":"<p><img decoding=\"async\" width=\"576\" height=\"1024\" src=\"https:\/\/www.pbagora.com.br\/storage\/2025\/08\/WhatsApp-Image-2025-08-27-at-09.25.27-576x1024.jpeg\" class=\"attachment-large size-large wp-post-image\" alt=\"\" loading=\"lazy\" srcset=\"https:\/\/www.pbagora.com.br\/storage\/2025\/08\/WhatsApp-Image-2025-08-27-at-09.25.27-576x1024.jpeg 576w, https:\/\/www.pbagora.com.br\/storage\/2025\/08\/WhatsApp-Image-2025-08-27-at-09.25.27-169x300.jpeg 169w, https:\/\/www.pbagora.com.br\/storage\/2025\/08\/WhatsApp-Image-2025-08-27-at-09.25.27-84x150.jpeg 84w, https:\/\/www.pbagora.com.br\/storage\/2025\/08\/WhatsApp-Image-2025-08-27-at-09.25.27-768x1365.jpeg 768w, https:\/\/www.pbagora.com.br\/storage\/2025\/08\/WhatsApp-Image-2025-08-27-at-09.25.27-864x1536.jpeg 864w, https:\/\/www.pbagora.com.br\/storage\/2025\/08\/WhatsApp-Image-2025-08-27-at-09.25.27-1152x2048.jpeg 1152w, https:\/\/www.pbagora.com.br\/storage\/2025\/08\/WhatsApp-Image-2025-08-27-at-09.25.27-380x676.jpeg 380w, https:\/\/www.pbagora.com.br\/storage\/2025\/08\/WhatsApp-Image-2025-08-27-at-09.25.27-800x1422.jpeg 800w, https:\/\/www.pbagora.com.br\/storage\/2025\/08\/WhatsApp-Image-2025-08-27-at-09.25.27-1160x2062.jpeg 1160w, https:\/\/www.pbagora.com.br\/storage\/2025\/08\/WhatsApp-Image-2025-08-27-at-09.25.27-80x142.jpeg 80w, https:\/\/www.pbagora.com.br\/storage\/2025\/08\/WhatsApp-Image-2025-08-27-at-09.25.27-45x80.jpeg 45w, https:\/\/www.pbagora.com.br\/storage\/2025\/08\/WhatsApp-Image-2025-08-27-at-09.25.27-1728x3072.jpeg 1728w, https:\/\/www.pbagora.com.br\/storage\/2025\/08\/WhatsApp-Image-2025-08-27-at-09.25.27-2304x4096.jpeg 2304w, https:\/\/www.pbagora.com.br\/storage\/2025\/08\/WhatsApp-Image-2025-08-27-at-09.25.27-760x1351.jpeg 760w, https:\/\/www.pbagora.com.br\/storage\/2025\/08\/WhatsApp-Image-2025-08-27-at-09.25.27-338x600.jpeg 338w, https:\/\/www.pbagora.com.br\/storage\/2025\/08\/WhatsApp-Image-2025-08-27-at-09.25.27-scaled.jpeg 1440w\" sizes=\"auto, (max-width: 576px) 100vw, 576px\"><\/p>\n<p>A Pol\u00edcia Federal deflagrou, nesta quarta-feira (27), a Opera\u00e7\u00e3o Atadura, com o objetivo de desarticular uma organiza\u00e7\u00e3o criminosa\u2026<\/p>\n","protected":false},"author":123457,"featured_media":0,"comment_status":"closed","ping_status":"closed","sticky":false,"template":"","format":"standard","meta":{"advgb_blocks_editor_width":"","advgb_blocks_columns_visual_guide":"","footnotes":""},"categories":[34],"tags":[35,10839,10850],"class_list":["post-60241","post","type-post","status-publish","format-standard","hentry","category-g1","tag-g1","tag-policial","tag-voceviu"],"author_meta":{"display_name":"Reda\u00e7\u00e3o","author_link":"https:\/\/sindaopcpb.org.br\/author\/redacao\/"},"featured_img":null,"coauthors":[],"tax_additional":{"categories":{"linked":["<a href=\"https:\/\/sindaopcpb.org.br\/g1\/\" class=\"advgb-post-tax-term\">G1<\/a>"],"unlinked":["<span class=\"advgb-post-tax-term\">G1<\/span>"]},"tags":{"linked":["<a href=\"https:\/\/sindaopcpb.org.br\/g1\/\" class=\"advgb-post-tax-term\">g1<\/a>","<a href=\"https:\/\/sindaopcpb.org.br\/g1\/\" class=\"advgb-post-tax-term\">Policial<\/a>","<a href=\"https:\/\/sindaopcpb.org.br\/g1\/\" class=\"advgb-post-tax-term\">Voceviu?<\/a>"],"unlinked":["<span class=\"advgb-post-tax-term\">g1<\/span>","<span class=\"advgb-post-tax-term\">Policial<\/span>","<span class=\"advgb-post-tax-term\">Voceviu?<\/span>"]}},"comment_count":"0","relative_dates":{"created":"Publicado 8 meses atr\u00e1s","modified":"Atualizado 8 meses atr\u00e1s"},"absolute_dates":{"created":"Publicado em 27 de agosto de 2025","modified":"Atualizado em 27 de agosto de 2025"},"absolute_dates_time":{"created":"Publicado em 27 de agosto de 2025 09:34","modified":"Atualizado em 27 de agosto de 2025 11:20"},"featured_img_caption":"","series_order":"","_links":{"self":[{"href":"https:\/\/sindaopcpb.org.br\/index.php\/wp-json\/wp\/v2\/posts\/60241","targetHints":{"allow":["GET"]}}],"collection":[{"href":"https:\/\/sindaopcpb.org.br\/index.php\/wp-json\/wp\/v2\/posts"}],"about":[{"href":"https:\/\/sindaopcpb.org.br\/index.php\/wp-json\/wp\/v2\/types\/post"}],"author":[{"embeddable":true,"href":"https:\/\/sindaopcpb.org.br\/index.php\/wp-json\/wp\/v2\/users\/123457"}],"replies":[{"embeddable":true,"href":"https:\/\/sindaopcpb.org.br\/index.php\/wp-json\/wp\/v2\/comments?post=60241"}],"version-history":[{"count":2,"href":"https:\/\/sindaopcpb.org.br\/index.php\/wp-json\/wp\/v2\/posts\/60241\/revisions"}],"predecessor-version":[{"id":60262,"href":"https:\/\/sindaopcpb.org.br\/index.php\/wp-json\/wp\/v2\/posts\/60241\/revisions\/60262"}],"wp:attachment":[{"href":"https:\/\/sindaopcpb.org.br\/index.php\/wp-json\/wp\/v2\/media?parent=60241"}],"wp:term":[{"taxonomy":"category","embeddable":true,"href":"https:\/\/sindaopcpb.org.br\/index.php\/wp-json\/wp\/v2\/categories?post=60241"},{"taxonomy":"post_tag","embeddable":true,"href":"https:\/\/sindaopcpb.org.br\/index.php\/wp-json\/wp\/v2\/tags?post=60241"}],"curies":[{"name":"wp","href":"https:\/\/api.w.org\/{rel}","templated":true}]}}