{"id":60230,"date":"2025-08-27T07:38:30","date_gmt":"2025-08-27T10:38:30","guid":{"rendered":"https:\/\/www.pbagora.com.br\/?p=914202"},"modified":"2025-08-27T07:38:30","modified_gmt":"2025-08-27T10:38:30","slug":"policia-prende-na-bahia-homem-suspeito-de-matar-jovem-autista-na-paraiba","status":"publish","type":"post","link":"https:\/\/sindaopcpb.org.br\/index.php\/2025\/08\/27\/policia-prende-na-bahia-homem-suspeito-de-matar-jovem-autista-na-paraiba\/","title":{"rendered":"\u00a0Pol\u00edcia prende na Bahia, homem suspeito de matar jovem autista na Para\u00edba"},"content":{"rendered":"<p><img width=\"754\" height=\"500\" src=\"https:\/\/www.pbagora.com.br\/storage\/2025\/08\/PC.jpg\" class=\"attachment-large size-large wp-post-image\" alt=\"\" style=\"margin-bottom: 20px;\" decoding=\"async\" srcset=\"https:\/\/www.pbagora.com.br\/storage\/2025\/08\/PC.jpg 754w, https:\/\/www.pbagora.com.br\/storage\/2025\/08\/PC-300x199.jpg 300w, https:\/\/www.pbagora.com.br\/storage\/2025\/08\/PC-150x99.jpg 150w, https:\/\/www.pbagora.com.br\/storage\/2025\/08\/PC-380x252.jpg 380w, https:\/\/www.pbagora.com.br\/storage\/2025\/08\/PC-80x53.jpg 80w, https:\/\/www.pbagora.com.br\/storage\/2025\/08\/PC-600x398.jpg 600w\" sizes=\"(max-width: 754px) 100vw, 754px\" \/><\/p>\n<p>A Pol\u00edcia Civil prendeu o homem investigado pelo&nbsp;desaparecimento de um casal de idosos e a tentativa de assassinato do filho deles, um jovem autista de 27 anos, na cidade de&nbsp;Sap\u00e9, na Para\u00edba. A pris\u00e3o foi feita nesta ter\u00e7a-feira (26) no interior da Bahia.<\/p>\n\n\n\n<p>De acordo com a Pol\u00edcia Civil, o desaparecimento e a tentativa de morte do filho do casal teve rela\u00e7\u00e3o com um interesse do suspeito pelo im\u00f3vel dos idosos em Sap\u00e9, j\u00e1 que ele estava com uma procura\u00e7\u00e3o para vender a propriedade. Segundo o Creci-PB, o homem n\u00e3o tem registro profissional e \u00e9 investigado por exerc\u00edcio irregular da profiss\u00e3o.<\/p>\n\n\n\n<p>O delegado de Sap\u00e9 informou que o homem foi preso pela Pol\u00edcia Rodovi\u00e1ria Federal (PRF) ap\u00f3s a corpora\u00e7\u00e3o ser comunicada pela Pol\u00edcia Civil da Para\u00edba.&nbsp;Ele foi encontrado dentro de um \u00f4nibus em Jaguaquara, no interior da Bahia, na BR-116, com destino para Vit\u00f3ria da Conquista.<\/p>\n\n\n\n<p>A PRF encaminhou o suspeito para a delegacia da Pol\u00edcia Civil na cidade de Jaguaquara, onde o homem vai passar por audi\u00eancia de cust\u00f3dia na quarta-feira (27). Uma equipe de policiais de Sap\u00e9 v\u00e3o ser respons\u00e1veis pela transfer\u00eancia do suspeito para a cidade. Isso deve acontecer ap\u00f3s a audi\u00eancia.<\/p>\n\n\n\n<p>Para os agentes da Pol\u00edcia Civil da cidade de Jaguaquara, o suspeito negou as acusa\u00e7\u00f5es.<\/p>\n\n\n\n<p><em><strong>Reda\u00e7\u00e3o<\/strong><\/em><\/p>\n","protected":false},"excerpt":{"rendered":"<p><img loading=\"lazy\" decoding=\"async\" width=\"754\" height=\"500\" src=\"https:\/\/www.pbagora.com.br\/storage\/2025\/08\/PC.jpg\" class=\"attachment-large size-large wp-post-image\" alt=\"\" srcset=\"https:\/\/www.pbagora.com.br\/storage\/2025\/08\/PC.jpg 754w, https:\/\/www.pbagora.com.br\/storage\/2025\/08\/PC-300x199.jpg 300w, https:\/\/www.pbagora.com.br\/storage\/2025\/08\/PC-150x99.jpg 150w, https:\/\/www.pbagora.com.br\/storage\/2025\/08\/PC-380x252.jpg 380w, https:\/\/www.pbagora.com.br\/storage\/2025\/08\/PC-80x53.jpg 80w, https:\/\/www.pbagora.com.br\/storage\/2025\/08\/PC-600x398.jpg 600w\" sizes=\"auto, (max-width: 754px) 100vw, 754px\"><\/p>\n<p>A Pol\u00edcia Civil prendeu o homem investigado pelo\u00a0desaparecimento de um casal de idosos e a tentativa de assassinato\u2026<\/p>\n","protected":false},"author":123457,"featured_media":0,"comment_status":"closed","ping_status":"closed","sticky":false,"template":"","format":"standard","meta":{"advgb_blocks_editor_width":"","advgb_blocks_columns_visual_guide":"","footnotes":""},"categories":[34],"tags":[10840,35,10839],"class_list":["post-60230","post","type-post","status-publish","format-standard","hentry","category-g1","tag-destaque-centro-03","tag-g1","tag-policial"],"author_meta":{"display_name":"Reda\u00e7\u00e3o","author_link":"https:\/\/sindaopcpb.org.br\/author\/redacao\/"},"featured_img":null,"coauthors":[],"tax_additional":{"categories":{"linked":["<a href=\"https:\/\/sindaopcpb.org.br\/g1\/\" class=\"advgb-post-tax-term\">G1<\/a>"],"unlinked":["<span class=\"advgb-post-tax-term\">G1<\/span>"]},"tags":{"linked":["<a href=\"https:\/\/sindaopcpb.org.br\/g1\/\" class=\"advgb-post-tax-term\">Destaque Centro 03<\/a>","<a href=\"https:\/\/sindaopcpb.org.br\/g1\/\" class=\"advgb-post-tax-term\">g1<\/a>","<a href=\"https:\/\/sindaopcpb.org.br\/g1\/\" class=\"advgb-post-tax-term\">Policial<\/a>"],"unlinked":["<span class=\"advgb-post-tax-term\">Destaque Centro 03<\/span>","<span class=\"advgb-post-tax-term\">g1<\/span>","<span class=\"advgb-post-tax-term\">Policial<\/span>"]}},"comment_count":"0","relative_dates":{"created":"Publicado 8 meses atr\u00e1s","modified":"Atualizado 8 meses atr\u00e1s"},"absolute_dates":{"created":"Publicado em 27 de agosto de 2025","modified":"Atualizado em 27 de agosto de 2025"},"absolute_dates_time":{"created":"Publicado em 27 de agosto de 2025 07:38","modified":"Atualizado em 27 de agosto de 2025 07:38"},"featured_img_caption":"","series_order":"","_links":{"self":[{"href":"https:\/\/sindaopcpb.org.br\/index.php\/wp-json\/wp\/v2\/posts\/60230","targetHints":{"allow":["GET"]}}],"collection":[{"href":"https:\/\/sindaopcpb.org.br\/index.php\/wp-json\/wp\/v2\/posts"}],"about":[{"href":"https:\/\/sindaopcpb.org.br\/index.php\/wp-json\/wp\/v2\/types\/post"}],"author":[{"embeddable":true,"href":"https:\/\/sindaopcpb.org.br\/index.php\/wp-json\/wp\/v2\/users\/123457"}],"replies":[{"embeddable":true,"href":"https:\/\/sindaopcpb.org.br\/index.php\/wp-json\/wp\/v2\/comments?post=60230"}],"version-history":[{"count":4,"href":"https:\/\/sindaopcpb.org.br\/index.php\/wp-json\/wp\/v2\/posts\/60230\/revisions"}],"predecessor-version":[{"id":60266,"href":"https:\/\/sindaopcpb.org.br\/index.php\/wp-json\/wp\/v2\/posts\/60230\/revisions\/60266"}],"wp:attachment":[{"href":"https:\/\/sindaopcpb.org.br\/index.php\/wp-json\/wp\/v2\/media?parent=60230"}],"wp:term":[{"taxonomy":"category","embeddable":true,"href":"https:\/\/sindaopcpb.org.br\/index.php\/wp-json\/wp\/v2\/categories?post=60230"},{"taxonomy":"post_tag","embeddable":true,"href":"https:\/\/sindaopcpb.org.br\/index.php\/wp-json\/wp\/v2\/tags?post=60230"}],"curies":[{"name":"wp","href":"https:\/\/api.w.org\/{rel}","templated":true}]}}