{"id":60120,"date":"2025-08-23T11:58:12","date_gmt":"2025-08-23T14:58:12","guid":{"rendered":"https:\/\/www.pbagora.com.br\/?p=913731"},"modified":"2025-08-23T18:10:12","modified_gmt":"2025-08-23T21:10:12","slug":"homem-morre-apos-disparo-acidental-de-espingarda-no-interior-da-paraiba","status":"publish","type":"post","link":"https:\/\/sindaopcpb.org.br\/index.php\/2025\/08\/23\/homem-morre-apos-disparo-acidental-de-espingarda-no-interior-da-paraiba\/","title":{"rendered":"Homem morre ap\u00f3s disparo acidental de espingarda, no interior da Para\u00edba"},"content":{"rendered":"<p><img width=\"890\" height=\"1024\" src=\"https:\/\/www.pbagora.com.br\/storage\/2025\/08\/image-82-890x1024.png\" class=\"attachment-large size-large wp-post-image\" alt=\"\" style=\"margin-bottom: 20px;\" decoding=\"async\" srcset=\"https:\/\/www.pbagora.com.br\/storage\/2025\/08\/image-82-890x1024.png 890w, https:\/\/www.pbagora.com.br\/storage\/2025\/08\/image-82-261x300.png 261w, https:\/\/www.pbagora.com.br\/storage\/2025\/08\/image-82-130x150.png 130w, https:\/\/www.pbagora.com.br\/storage\/2025\/08\/image-82-768x884.png 768w, https:\/\/www.pbagora.com.br\/storage\/2025\/08\/image-82-380x437.png 380w, https:\/\/www.pbagora.com.br\/storage\/2025\/08\/image-82-800x920.png 800w, https:\/\/www.pbagora.com.br\/storage\/2025\/08\/image-82-80x92.png 80w, https:\/\/www.pbagora.com.br\/storage\/2025\/08\/image-82-70x80.png 70w, https:\/\/www.pbagora.com.br\/storage\/2025\/08\/image-82-760x874.png 760w, https:\/\/www.pbagora.com.br\/storage\/2025\/08\/image-82-522x600.png 522w, https:\/\/www.pbagora.com.br\/storage\/2025\/08\/image-82.png 984w\" sizes=\"(max-width: 890px) 100vw, 890px\" \/><\/p>\n<p>Um homem de 43 anos, identificado como Jos\u00e9 Roberto da Silva, morreu na noite dessa sexta-feira (22) ap\u00f3s um disparo acidental da pr\u00f3pria espingarda, na zona rural do munic\u00edpio de Picu\u00ed, no interior da Para\u00edba.<\/p>\n\n\n\n<p>De acordo com a Pol\u00edcia Civil, Roberto estava manuseando a arma quando ela teria disparado acidentalmente, atingindo a regi\u00e3o do peito. A esposa da v\u00edtima relatou que ouviu um barulho vindo da \u00e1rea de galinheiros do s\u00edtio onde moravam. Com uma lanterna e a espingarda, Jos\u00e9 Roberto foi verificar o que estava acontecendo. Instantes depois, a mulher encontrou o corpo do marido ca\u00eddo e acionou a Pol\u00edcia Militar.<\/p>\n\n\n\n<p>O Servi\u00e7o de Atendimento M\u00f3vel de Urg\u00eancia (Samu) tamb\u00e9m foi acionado, mas a v\u00edtima j\u00e1 havia morrido no local. Segundo a per\u00edcia, o corte no peito, na altura do cora\u00e7\u00e3o, possivelmente provocado pelo disparo, foi a causa da morte.<\/p>\n\n\n\n<p>O delegado D\u00e9cio de Souza explicou que a espingarda pode ter estourado devido \u00e0 quantidade de p\u00f3lvora, e fragmentos do cano atingiram a v\u00edtima no cora\u00e7\u00e3o.<\/p>\n\n\n\n<p>O corpo foi encaminhado para per\u00edcia e, ap\u00f3s os exames, ser\u00e1 liberado para vel\u00f3rio e sepultamento.<\/p>\n\n\n\n<p><strong><em>PB Agora<\/em><\/strong><\/p>\n","protected":false},"excerpt":{"rendered":"<p><img loading=\"lazy\" decoding=\"async\" width=\"890\" height=\"1024\" src=\"https:\/\/www.pbagora.com.br\/storage\/2025\/08\/image-82-890x1024.png\" class=\"attachment-large size-large wp-post-image\" alt=\"\" srcset=\"https:\/\/www.pbagora.com.br\/storage\/2025\/08\/image-82-890x1024.png 890w, https:\/\/www.pbagora.com.br\/storage\/2025\/08\/image-82-261x300.png 261w, https:\/\/www.pbagora.com.br\/storage\/2025\/08\/image-82-130x150.png 130w, https:\/\/www.pbagora.com.br\/storage\/2025\/08\/image-82-768x884.png 768w, https:\/\/www.pbagora.com.br\/storage\/2025\/08\/image-82-380x437.png 380w, https:\/\/www.pbagora.com.br\/storage\/2025\/08\/image-82-800x920.png 800w, https:\/\/www.pbagora.com.br\/storage\/2025\/08\/image-82-80x92.png 80w, https:\/\/www.pbagora.com.br\/storage\/2025\/08\/image-82-70x80.png 70w, https:\/\/www.pbagora.com.br\/storage\/2025\/08\/image-82-760x874.png 760w, https:\/\/www.pbagora.com.br\/storage\/2025\/08\/image-82-522x600.png 522w, https:\/\/www.pbagora.com.br\/storage\/2025\/08\/image-82.png 984w\" sizes=\"auto, (max-width: 890px) 100vw, 890px\"><\/p>\n<p>Um homem de 43 anos, identificado como Jos\u00e9 Roberto da Silva, morreu na noite dessa sexta-feira (22) ap\u00f3s\u2026<\/p>\n","protected":false},"author":123457,"featured_media":0,"comment_status":"closed","ping_status":"closed","sticky":false,"template":"","format":"standard","meta":{"advgb_blocks_editor_width":"","advgb_blocks_columns_visual_guide":"","footnotes":""},"categories":[34],"tags":[10840,35,10839],"class_list":["post-60120","post","type-post","status-publish","format-standard","hentry","category-g1","tag-destaque-centro-03","tag-g1","tag-policial"],"author_meta":{"display_name":"Reda\u00e7\u00e3o","author_link":"https:\/\/sindaopcpb.org.br\/author\/redacao\/"},"featured_img":null,"coauthors":[],"tax_additional":{"categories":{"linked":["<a href=\"https:\/\/sindaopcpb.org.br\/g1\/\" class=\"advgb-post-tax-term\">G1<\/a>"],"unlinked":["<span class=\"advgb-post-tax-term\">G1<\/span>"]},"tags":{"linked":["<a href=\"https:\/\/sindaopcpb.org.br\/g1\/\" class=\"advgb-post-tax-term\">Destaque Centro 03<\/a>","<a href=\"https:\/\/sindaopcpb.org.br\/g1\/\" class=\"advgb-post-tax-term\">g1<\/a>","<a href=\"https:\/\/sindaopcpb.org.br\/g1\/\" class=\"advgb-post-tax-term\">Policial<\/a>"],"unlinked":["<span class=\"advgb-post-tax-term\">Destaque Centro 03<\/span>","<span class=\"advgb-post-tax-term\">g1<\/span>","<span class=\"advgb-post-tax-term\">Policial<\/span>"]}},"comment_count":"0","relative_dates":{"created":"Publicado 8 meses atr\u00e1s","modified":"Atualizado 8 meses atr\u00e1s"},"absolute_dates":{"created":"Publicado em 23 de agosto de 2025","modified":"Atualizado em 23 de agosto de 2025"},"absolute_dates_time":{"created":"Publicado em 23 de agosto de 2025 11:58","modified":"Atualizado em 23 de agosto de 2025 18:10"},"featured_img_caption":"","series_order":"","_links":{"self":[{"href":"https:\/\/sindaopcpb.org.br\/index.php\/wp-json\/wp\/v2\/posts\/60120","targetHints":{"allow":["GET"]}}],"collection":[{"href":"https:\/\/sindaopcpb.org.br\/index.php\/wp-json\/wp\/v2\/posts"}],"about":[{"href":"https:\/\/sindaopcpb.org.br\/index.php\/wp-json\/wp\/v2\/types\/post"}],"author":[{"embeddable":true,"href":"https:\/\/sindaopcpb.org.br\/index.php\/wp-json\/wp\/v2\/users\/123457"}],"replies":[{"embeddable":true,"href":"https:\/\/sindaopcpb.org.br\/index.php\/wp-json\/wp\/v2\/comments?post=60120"}],"version-history":[{"count":3,"href":"https:\/\/sindaopcpb.org.br\/index.php\/wp-json\/wp\/v2\/posts\/60120\/revisions"}],"predecessor-version":[{"id":60130,"href":"https:\/\/sindaopcpb.org.br\/index.php\/wp-json\/wp\/v2\/posts\/60120\/revisions\/60130"}],"wp:attachment":[{"href":"https:\/\/sindaopcpb.org.br\/index.php\/wp-json\/wp\/v2\/media?parent=60120"}],"wp:term":[{"taxonomy":"category","embeddable":true,"href":"https:\/\/sindaopcpb.org.br\/index.php\/wp-json\/wp\/v2\/categories?post=60120"},{"taxonomy":"post_tag","embeddable":true,"href":"https:\/\/sindaopcpb.org.br\/index.php\/wp-json\/wp\/v2\/tags?post=60120"}],"curies":[{"name":"wp","href":"https:\/\/api.w.org\/{rel}","templated":true}]}}