{"id":60112,"date":"2025-08-23T08:48:10","date_gmt":"2025-08-23T11:48:10","guid":{"rendered":"https:\/\/www.pbagora.com.br\/?p=913726"},"modified":"2025-08-23T12:00:10","modified_gmt":"2025-08-23T15:00:10","slug":"turista-e-baleado-apos-reagir-a-assalto-no-bairro-de-manaira-em-joao-pessoa","status":"publish","type":"post","link":"https:\/\/sindaopcpb.org.br\/index.php\/2025\/08\/23\/turista-e-baleado-apos-reagir-a-assalto-no-bairro-de-manaira-em-joao-pessoa\/","title":{"rendered":"Turista \u00e9 baleado ap\u00f3s reagir a assalto no bairro de Mana\u00edra, em Jo\u00e3o Pessoa"},"content":{"rendered":"<p><img width=\"800\" height=\"600\" src=\"https:\/\/www.pbagora.com.br\/storage\/2024\/12\/policia-civil-central.webp\" class=\"attachment-large size-large wp-post-image\" alt=\"\" style=\"margin-bottom: 20px;\" decoding=\"async\" loading=\"lazy\" srcset=\"https:\/\/www.pbagora.com.br\/storage\/2024\/12\/policia-civil-central.webp 800w, https:\/\/www.pbagora.com.br\/storage\/2024\/12\/policia-civil-central-300x225.webp 300w, https:\/\/www.pbagora.com.br\/storage\/2024\/12\/policia-civil-central-150x113.webp 150w, https:\/\/www.pbagora.com.br\/storage\/2024\/12\/policia-civil-central-768x576.webp 768w, https:\/\/www.pbagora.com.br\/storage\/2024\/12\/policia-civil-central-200x150.webp 200w, https:\/\/www.pbagora.com.br\/storage\/2024\/12\/policia-civil-central-260x195.webp 260w, https:\/\/www.pbagora.com.br\/storage\/2024\/12\/policia-civil-central-380x285.webp 380w, https:\/\/www.pbagora.com.br\/storage\/2024\/12\/policia-civil-central-80x60.webp 80w, https:\/\/www.pbagora.com.br\/storage\/2024\/12\/policia-civil-central-600x450.webp 600w, https:\/\/www.pbagora.com.br\/storage\/2024\/12\/policia-civil-central-520x390.webp 520w, https:\/\/www.pbagora.com.br\/storage\/2024\/12\/policia-civil-central-760x570.webp 760w\" sizes=\"auto, (max-width: 800px) 100vw, 800px\" \/><\/p>\n<p>Um turista foi baleado na noite desta sexta-feira (22) ao reagir a um assalto no bairro de Mana\u00edra, em Jo\u00e3o Pessoa. Segundo informa\u00e7\u00f5es apuradas no local, dois homens participaram da a\u00e7\u00e3o criminosa. Durante a abordagem, o cord\u00e3o da v\u00edtima foi levado.<\/p>\n\n\n\n<p>De acordo com testemunhas, a v\u00edtima foi atingida por tr\u00eas disparos de arma de fogo. Um policial que passava pela regi\u00e3o conseguiu intervir e prender um dos suspeitos, enquanto o comparsa conseguiu fugir.<\/p>\n\n\n\n<p>Ainda n\u00e3o h\u00e1 informa\u00e7\u00f5es sobre o estado de sa\u00fade do turista nem detalhes sobre a recupera\u00e7\u00e3o do objeto roubado. A Pol\u00edcia Civil segue investigando o caso.<\/p>\n\n\n\n<p><strong><em>PB Agora<\/em><\/strong><\/p>\n","protected":false},"excerpt":{"rendered":"<p><img decoding=\"async\" width=\"800\" height=\"600\" src=\"https:\/\/www.pbagora.com.br\/storage\/2024\/12\/policia-civil-central.webp\" class=\"attachment-large size-large wp-post-image\" alt=\"\" loading=\"lazy\" srcset=\"https:\/\/www.pbagora.com.br\/storage\/2024\/12\/policia-civil-central.webp 800w, https:\/\/www.pbagora.com.br\/storage\/2024\/12\/policia-civil-central-300x225.webp 300w, https:\/\/www.pbagora.com.br\/storage\/2024\/12\/policia-civil-central-150x113.webp 150w, https:\/\/www.pbagora.com.br\/storage\/2024\/12\/policia-civil-central-768x576.webp 768w, https:\/\/www.pbagora.com.br\/storage\/2024\/12\/policia-civil-central-200x150.webp 200w, https:\/\/www.pbagora.com.br\/storage\/2024\/12\/policia-civil-central-260x195.webp 260w, https:\/\/www.pbagora.com.br\/storage\/2024\/12\/policia-civil-central-380x285.webp 380w, https:\/\/www.pbagora.com.br\/storage\/2024\/12\/policia-civil-central-80x60.webp 80w, https:\/\/www.pbagora.com.br\/storage\/2024\/12\/policia-civil-central-600x450.webp 600w, https:\/\/www.pbagora.com.br\/storage\/2024\/12\/policia-civil-central-520x390.webp 520w, https:\/\/www.pbagora.com.br\/storage\/2024\/12\/policia-civil-central-760x570.webp 760w\" sizes=\"auto, (max-width: 800px) 100vw, 800px\"><\/p>\n<p>Um turista foi baleado na noite desta sexta-feira (22) ao reagir a um assalto no bairro de Mana\u00edra,\u2026<\/p>\n","protected":false},"author":123457,"featured_media":0,"comment_status":"closed","ping_status":"closed","sticky":false,"template":"","format":"standard","meta":{"advgb_blocks_editor_width":"","advgb_blocks_columns_visual_guide":"","footnotes":""},"categories":[34],"tags":[10852,35,10839],"class_list":["post-60112","post","type-post","status-publish","format-standard","hentry","category-g1","tag-destaque-final-01","tag-g1","tag-policial"],"author_meta":{"display_name":"Reda\u00e7\u00e3o","author_link":"https:\/\/sindaopcpb.org.br\/author\/redacao\/"},"featured_img":null,"coauthors":[],"tax_additional":{"categories":{"linked":["<a href=\"https:\/\/sindaopcpb.org.br\/g1\/\" class=\"advgb-post-tax-term\">G1<\/a>"],"unlinked":["<span class=\"advgb-post-tax-term\">G1<\/span>"]},"tags":{"linked":["<a href=\"https:\/\/sindaopcpb.org.br\/g1\/\" class=\"advgb-post-tax-term\">Destaque Final 01<\/a>","<a href=\"https:\/\/sindaopcpb.org.br\/g1\/\" class=\"advgb-post-tax-term\">g1<\/a>","<a href=\"https:\/\/sindaopcpb.org.br\/g1\/\" class=\"advgb-post-tax-term\">Policial<\/a>"],"unlinked":["<span class=\"advgb-post-tax-term\">Destaque Final 01<\/span>","<span class=\"advgb-post-tax-term\">g1<\/span>","<span class=\"advgb-post-tax-term\">Policial<\/span>"]}},"comment_count":"0","relative_dates":{"created":"Publicado 8 meses atr\u00e1s","modified":"Atualizado 8 meses atr\u00e1s"},"absolute_dates":{"created":"Publicado em 23 de agosto de 2025","modified":"Atualizado em 23 de agosto de 2025"},"absolute_dates_time":{"created":"Publicado em 23 de agosto de 2025 08:48","modified":"Atualizado em 23 de agosto de 2025 12:00"},"featured_img_caption":"","series_order":"","_links":{"self":[{"href":"https:\/\/sindaopcpb.org.br\/index.php\/wp-json\/wp\/v2\/posts\/60112","targetHints":{"allow":["GET"]}}],"collection":[{"href":"https:\/\/sindaopcpb.org.br\/index.php\/wp-json\/wp\/v2\/posts"}],"about":[{"href":"https:\/\/sindaopcpb.org.br\/index.php\/wp-json\/wp\/v2\/types\/post"}],"author":[{"embeddable":true,"href":"https:\/\/sindaopcpb.org.br\/index.php\/wp-json\/wp\/v2\/users\/123457"}],"replies":[{"embeddable":true,"href":"https:\/\/sindaopcpb.org.br\/index.php\/wp-json\/wp\/v2\/comments?post=60112"}],"version-history":[{"count":3,"href":"https:\/\/sindaopcpb.org.br\/index.php\/wp-json\/wp\/v2\/posts\/60112\/revisions"}],"predecessor-version":[{"id":60128,"href":"https:\/\/sindaopcpb.org.br\/index.php\/wp-json\/wp\/v2\/posts\/60112\/revisions\/60128"}],"wp:attachment":[{"href":"https:\/\/sindaopcpb.org.br\/index.php\/wp-json\/wp\/v2\/media?parent=60112"}],"wp:term":[{"taxonomy":"category","embeddable":true,"href":"https:\/\/sindaopcpb.org.br\/index.php\/wp-json\/wp\/v2\/categories?post=60112"},{"taxonomy":"post_tag","embeddable":true,"href":"https:\/\/sindaopcpb.org.br\/index.php\/wp-json\/wp\/v2\/tags?post=60112"}],"curies":[{"name":"wp","href":"https:\/\/api.w.org\/{rel}","templated":true}]}}