{"id":60082,"date":"2025-08-22T09:42:41","date_gmt":"2025-08-22T12:42:41","guid":{"rendered":"https:\/\/www.pbagora.com.br\/?p=913615"},"modified":"2025-08-22T11:42:41","modified_gmt":"2025-08-22T14:42:41","slug":"policial-civil-e-baleado-durante-tentativa-de-assalto-em-joao-pessoa","status":"publish","type":"post","link":"https:\/\/sindaopcpb.org.br\/index.php\/2025\/08\/22\/policial-civil-e-baleado-durante-tentativa-de-assalto-em-joao-pessoa\/","title":{"rendered":"Policial civil \u00e9 baleado durante tentativa de assalto em Jo\u00e3o Pessoa"},"content":{"rendered":"<p><img width=\"687\" height=\"463\" src=\"https:\/\/www.pbagora.com.br\/storage\/2023\/11\/csm_samu_no_hospital_de_trauma_JP_702d9f635d.jpeg\" class=\"attachment-large size-large wp-post-image\" alt=\"\" style=\"margin-bottom: 20px;\" decoding=\"async\" loading=\"lazy\" srcset=\"https:\/\/www.pbagora.com.br\/storage\/2023\/11\/csm_samu_no_hospital_de_trauma_JP_702d9f635d.jpeg 687w, https:\/\/www.pbagora.com.br\/storage\/2023\/11\/csm_samu_no_hospital_de_trauma_JP_702d9f635d-300x202.jpeg 300w, https:\/\/www.pbagora.com.br\/storage\/2023\/11\/csm_samu_no_hospital_de_trauma_JP_702d9f635d-150x101.jpeg 150w, https:\/\/www.pbagora.com.br\/storage\/2023\/11\/csm_samu_no_hospital_de_trauma_JP_702d9f635d-380x256.jpeg 380w, https:\/\/www.pbagora.com.br\/storage\/2023\/11\/csm_samu_no_hospital_de_trauma_JP_702d9f635d-80x54.jpeg 80w, https:\/\/www.pbagora.com.br\/storage\/2023\/11\/csm_samu_no_hospital_de_trauma_JP_702d9f635d-600x404.jpeg 600w\" sizes=\"auto, (max-width: 687px) 100vw, 687px\" \/><\/p>\n<p>Um policial civil foi atingido por um disparo na manh\u00e3 desta sexta-feira (22) durante uma tentativa de assalto no bairro do Funcion\u00e1rios II, em Jo\u00e3o Pessoa. O agente, que se deslocava de moto para o trabalho, foi surpreendido por criminosos armados.<\/p>\n\n\n\n<p>Segundo informa\u00e7\u00f5es iniciais, um dos suspeitos anunciou o assalto e disparou contra o policial, atingindo sua perna. Apesar do ferimento, o agente conseguiu chegar \u00e0 Central de Pol\u00edcia Civil, onde atua, e acionou os colegas para receber socorro.<\/p>\n\n\n\n<p>Ele foi encaminhado ao Hospital de Emerg\u00eancia e Trauma da Capital, onde recebeu atendimento. A unidade confirmou que o policial est\u00e1 fora de risco de morte.<\/p>\n\n\n\n<p>Ap\u00f3s o ataque, os suspeitos fugiram do local. Equipes da Pol\u00edcia Civil realizam buscas na regi\u00e3o na tentativa de localizar e prender os envolvidos.<\/p>\n\n\n\n<p><strong><em>PB Agora<\/em><\/strong><\/p>\n","protected":false},"excerpt":{"rendered":"<p><img loading=\"lazy\" decoding=\"async\" width=\"687\" height=\"463\" src=\"https:\/\/www.pbagora.com.br\/storage\/2023\/11\/csm_samu_no_hospital_de_trauma_JP_702d9f635d.jpeg\" class=\"attachment-large size-large wp-post-image\" alt=\"\" srcset=\"https:\/\/www.pbagora.com.br\/storage\/2023\/11\/csm_samu_no_hospital_de_trauma_JP_702d9f635d.jpeg 687w, https:\/\/www.pbagora.com.br\/storage\/2023\/11\/csm_samu_no_hospital_de_trauma_JP_702d9f635d-300x202.jpeg 300w, https:\/\/www.pbagora.com.br\/storage\/2023\/11\/csm_samu_no_hospital_de_trauma_JP_702d9f635d-150x101.jpeg 150w, https:\/\/www.pbagora.com.br\/storage\/2023\/11\/csm_samu_no_hospital_de_trauma_JP_702d9f635d-380x256.jpeg 380w, https:\/\/www.pbagora.com.br\/storage\/2023\/11\/csm_samu_no_hospital_de_trauma_JP_702d9f635d-80x54.jpeg 80w, https:\/\/www.pbagora.com.br\/storage\/2023\/11\/csm_samu_no_hospital_de_trauma_JP_702d9f635d-600x404.jpeg 600w\" sizes=\"auto, (max-width: 687px) 100vw, 687px\"><\/p>\n<p>Um policial civil foi atingido por um disparo na manh\u00e3 desta sexta-feira (22) durante uma tentativa de assalto\u2026<\/p>\n","protected":false},"author":123457,"featured_media":0,"comment_status":"closed","ping_status":"closed","sticky":false,"template":"","format":"standard","meta":{"advgb_blocks_editor_width":"","advgb_blocks_columns_visual_guide":"","footnotes":""},"categories":[34],"tags":[35,10839,10848],"class_list":["post-60082","post","type-post","status-publish","format-standard","hentry","category-g1","tag-g1","tag-policial","tag-rodape-01"],"author_meta":{"display_name":"Reda\u00e7\u00e3o","author_link":"https:\/\/sindaopcpb.org.br\/author\/redacao\/"},"featured_img":null,"coauthors":[],"tax_additional":{"categories":{"linked":["<a href=\"https:\/\/sindaopcpb.org.br\/g1\/\" class=\"advgb-post-tax-term\">G1<\/a>"],"unlinked":["<span class=\"advgb-post-tax-term\">G1<\/span>"]},"tags":{"linked":["<a href=\"https:\/\/sindaopcpb.org.br\/g1\/\" class=\"advgb-post-tax-term\">g1<\/a>","<a href=\"https:\/\/sindaopcpb.org.br\/g1\/\" class=\"advgb-post-tax-term\">Policial<\/a>","<a href=\"https:\/\/sindaopcpb.org.br\/g1\/\" class=\"advgb-post-tax-term\">Rodape 01<\/a>"],"unlinked":["<span class=\"advgb-post-tax-term\">g1<\/span>","<span class=\"advgb-post-tax-term\">Policial<\/span>","<span class=\"advgb-post-tax-term\">Rodape 01<\/span>"]}},"comment_count":"0","relative_dates":{"created":"Publicado 8 meses atr\u00e1s","modified":"Atualizado 8 meses atr\u00e1s"},"absolute_dates":{"created":"Publicado em 22 de agosto de 2025","modified":"Atualizado em 22 de agosto de 2025"},"absolute_dates_time":{"created":"Publicado em 22 de agosto de 2025 09:42","modified":"Atualizado em 22 de agosto de 2025 11:42"},"featured_img_caption":"","series_order":"","_links":{"self":[{"href":"https:\/\/sindaopcpb.org.br\/index.php\/wp-json\/wp\/v2\/posts\/60082","targetHints":{"allow":["GET"]}}],"collection":[{"href":"https:\/\/sindaopcpb.org.br\/index.php\/wp-json\/wp\/v2\/posts"}],"about":[{"href":"https:\/\/sindaopcpb.org.br\/index.php\/wp-json\/wp\/v2\/types\/post"}],"author":[{"embeddable":true,"href":"https:\/\/sindaopcpb.org.br\/index.php\/wp-json\/wp\/v2\/users\/123457"}],"replies":[{"embeddable":true,"href":"https:\/\/sindaopcpb.org.br\/index.php\/wp-json\/wp\/v2\/comments?post=60082"}],"version-history":[{"count":3,"href":"https:\/\/sindaopcpb.org.br\/index.php\/wp-json\/wp\/v2\/posts\/60082\/revisions"}],"predecessor-version":[{"id":60095,"href":"https:\/\/sindaopcpb.org.br\/index.php\/wp-json\/wp\/v2\/posts\/60082\/revisions\/60095"}],"wp:attachment":[{"href":"https:\/\/sindaopcpb.org.br\/index.php\/wp-json\/wp\/v2\/media?parent=60082"}],"wp:term":[{"taxonomy":"category","embeddable":true,"href":"https:\/\/sindaopcpb.org.br\/index.php\/wp-json\/wp\/v2\/categories?post=60082"},{"taxonomy":"post_tag","embeddable":true,"href":"https:\/\/sindaopcpb.org.br\/index.php\/wp-json\/wp\/v2\/tags?post=60082"}],"curies":[{"name":"wp","href":"https:\/\/api.w.org\/{rel}","templated":true}]}}