{"id":60037,"date":"2025-08-21T09:39:07","date_gmt":"2025-08-21T12:39:07","guid":{"rendered":"https:\/\/www.pbagora.com.br\/?p=913428"},"modified":"2025-08-21T10:39:07","modified_gmt":"2025-08-21T13:39:07","slug":"homem-acusa-ex-companheira-de-atear-fogo-em-residencia-apos-discussao","status":"publish","type":"post","link":"https:\/\/sindaopcpb.org.br\/index.php\/2025\/08\/21\/homem-acusa-ex-companheira-de-atear-fogo-em-residencia-apos-discussao\/","title":{"rendered":"Homem acusa ex-companheira de atear fogo em resid\u00eancia ap\u00f3s discuss\u00e3o"},"content":{"rendered":"<p><img width=\"768\" height=\"356\" src=\"https:\/\/www.pbagora.com.br\/storage\/2025\/08\/image-72.png\" class=\"attachment-large size-large wp-post-image\" alt=\"\" style=\"margin-bottom: 20px;\" decoding=\"async\" loading=\"lazy\" srcset=\"https:\/\/www.pbagora.com.br\/storage\/2025\/08\/image-72.png 768w, https:\/\/www.pbagora.com.br\/storage\/2025\/08\/image-72-300x139.png 300w, https:\/\/www.pbagora.com.br\/storage\/2025\/08\/image-72-150x70.png 150w, https:\/\/www.pbagora.com.br\/storage\/2025\/08\/image-72-380x176.png 380w, https:\/\/www.pbagora.com.br\/storage\/2025\/08\/image-72-80x37.png 80w, https:\/\/www.pbagora.com.br\/storage\/2025\/08\/image-72-760x352.png 760w, https:\/\/www.pbagora.com.br\/storage\/2025\/08\/image-72-600x278.png 600w\" sizes=\"auto, (max-width: 768px) 100vw, 768px\" \/><\/p>\n<p>Uma resid\u00eancia foi parcialmente destru\u00edda por um inc\u00eandio na noite dessa quarta-feira (20), no bairro Jo\u00e3o Paulo II, zona sul de Jo\u00e3o Pessoa, ap\u00f3s uma discuss\u00e3o entre um casal. Segundo o morador, a ex-companheira teria ateado fogo em m\u00f3veis do quarto antes de deixar o im\u00f3vel.<\/p>\n\n\n\n<p>O Corpo de Bombeiros informou que as chamas come\u00e7aram em uma cama e em poltronas, atingindo tamb\u00e9m parte da c\u00f4moda e do forro de gesso. O propriet\u00e1rio conseguiu sair a tempo e n\u00e3o sofreu ferimentos.<\/p>\n\n\n\n<p>Os bombeiros controlaram as chamas e realizaram o rescaldo para evitar que o fogo voltasse a se propagar.<\/p>\n\n\n\n<p>O morador relatou ter perdido quase todos os pertences, conseguindo salvar apenas o fog\u00e3o. Documentos e objetos pessoais foram destru\u00eddos. A suspeita n\u00e3o estava mais no local quando as equipes chegaram, e a Pol\u00edcia Civil vai investigar o caso.<\/p>\n\n\n\n<p><strong><em>PB Agora<\/em><\/strong><\/p>\n","protected":false},"excerpt":{"rendered":"<p><img loading=\"lazy\" decoding=\"async\" width=\"768\" height=\"356\" src=\"https:\/\/www.pbagora.com.br\/storage\/2025\/08\/image-72.png\" class=\"attachment-large size-large wp-post-image\" alt=\"\" srcset=\"https:\/\/www.pbagora.com.br\/storage\/2025\/08\/image-72.png 768w, https:\/\/www.pbagora.com.br\/storage\/2025\/08\/image-72-300x139.png 300w, https:\/\/www.pbagora.com.br\/storage\/2025\/08\/image-72-150x70.png 150w, https:\/\/www.pbagora.com.br\/storage\/2025\/08\/image-72-380x176.png 380w, https:\/\/www.pbagora.com.br\/storage\/2025\/08\/image-72-80x37.png 80w, https:\/\/www.pbagora.com.br\/storage\/2025\/08\/image-72-760x352.png 760w, https:\/\/www.pbagora.com.br\/storage\/2025\/08\/image-72-600x278.png 600w\" sizes=\"auto, (max-width: 768px) 100vw, 768px\"><\/p>\n<p>Uma resid\u00eancia foi parcialmente destru\u00edda por um inc\u00eandio na noite dessa quarta-feira (20), no bairro Jo\u00e3o Paulo II,\u2026<\/p>\n","protected":false},"author":123457,"featured_media":0,"comment_status":"closed","ping_status":"closed","sticky":false,"template":"","format":"standard","meta":{"advgb_blocks_editor_width":"","advgb_blocks_columns_visual_guide":"","footnotes":""},"categories":[34],"tags":[35,10839,10848],"class_list":["post-60037","post","type-post","status-publish","format-standard","hentry","category-g1","tag-g1","tag-policial","tag-rodape-01"],"author_meta":{"display_name":"Reda\u00e7\u00e3o","author_link":"https:\/\/sindaopcpb.org.br\/author\/redacao\/"},"featured_img":null,"coauthors":[],"tax_additional":{"categories":{"linked":["<a href=\"https:\/\/sindaopcpb.org.br\/g1\/\" class=\"advgb-post-tax-term\">G1<\/a>"],"unlinked":["<span class=\"advgb-post-tax-term\">G1<\/span>"]},"tags":{"linked":["<a href=\"https:\/\/sindaopcpb.org.br\/g1\/\" class=\"advgb-post-tax-term\">g1<\/a>","<a href=\"https:\/\/sindaopcpb.org.br\/g1\/\" class=\"advgb-post-tax-term\">Policial<\/a>","<a href=\"https:\/\/sindaopcpb.org.br\/g1\/\" class=\"advgb-post-tax-term\">Rodape 01<\/a>"],"unlinked":["<span class=\"advgb-post-tax-term\">g1<\/span>","<span class=\"advgb-post-tax-term\">Policial<\/span>","<span class=\"advgb-post-tax-term\">Rodape 01<\/span>"]}},"comment_count":"0","relative_dates":{"created":"Publicado 8 meses atr\u00e1s","modified":"Atualizado 8 meses atr\u00e1s"},"absolute_dates":{"created":"Publicado em 21 de agosto de 2025","modified":"Atualizado em 21 de agosto de 2025"},"absolute_dates_time":{"created":"Publicado em 21 de agosto de 2025 09:39","modified":"Atualizado em 21 de agosto de 2025 10:39"},"featured_img_caption":"","series_order":"","_links":{"self":[{"href":"https:\/\/sindaopcpb.org.br\/index.php\/wp-json\/wp\/v2\/posts\/60037","targetHints":{"allow":["GET"]}}],"collection":[{"href":"https:\/\/sindaopcpb.org.br\/index.php\/wp-json\/wp\/v2\/posts"}],"about":[{"href":"https:\/\/sindaopcpb.org.br\/index.php\/wp-json\/wp\/v2\/types\/post"}],"author":[{"embeddable":true,"href":"https:\/\/sindaopcpb.org.br\/index.php\/wp-json\/wp\/v2\/users\/123457"}],"replies":[{"embeddable":true,"href":"https:\/\/sindaopcpb.org.br\/index.php\/wp-json\/wp\/v2\/comments?post=60037"}],"version-history":[{"count":3,"href":"https:\/\/sindaopcpb.org.br\/index.php\/wp-json\/wp\/v2\/posts\/60037\/revisions"}],"predecessor-version":[{"id":60053,"href":"https:\/\/sindaopcpb.org.br\/index.php\/wp-json\/wp\/v2\/posts\/60037\/revisions\/60053"}],"wp:attachment":[{"href":"https:\/\/sindaopcpb.org.br\/index.php\/wp-json\/wp\/v2\/media?parent=60037"}],"wp:term":[{"taxonomy":"category","embeddable":true,"href":"https:\/\/sindaopcpb.org.br\/index.php\/wp-json\/wp\/v2\/categories?post=60037"},{"taxonomy":"post_tag","embeddable":true,"href":"https:\/\/sindaopcpb.org.br\/index.php\/wp-json\/wp\/v2\/tags?post=60037"}],"curies":[{"name":"wp","href":"https:\/\/api.w.org\/{rel}","templated":true}]}}