{"id":60011,"date":"2025-08-20T17:00:46","date_gmt":"2025-08-20T20:00:46","guid":{"rendered":"https:\/\/www.pbagora.com.br\/?p=913345"},"modified":"2025-08-20T17:00:46","modified_gmt":"2025-08-20T20:00:46","slug":"golpe-prefeitura-de-joao-pessoa-alerta-usuarios-do-auxilio-gas","status":"publish","type":"post","link":"https:\/\/sindaopcpb.org.br\/index.php\/2025\/08\/20\/golpe-prefeitura-de-joao-pessoa-alerta-usuarios-do-auxilio-gas\/","title":{"rendered":"GOLPE: Prefeitura de Jo\u00e3o Pessoa alerta usu\u00e1rios do Aux\u00edlio G\u00e1s"},"content":{"rendered":"<p><img width=\"984\" height=\"549\" src=\"https:\/\/www.pbagora.com.br\/storage\/2024\/09\/GAS.avif\" class=\"attachment-large size-large wp-post-image\" alt=\"\" style=\"margin-bottom: 20px;\" decoding=\"async\" srcset=\"https:\/\/www.pbagora.com.br\/storage\/2024\/09\/GAS.avif 984w, https:\/\/www.pbagora.com.br\/storage\/2024\/09\/GAS-300x167.avif 300w, https:\/\/www.pbagora.com.br\/storage\/2024\/09\/GAS-150x84.avif 150w, https:\/\/www.pbagora.com.br\/storage\/2024\/09\/GAS-768x428.avif 768w, https:\/\/www.pbagora.com.br\/storage\/2024\/09\/GAS-380x212.avif 380w, https:\/\/www.pbagora.com.br\/storage\/2024\/09\/GAS-800x446.avif 800w, https:\/\/www.pbagora.com.br\/storage\/2024\/09\/GAS-80x46.avif 80w, https:\/\/www.pbagora.com.br\/storage\/2024\/09\/GAS-760x424.avif 760w, https:\/\/www.pbagora.com.br\/storage\/2024\/09\/GAS-600x335.avif 600w\" sizes=\"(max-width: 984px) 100vw, 984px\" \/><\/p>\n<p>A Prefeitura Municipal de Jo\u00e3o Pessoa, por meio da Coordena\u00e7\u00e3o do Cadastro \u00danico (Cad\u00danico), vinculada a Secretaria de Direitos Humanos e Cidadania (Sedhuc), alerta a popula\u00e7\u00e3o sobre um golpe envolvendo o programa Aux\u00edlio G\u00e1s.<\/p>\n\n\n\n<p>De acordo com a coordenadora do programa, Marg\u00f4 Galv\u00e3o, na \u00faltima semana, algumas pessoas procuraram o servi\u00e7o relatando terem sido abordadas em casa por um casal que se apresentava como servidor municipal e dizia estar realizando cadastro para o benef\u00edcio.<\/p>\n\n\n\n<p>\u201cPara ter acesso ao Aux\u00edlio G\u00e1s, nenhum funcion\u00e1rio nosso vai at\u00e9 a casa das pessoas. Quem tem o cadastro atualizado no Bolsa Fam\u00edlia recebe o valor automaticamente, em uma sele\u00e7\u00e3o feita pelo Governo Federal, para fam\u00edlias com renda inferior a meio sal\u00e1rio m\u00ednimo. O pagamento \u00e9 feito a cada dois meses\u201d, esclareceu.<\/p>\n\n\n\n<p>A coordenadora refor\u00e7ou que, para quem ainda n\u00e3o possui o Bolsa Fam\u00edlia, o cadastro \u00e9 realizado em uma das unidades do Centro de Refer\u00eancia da Assist\u00eancia Social (Cras) do Munic\u00edpio. J\u00e1 as fam\u00edlias que recebem o Bolsa Fam\u00edlia e desejam se cadastrar no Aux\u00edlio G\u00e1s, ou atualizar seus dados, podem procurar a sede do Cad\u00fanico, na Pra\u00e7a Bar\u00e3o do Rio Branco, n\u00ba 45, no Centro.<\/p>\n\n\n\n<p>\u201cN\u00f3s n\u00e3o fazemos esse tipo de cadastro em casa, isso n\u00e3o procede. Queremos alertar especialmente os idosos: se algu\u00e9m pedir seus dados pessoais, n\u00e3o informe. Todas as visitas realizadas pelo Cad\u00fanico s\u00e3o agendadas previamente, com contato telef\u00f4nico e dia marcado. Al\u00e9m da equipe entregar um comprovante deste cadastramento, que deve ser guardado pelo benefici\u00e1rio\u201d, refor\u00e7ou Marg\u00f4 Galv\u00e3o.<\/p>\n\n\n\n<p><\/p>\n\n\n\n<p><strong><em>Secom-JP<\/em><\/strong><\/p>\n","protected":false},"excerpt":{"rendered":"<p><img loading=\"lazy\" decoding=\"async\" width=\"984\" height=\"549\" src=\"https:\/\/www.pbagora.com.br\/storage\/2024\/09\/GAS.avif\" class=\"attachment-large size-large wp-post-image\" alt=\"\" srcset=\"https:\/\/www.pbagora.com.br\/storage\/2024\/09\/GAS.avif 984w, https:\/\/www.pbagora.com.br\/storage\/2024\/09\/GAS-300x167.avif 300w, https:\/\/www.pbagora.com.br\/storage\/2024\/09\/GAS-150x84.avif 150w, https:\/\/www.pbagora.com.br\/storage\/2024\/09\/GAS-768x428.avif 768w, https:\/\/www.pbagora.com.br\/storage\/2024\/09\/GAS-380x212.avif 380w, https:\/\/www.pbagora.com.br\/storage\/2024\/09\/GAS-800x446.avif 800w, https:\/\/www.pbagora.com.br\/storage\/2024\/09\/GAS-80x46.avif 80w, https:\/\/www.pbagora.com.br\/storage\/2024\/09\/GAS-760x424.avif 760w, https:\/\/www.pbagora.com.br\/storage\/2024\/09\/GAS-600x335.avif 600w\" sizes=\"auto, (max-width: 984px) 100vw, 984px\"><\/p>\n<p>A Prefeitura Municipal de Jo\u00e3o Pessoa, por meio da Coordena\u00e7\u00e3o do Cadastro \u00danico (Cad\u00danico), vinculada a Secretaria de\u2026<\/p>\n","protected":false},"author":123457,"featured_media":0,"comment_status":"closed","ping_status":"closed","sticky":false,"template":"","format":"standard","meta":{"advgb_blocks_editor_width":"","advgb_blocks_columns_visual_guide":"","footnotes":""},"categories":[34],"tags":[10845,35,10839],"class_list":["post-60011","post","type-post","status-publish","format-standard","hentry","category-g1","tag-destaque-centro-01","tag-g1","tag-policial"],"author_meta":{"display_name":"Reda\u00e7\u00e3o","author_link":"https:\/\/sindaopcpb.org.br\/author\/redacao\/"},"featured_img":null,"coauthors":[],"tax_additional":{"categories":{"linked":["<a href=\"https:\/\/sindaopcpb.org.br\/g1\/\" class=\"advgb-post-tax-term\">G1<\/a>"],"unlinked":["<span class=\"advgb-post-tax-term\">G1<\/span>"]},"tags":{"linked":["<a href=\"https:\/\/sindaopcpb.org.br\/g1\/\" class=\"advgb-post-tax-term\">Destaque Centro 01<\/a>","<a href=\"https:\/\/sindaopcpb.org.br\/g1\/\" class=\"advgb-post-tax-term\">g1<\/a>","<a href=\"https:\/\/sindaopcpb.org.br\/g1\/\" class=\"advgb-post-tax-term\">Policial<\/a>"],"unlinked":["<span class=\"advgb-post-tax-term\">Destaque Centro 01<\/span>","<span class=\"advgb-post-tax-term\">g1<\/span>","<span class=\"advgb-post-tax-term\">Policial<\/span>"]}},"comment_count":"0","relative_dates":{"created":"Publicado 8 meses atr\u00e1s","modified":"Atualizado 8 meses atr\u00e1s"},"absolute_dates":{"created":"Publicado em 20 de agosto de 2025","modified":"Atualizado em 20 de agosto de 2025"},"absolute_dates_time":{"created":"Publicado em 20 de agosto de 2025 17:00","modified":"Atualizado em 20 de agosto de 2025 17:00"},"featured_img_caption":"","series_order":"","_links":{"self":[{"href":"https:\/\/sindaopcpb.org.br\/index.php\/wp-json\/wp\/v2\/posts\/60011","targetHints":{"allow":["GET"]}}],"collection":[{"href":"https:\/\/sindaopcpb.org.br\/index.php\/wp-json\/wp\/v2\/posts"}],"about":[{"href":"https:\/\/sindaopcpb.org.br\/index.php\/wp-json\/wp\/v2\/types\/post"}],"author":[{"embeddable":true,"href":"https:\/\/sindaopcpb.org.br\/index.php\/wp-json\/wp\/v2\/users\/123457"}],"replies":[{"embeddable":true,"href":"https:\/\/sindaopcpb.org.br\/index.php\/wp-json\/wp\/v2\/comments?post=60011"}],"version-history":[{"count":2,"href":"https:\/\/sindaopcpb.org.br\/index.php\/wp-json\/wp\/v2\/posts\/60011\/revisions"}],"predecessor-version":[{"id":60019,"href":"https:\/\/sindaopcpb.org.br\/index.php\/wp-json\/wp\/v2\/posts\/60011\/revisions\/60019"}],"wp:attachment":[{"href":"https:\/\/sindaopcpb.org.br\/index.php\/wp-json\/wp\/v2\/media?parent=60011"}],"wp:term":[{"taxonomy":"category","embeddable":true,"href":"https:\/\/sindaopcpb.org.br\/index.php\/wp-json\/wp\/v2\/categories?post=60011"},{"taxonomy":"post_tag","embeddable":true,"href":"https:\/\/sindaopcpb.org.br\/index.php\/wp-json\/wp\/v2\/tags?post=60011"}],"curies":[{"name":"wp","href":"https:\/\/api.w.org\/{rel}","templated":true}]}}