{"id":60007,"date":"2025-08-20T14:34:53","date_gmt":"2025-08-20T17:34:53","guid":{"rendered":"https:\/\/www.pbagora.com.br\/?p=913258"},"modified":"2025-08-20T14:34:53","modified_gmt":"2025-08-20T17:34:53","slug":"segundo-acusado-de-envolvimento-na-morte-de-adolescente-e-preso-durante-acao-policial-em-patos","status":"publish","type":"post","link":"https:\/\/sindaopcpb.org.br\/index.php\/2025\/08\/20\/segundo-acusado-de-envolvimento-na-morte-de-adolescente-e-preso-durante-acao-policial-em-patos\/","title":{"rendered":"Segundo acusado de envolvimento na morte de adolescente \u00e9 preso durante a\u00e7\u00e3o policial em Patos"},"content":{"rendered":"<p><img width=\"683\" height=\"386\" src=\"https:\/\/www.pbagora.com.br\/storage\/2024\/12\/Policia-Civil-PB-1-683x386-1.jpg\" class=\"attachment-large size-large wp-post-image\" alt=\"\" style=\"margin-bottom: 20px;\" decoding=\"async\" srcset=\"https:\/\/www.pbagora.com.br\/storage\/2024\/12\/Policia-Civil-PB-1-683x386-1.jpg 683w, https:\/\/www.pbagora.com.br\/storage\/2024\/12\/Policia-Civil-PB-1-683x386-1-300x170.jpg 300w, https:\/\/www.pbagora.com.br\/storage\/2024\/12\/Policia-Civil-PB-1-683x386-1-150x85.jpg 150w, https:\/\/www.pbagora.com.br\/storage\/2024\/12\/Policia-Civil-PB-1-683x386-1-380x215.jpg 380w, https:\/\/www.pbagora.com.br\/storage\/2024\/12\/Policia-Civil-PB-1-683x386-1-80x46.jpg 80w, https:\/\/www.pbagora.com.br\/storage\/2024\/12\/Policia-Civil-PB-1-683x386-1-600x339.jpg 600w\" sizes=\"(max-width: 683px) 100vw, 683px\" \/><\/p>\n<p>Um homem de 52 anos anos foi preso na manh\u00e3 desta quarta (20), acusado de participar do homic\u00eddio da adolescente Anielly Silva Ribeiro Lucena, de 16 anos, ocorrido no \u00faltimo domingo (10) na cidade de Patos. De acordo com a Delegacia de Homic\u00eddios e Entorpecentes de Patos, o suspeito de iniciais F.S.M.S \u00e9 o segundo investigado pela participa\u00e7\u00e3o na morte da menor. <\/p>\n\n\n\n<p>Ele foi alvo de um mandado de pris\u00e3o tempor\u00e1ria e foi localizado durante vigil\u00e2ncia pr\u00f3ximo a casa onde residia, na comunidade Brega, na cidade cidade sertaneja. As investiga\u00e7\u00f5es revelaram que o homem havia fugido para o estado do Cear\u00e1 logo ap\u00f3s o crime, onde ficou at\u00e9 o dia de ontem. <\/p>\n\n\n\n<p>Ap\u00f3s novas informa\u00e7\u00f5es sobre seu paradeiro, as equipes da DHE passaram a tentar localizar o investigado, onde foi encontrado pr\u00f3ximo ao local onde sua filha reside na cidade de Patos. Ele recebeu voz de pris\u00e3o e foi conduzido \u00e0 sede da DHE para os devidos procedimentos legais<\/p>\n\n\n\n<p>Anielly foi morta a golpes de faca no bairro Liberdade e ainda chegou a ser socorrida, mas morreu ao dar entrada no hospital. Um primeiro indiv\u00edduo j\u00e1 havia sido preso no \u00faltimo dia dia 16, suspeito de participa\u00e7\u00e3o no crime.<\/p>\n\n\n\n<p><strong><em>PB Agora<\/em><\/strong><\/p>\n\n\n\n<p><\/p>\n","protected":false},"excerpt":{"rendered":"<p><img loading=\"lazy\" decoding=\"async\" width=\"683\" height=\"386\" src=\"https:\/\/www.pbagora.com.br\/storage\/2024\/12\/Policia-Civil-PB-1-683x386-1.jpg\" class=\"attachment-large size-large wp-post-image\" alt=\"\" srcset=\"https:\/\/www.pbagora.com.br\/storage\/2024\/12\/Policia-Civil-PB-1-683x386-1.jpg 683w, https:\/\/www.pbagora.com.br\/storage\/2024\/12\/Policia-Civil-PB-1-683x386-1-300x170.jpg 300w, https:\/\/www.pbagora.com.br\/storage\/2024\/12\/Policia-Civil-PB-1-683x386-1-150x85.jpg 150w, https:\/\/www.pbagora.com.br\/storage\/2024\/12\/Policia-Civil-PB-1-683x386-1-380x215.jpg 380w, https:\/\/www.pbagora.com.br\/storage\/2024\/12\/Policia-Civil-PB-1-683x386-1-80x46.jpg 80w, https:\/\/www.pbagora.com.br\/storage\/2024\/12\/Policia-Civil-PB-1-683x386-1-600x339.jpg 600w\" sizes=\"auto, (max-width: 683px) 100vw, 683px\"><\/p>\n<p>Um homem de 52 anos anos foi preso na manh\u00e3 desta quarta (20), acusado de participar do homic\u00eddio\u2026<\/p>\n","protected":false},"author":123457,"featured_media":0,"comment_status":"closed","ping_status":"closed","sticky":false,"template":"","format":"standard","meta":{"advgb_blocks_editor_width":"","advgb_blocks_columns_visual_guide":"","footnotes":""},"categories":[34],"tags":[10845,35,10839],"class_list":["post-60007","post","type-post","status-publish","format-standard","hentry","category-g1","tag-destaque-centro-01","tag-g1","tag-policial"],"author_meta":{"display_name":"Reda\u00e7\u00e3o","author_link":"https:\/\/sindaopcpb.org.br\/author\/redacao\/"},"featured_img":null,"coauthors":[],"tax_additional":{"categories":{"linked":["<a href=\"https:\/\/sindaopcpb.org.br\/g1\/\" class=\"advgb-post-tax-term\">G1<\/a>"],"unlinked":["<span class=\"advgb-post-tax-term\">G1<\/span>"]},"tags":{"linked":["<a href=\"https:\/\/sindaopcpb.org.br\/g1\/\" class=\"advgb-post-tax-term\">Destaque Centro 01<\/a>","<a href=\"https:\/\/sindaopcpb.org.br\/g1\/\" class=\"advgb-post-tax-term\">g1<\/a>","<a href=\"https:\/\/sindaopcpb.org.br\/g1\/\" class=\"advgb-post-tax-term\">Policial<\/a>"],"unlinked":["<span class=\"advgb-post-tax-term\">Destaque Centro 01<\/span>","<span class=\"advgb-post-tax-term\">g1<\/span>","<span class=\"advgb-post-tax-term\">Policial<\/span>"]}},"comment_count":"0","relative_dates":{"created":"Publicado 8 meses atr\u00e1s","modified":"Atualizado 8 meses atr\u00e1s"},"absolute_dates":{"created":"Publicado em 20 de agosto de 2025","modified":"Atualizado em 20 de agosto de 2025"},"absolute_dates_time":{"created":"Publicado em 20 de agosto de 2025 14:34","modified":"Atualizado em 20 de agosto de 2025 14:34"},"featured_img_caption":"","series_order":"","_links":{"self":[{"href":"https:\/\/sindaopcpb.org.br\/index.php\/wp-json\/wp\/v2\/posts\/60007","targetHints":{"allow":["GET"]}}],"collection":[{"href":"https:\/\/sindaopcpb.org.br\/index.php\/wp-json\/wp\/v2\/posts"}],"about":[{"href":"https:\/\/sindaopcpb.org.br\/index.php\/wp-json\/wp\/v2\/types\/post"}],"author":[{"embeddable":true,"href":"https:\/\/sindaopcpb.org.br\/index.php\/wp-json\/wp\/v2\/users\/123457"}],"replies":[{"embeddable":true,"href":"https:\/\/sindaopcpb.org.br\/index.php\/wp-json\/wp\/v2\/comments?post=60007"}],"version-history":[{"count":2,"href":"https:\/\/sindaopcpb.org.br\/index.php\/wp-json\/wp\/v2\/posts\/60007\/revisions"}],"predecessor-version":[{"id":60015,"href":"https:\/\/sindaopcpb.org.br\/index.php\/wp-json\/wp\/v2\/posts\/60007\/revisions\/60015"}],"wp:attachment":[{"href":"https:\/\/sindaopcpb.org.br\/index.php\/wp-json\/wp\/v2\/media?parent=60007"}],"wp:term":[{"taxonomy":"category","embeddable":true,"href":"https:\/\/sindaopcpb.org.br\/index.php\/wp-json\/wp\/v2\/categories?post=60007"},{"taxonomy":"post_tag","embeddable":true,"href":"https:\/\/sindaopcpb.org.br\/index.php\/wp-json\/wp\/v2\/tags?post=60007"}],"curies":[{"name":"wp","href":"https:\/\/api.w.org\/{rel}","templated":true}]}}