{"id":60004,"date":"2025-08-20T12:30:40","date_gmt":"2025-08-20T15:30:40","guid":{"rendered":"https:\/\/www.pbagora.com.br\/?p=913255"},"modified":"2025-08-20T18:00:40","modified_gmt":"2025-08-20T21:00:40","slug":"ex-presidiario-e-preso-apos-confronto-com-a-policia-na-cidade-de-uirauna","status":"publish","type":"post","link":"https:\/\/sindaopcpb.org.br\/index.php\/2025\/08\/20\/ex-presidiario-e-preso-apos-confronto-com-a-policia-na-cidade-de-uirauna\/","title":{"rendered":"Ex-presidi\u00e1rio \u00e9 preso ap\u00f3s confronto com a pol\u00edcia na cidade de Uira\u00fana"},"content":{"rendered":"<p><img width=\"800\" height=\"445\" src=\"https:\/\/www.pbagora.com.br\/storage\/2025\/08\/Uirauna.png\" class=\"attachment-large size-large wp-post-image\" alt=\"\" style=\"margin-bottom: 20px;\" decoding=\"async\" loading=\"lazy\" srcset=\"https:\/\/www.pbagora.com.br\/storage\/2025\/08\/Uirauna.png 800w, https:\/\/www.pbagora.com.br\/storage\/2025\/08\/Uirauna-300x167.png 300w, https:\/\/www.pbagora.com.br\/storage\/2025\/08\/Uirauna-150x83.png 150w, https:\/\/www.pbagora.com.br\/storage\/2025\/08\/Uirauna-768x427.png 768w, https:\/\/www.pbagora.com.br\/storage\/2025\/08\/Uirauna-380x211.png 380w, https:\/\/www.pbagora.com.br\/storage\/2025\/08\/Uirauna-80x46.png 80w, https:\/\/www.pbagora.com.br\/storage\/2025\/08\/Uirauna-760x423.png 760w, https:\/\/www.pbagora.com.br\/storage\/2025\/08\/Uirauna-600x334.png 600w\" sizes=\"auto, (max-width: 800px) 100vw, 800px\" \/><\/p>\n<p>Um ex-presidi\u00e1rio foi preso pela Pol\u00edcia Militar ap\u00f3s um confronto armado na tarde da \u00faltima ter\u00e7a-feira (19), no bairro do Retiro, na cidade de Uira\u00fana. De acordo com as autoridades, na a\u00e7\u00e3o tamb\u00e9m foi apreendida uma arma de fogo que estava com um homem no momento da troca de tiros.<\/p>\n\n\n\n<p>De acordo com o 3\u00b0 Esquadr\u00e3o do Regimento de Opera\u00e7\u00f5es T\u00e1ticas com Apoio de Motocicletas (Rotam), os policiais foram recebidos a tiros em uma \u00e1rea de matagal. Houve confronto e um dos criminosos foi atingido e encaminhado para o Hospital Regional.<\/p>\n\n\n\n<p>O acusado estava com um rev\u00f3lver calibre 32 e, segundo o Rotam, era ex-presidi\u00e1rio e tinha antecedentes criminais por furto qualificado, roubo majorado e les\u00e3o corporal. Ele tamb\u00e9m \u00e9 suspeito de integrar uma fac\u00e7\u00e3o criminosa.<\/p>\n\n\n\n<p>Toda a ocorr\u00eancia foi apresentada na delegacia de Cajazeiras. Os demais suspeitos seguem sendo procurados. O acusado n\u00e3o resistiu aos ferimentos.<\/p>\n\n\n\n<p><strong><em>PB Agora<\/em><\/strong><\/p>\n\n\n\n<p><\/p>\n","protected":false},"excerpt":{"rendered":"<p><img decoding=\"async\" width=\"800\" height=\"445\" src=\"https:\/\/www.pbagora.com.br\/storage\/2025\/08\/Uirauna.png\" class=\"attachment-large size-large wp-post-image\" alt=\"\" loading=\"lazy\" srcset=\"https:\/\/www.pbagora.com.br\/storage\/2025\/08\/Uirauna.png 800w, https:\/\/www.pbagora.com.br\/storage\/2025\/08\/Uirauna-300x167.png 300w, https:\/\/www.pbagora.com.br\/storage\/2025\/08\/Uirauna-150x83.png 150w, https:\/\/www.pbagora.com.br\/storage\/2025\/08\/Uirauna-768x427.png 768w, https:\/\/www.pbagora.com.br\/storage\/2025\/08\/Uirauna-380x211.png 380w, https:\/\/www.pbagora.com.br\/storage\/2025\/08\/Uirauna-80x46.png 80w, https:\/\/www.pbagora.com.br\/storage\/2025\/08\/Uirauna-760x423.png 760w, https:\/\/www.pbagora.com.br\/storage\/2025\/08\/Uirauna-600x334.png 600w\" sizes=\"auto, (max-width: 800px) 100vw, 800px\"><\/p>\n<p>Um ex-presidi\u00e1rio foi preso pela Pol\u00edcia Militar ap\u00f3s um confronto armado na tarde da \u00faltima ter\u00e7a-feira (19), no\u2026<\/p>\n","protected":false},"author":123457,"featured_media":0,"comment_status":"closed","ping_status":"closed","sticky":false,"template":"","format":"standard","meta":{"advgb_blocks_editor_width":"","advgb_blocks_columns_visual_guide":"","footnotes":""},"categories":[34],"tags":[10840,35,10839],"class_list":["post-60004","post","type-post","status-publish","format-standard","hentry","category-g1","tag-destaque-centro-03","tag-g1","tag-policial"],"author_meta":{"display_name":"Reda\u00e7\u00e3o","author_link":"https:\/\/sindaopcpb.org.br\/author\/redacao\/"},"featured_img":null,"coauthors":[],"tax_additional":{"categories":{"linked":["<a href=\"https:\/\/sindaopcpb.org.br\/g1\/\" class=\"advgb-post-tax-term\">G1<\/a>"],"unlinked":["<span class=\"advgb-post-tax-term\">G1<\/span>"]},"tags":{"linked":["<a href=\"https:\/\/sindaopcpb.org.br\/g1\/\" class=\"advgb-post-tax-term\">Destaque Centro 03<\/a>","<a href=\"https:\/\/sindaopcpb.org.br\/g1\/\" class=\"advgb-post-tax-term\">g1<\/a>","<a href=\"https:\/\/sindaopcpb.org.br\/g1\/\" class=\"advgb-post-tax-term\">Policial<\/a>"],"unlinked":["<span class=\"advgb-post-tax-term\">Destaque Centro 03<\/span>","<span class=\"advgb-post-tax-term\">g1<\/span>","<span class=\"advgb-post-tax-term\">Policial<\/span>"]}},"comment_count":"0","relative_dates":{"created":"Publicado 8 meses atr\u00e1s","modified":"Atualizado 8 meses atr\u00e1s"},"absolute_dates":{"created":"Publicado em 20 de agosto de 2025","modified":"Atualizado em 20 de agosto de 2025"},"absolute_dates_time":{"created":"Publicado em 20 de agosto de 2025 12:30","modified":"Atualizado em 20 de agosto de 2025 18:00"},"featured_img_caption":"","series_order":"","_links":{"self":[{"href":"https:\/\/sindaopcpb.org.br\/index.php\/wp-json\/wp\/v2\/posts\/60004","targetHints":{"allow":["GET"]}}],"collection":[{"href":"https:\/\/sindaopcpb.org.br\/index.php\/wp-json\/wp\/v2\/posts"}],"about":[{"href":"https:\/\/sindaopcpb.org.br\/index.php\/wp-json\/wp\/v2\/types\/post"}],"author":[{"embeddable":true,"href":"https:\/\/sindaopcpb.org.br\/index.php\/wp-json\/wp\/v2\/users\/123457"}],"replies":[{"embeddable":true,"href":"https:\/\/sindaopcpb.org.br\/index.php\/wp-json\/wp\/v2\/comments?post=60004"}],"version-history":[{"count":3,"href":"https:\/\/sindaopcpb.org.br\/index.php\/wp-json\/wp\/v2\/posts\/60004\/revisions"}],"predecessor-version":[{"id":60017,"href":"https:\/\/sindaopcpb.org.br\/index.php\/wp-json\/wp\/v2\/posts\/60004\/revisions\/60017"}],"wp:attachment":[{"href":"https:\/\/sindaopcpb.org.br\/index.php\/wp-json\/wp\/v2\/media?parent=60004"}],"wp:term":[{"taxonomy":"category","embeddable":true,"href":"https:\/\/sindaopcpb.org.br\/index.php\/wp-json\/wp\/v2\/categories?post=60004"},{"taxonomy":"post_tag","embeddable":true,"href":"https:\/\/sindaopcpb.org.br\/index.php\/wp-json\/wp\/v2\/tags?post=60004"}],"curies":[{"name":"wp","href":"https:\/\/api.w.org\/{rel}","templated":true}]}}