{"id":59999,"date":"2025-08-20T11:30:06","date_gmt":"2025-08-20T14:30:06","guid":{"rendered":"https:\/\/www.pbagora.com.br\/?p=913265"},"modified":"2025-08-20T12:30:06","modified_gmt":"2025-08-20T15:30:06","slug":"jovem-e-preso-em-campina-grande-com-estufas-de-maconha-no-quintal-de-casa","status":"publish","type":"post","link":"https:\/\/sindaopcpb.org.br\/index.php\/2025\/08\/20\/jovem-e-preso-em-campina-grande-com-estufas-de-maconha-no-quintal-de-casa\/","title":{"rendered":"Jovem \u00e9 preso em Campina Grande com estufas de maconha no quintal de casa"},"content":{"rendered":"<p><img width=\"459\" height=\"315\" src=\"https:\/\/www.pbagora.com.br\/storage\/2025\/08\/image-68.png\" class=\"attachment-large size-large wp-post-image\" alt=\"\" style=\"margin-bottom: 20px;\" decoding=\"async\" loading=\"lazy\" srcset=\"https:\/\/www.pbagora.com.br\/storage\/2025\/08\/image-68.png 459w, https:\/\/www.pbagora.com.br\/storage\/2025\/08\/image-68-300x206.png 300w, https:\/\/www.pbagora.com.br\/storage\/2025\/08\/image-68-150x103.png 150w, https:\/\/www.pbagora.com.br\/storage\/2025\/08\/image-68-380x261.png 380w, https:\/\/www.pbagora.com.br\/storage\/2025\/08\/image-68-80x55.png 80w\" sizes=\"auto, (max-width: 459px) 100vw, 459px\" \/><\/p>\n<p>Um homem de 25 anos foi preso nessa ter\u00e7a-feira (19) em Campina Grande por cultivar maconha no quintal de sua resid\u00eancia, localizada no Bairro Distrito Industrial.<\/p>\n\n\n\n<p>Segundo a Pol\u00edcia Civil, a resid\u00eancia do suspeito continha mudas da planta cannabis sativa e duas estruturas de estufa utilizadas para o cultivo. A pris\u00e3o ocorreu em flagrante, com base em ind\u00edcios de que a droga seria comercializada a terceiros.<\/p>\n\n\n\n<p>Durante a a\u00e7\u00e3o, os policiais apreenderam duas estufas, fertilizantes, balan\u00e7as de precis\u00e3o, mudas de maconha e por\u00e7\u00f5es da droga processadas, acondicionadas em sacos pl\u00e1sticos.<\/p>\n\n\n\n<p>O jovem foi conduzido \u00e0 delegacia para audi\u00eancia de cust\u00f3dia e permanece \u00e0 disposi\u00e7\u00e3o da Justi\u00e7a.<\/p>\n\n\n\n<p><strong><em>PB Agora<\/em><\/strong><\/p>\n","protected":false},"excerpt":{"rendered":"<p><img decoding=\"async\" width=\"459\" height=\"315\" src=\"https:\/\/www.pbagora.com.br\/storage\/2025\/08\/image-68.png\" class=\"attachment-large size-large wp-post-image\" alt=\"\" loading=\"lazy\" srcset=\"https:\/\/www.pbagora.com.br\/storage\/2025\/08\/image-68.png 459w, https:\/\/www.pbagora.com.br\/storage\/2025\/08\/image-68-300x206.png 300w, https:\/\/www.pbagora.com.br\/storage\/2025\/08\/image-68-150x103.png 150w, https:\/\/www.pbagora.com.br\/storage\/2025\/08\/image-68-380x261.png 380w, https:\/\/www.pbagora.com.br\/storage\/2025\/08\/image-68-80x55.png 80w\" sizes=\"auto, (max-width: 459px) 100vw, 459px\"><\/p>\n<p>Um homem de 25 anos foi preso nessa ter\u00e7a-feira (19) em Campina Grande por cultivar maconha no quintal\u2026<\/p>\n","protected":false},"author":123457,"featured_media":0,"comment_status":"closed","ping_status":"closed","sticky":false,"template":"","format":"standard","meta":{"advgb_blocks_editor_width":"","advgb_blocks_columns_visual_guide":"","footnotes":""},"categories":[34],"tags":[10841,35,10839],"class_list":["post-59999","post","type-post","status-publish","format-standard","hentry","category-g1","tag-destaque-centro-02","tag-g1","tag-policial"],"author_meta":{"display_name":"Reda\u00e7\u00e3o","author_link":"https:\/\/sindaopcpb.org.br\/author\/redacao\/"},"featured_img":null,"coauthors":[],"tax_additional":{"categories":{"linked":["<a href=\"https:\/\/sindaopcpb.org.br\/g1\/\" class=\"advgb-post-tax-term\">G1<\/a>"],"unlinked":["<span class=\"advgb-post-tax-term\">G1<\/span>"]},"tags":{"linked":["<a href=\"https:\/\/sindaopcpb.org.br\/g1\/\" class=\"advgb-post-tax-term\">Destaque Centro 02<\/a>","<a href=\"https:\/\/sindaopcpb.org.br\/g1\/\" class=\"advgb-post-tax-term\">g1<\/a>","<a href=\"https:\/\/sindaopcpb.org.br\/g1\/\" class=\"advgb-post-tax-term\">Policial<\/a>"],"unlinked":["<span class=\"advgb-post-tax-term\">Destaque Centro 02<\/span>","<span class=\"advgb-post-tax-term\">g1<\/span>","<span class=\"advgb-post-tax-term\">Policial<\/span>"]}},"comment_count":"0","relative_dates":{"created":"Publicado 8 meses atr\u00e1s","modified":"Atualizado 8 meses atr\u00e1s"},"absolute_dates":{"created":"Publicado em 20 de agosto de 2025","modified":"Atualizado em 20 de agosto de 2025"},"absolute_dates_time":{"created":"Publicado em 20 de agosto de 2025 11:30","modified":"Atualizado em 20 de agosto de 2025 12:30"},"featured_img_caption":"","series_order":"","_links":{"self":[{"href":"https:\/\/sindaopcpb.org.br\/index.php\/wp-json\/wp\/v2\/posts\/59999","targetHints":{"allow":["GET"]}}],"collection":[{"href":"https:\/\/sindaopcpb.org.br\/index.php\/wp-json\/wp\/v2\/posts"}],"about":[{"href":"https:\/\/sindaopcpb.org.br\/index.php\/wp-json\/wp\/v2\/types\/post"}],"author":[{"embeddable":true,"href":"https:\/\/sindaopcpb.org.br\/index.php\/wp-json\/wp\/v2\/users\/123457"}],"replies":[{"embeddable":true,"href":"https:\/\/sindaopcpb.org.br\/index.php\/wp-json\/wp\/v2\/comments?post=59999"}],"version-history":[{"count":2,"href":"https:\/\/sindaopcpb.org.br\/index.php\/wp-json\/wp\/v2\/posts\/59999\/revisions"}],"predecessor-version":[{"id":60006,"href":"https:\/\/sindaopcpb.org.br\/index.php\/wp-json\/wp\/v2\/posts\/59999\/revisions\/60006"}],"wp:attachment":[{"href":"https:\/\/sindaopcpb.org.br\/index.php\/wp-json\/wp\/v2\/media?parent=59999"}],"wp:term":[{"taxonomy":"category","embeddable":true,"href":"https:\/\/sindaopcpb.org.br\/index.php\/wp-json\/wp\/v2\/categories?post=59999"},{"taxonomy":"post_tag","embeddable":true,"href":"https:\/\/sindaopcpb.org.br\/index.php\/wp-json\/wp\/v2\/tags?post=59999"}],"curies":[{"name":"wp","href":"https:\/\/api.w.org\/{rel}","templated":true}]}}