{"id":59983,"date":"2025-08-20T09:37:19","date_gmt":"2025-08-20T12:37:19","guid":{"rendered":"https:\/\/www.pbagora.com.br\/?p=913246"},"modified":"2025-08-20T11:37:19","modified_gmt":"2025-08-20T14:37:19","slug":"jovem-e-baleado-apos-ter-apartamento-invadido-no-bairro-de-mandacaru-em-jp","status":"publish","type":"post","link":"https:\/\/sindaopcpb.org.br\/index.php\/2025\/08\/20\/jovem-e-baleado-apos-ter-apartamento-invadido-no-bairro-de-mandacaru-em-jp\/","title":{"rendered":"Jovem \u00e9 baleado ap\u00f3s ter apartamento invadido no bairro de Mandacaru, em JP"},"content":{"rendered":"<p><img width=\"687\" height=\"463\" src=\"https:\/\/www.pbagora.com.br\/storage\/2023\/11\/csm_samu_no_hospital_de_trauma_JP_702d9f635d.jpeg\" class=\"attachment-large size-large wp-post-image\" alt=\"\" style=\"margin-bottom: 20px;\" decoding=\"async\" srcset=\"https:\/\/www.pbagora.com.br\/storage\/2023\/11\/csm_samu_no_hospital_de_trauma_JP_702d9f635d.jpeg 687w, https:\/\/www.pbagora.com.br\/storage\/2023\/11\/csm_samu_no_hospital_de_trauma_JP_702d9f635d-300x202.jpeg 300w, https:\/\/www.pbagora.com.br\/storage\/2023\/11\/csm_samu_no_hospital_de_trauma_JP_702d9f635d-150x101.jpeg 150w, https:\/\/www.pbagora.com.br\/storage\/2023\/11\/csm_samu_no_hospital_de_trauma_JP_702d9f635d-380x256.jpeg 380w, https:\/\/www.pbagora.com.br\/storage\/2023\/11\/csm_samu_no_hospital_de_trauma_JP_702d9f635d-80x54.jpeg 80w, https:\/\/www.pbagora.com.br\/storage\/2023\/11\/csm_samu_no_hospital_de_trauma_JP_702d9f635d-600x404.jpeg 600w\" sizes=\"(max-width: 687px) 100vw, 687px\" \/><\/p>\n<p>Um jovem de 18 anos foi v\u00edtima de uma tentativa de homic\u00eddio na noite dessa ter\u00e7a-feira (19), no bairro de Mandacaru, em Jo\u00e3o Pessoa. Segundo informa\u00e7\u00f5es pelo menos cinco homens armados invadiram o pr\u00e9dio residencial onde ele mora e entraram em seu apartamento.<\/p>\n\n\n\n<p>Os suspeitos perguntaram se ele era morador do bairro dos Ip\u00eas. Antes que tivesse qualquer rea\u00e7\u00e3o, os criminosos efetuaram disparos contra ele.<\/p>\n\n\n\n<p>O rapaz foi atingido no rosto e no t\u00f3rax. Equipes do Servi\u00e7o de Atendimento M\u00f3vel de Urg\u00eancia (Samu) foram acionadas e prestaram os primeiros socorros no local. Em seguida, ele foi encaminhado ao Hospital de Emerg\u00eancia e Trauma de Jo\u00e3o Pessoa.<\/p>\n\n\n\n<p>De acordo com a unidade hospitalar, o jovem passou por procedimentos cir\u00fargicos e segue internado em estado grave.<\/p>\n\n\n\n<p>A Pol\u00edcia Militar foi acionada e realizou dilig\u00eancias na regi\u00e3o, mas at\u00e9 o momento n\u00e3o h\u00e1 informa\u00e7\u00f5es sobre a pris\u00e3o dos suspeitos.<\/p>\n\n\n\n<p><strong><em>PB Agora<\/em><\/strong><\/p>\n","protected":false},"excerpt":{"rendered":"<p><img loading=\"lazy\" decoding=\"async\" width=\"687\" height=\"463\" src=\"https:\/\/www.pbagora.com.br\/storage\/2023\/11\/csm_samu_no_hospital_de_trauma_JP_702d9f635d.jpeg\" class=\"attachment-large size-large wp-post-image\" alt=\"\" srcset=\"https:\/\/www.pbagora.com.br\/storage\/2023\/11\/csm_samu_no_hospital_de_trauma_JP_702d9f635d.jpeg 687w, https:\/\/www.pbagora.com.br\/storage\/2023\/11\/csm_samu_no_hospital_de_trauma_JP_702d9f635d-300x202.jpeg 300w, https:\/\/www.pbagora.com.br\/storage\/2023\/11\/csm_samu_no_hospital_de_trauma_JP_702d9f635d-150x101.jpeg 150w, https:\/\/www.pbagora.com.br\/storage\/2023\/11\/csm_samu_no_hospital_de_trauma_JP_702d9f635d-380x256.jpeg 380w, https:\/\/www.pbagora.com.br\/storage\/2023\/11\/csm_samu_no_hospital_de_trauma_JP_702d9f635d-80x54.jpeg 80w, https:\/\/www.pbagora.com.br\/storage\/2023\/11\/csm_samu_no_hospital_de_trauma_JP_702d9f635d-600x404.jpeg 600w\" sizes=\"auto, (max-width: 687px) 100vw, 687px\"><\/p>\n<p>Um jovem de 18 anos foi v\u00edtima de uma tentativa de homic\u00eddio na noite dessa ter\u00e7a-feira (19), no\u2026<\/p>\n","protected":false},"author":123457,"featured_media":0,"comment_status":"closed","ping_status":"closed","sticky":false,"template":"","format":"standard","meta":{"advgb_blocks_editor_width":"","advgb_blocks_columns_visual_guide":"","footnotes":""},"categories":[34],"tags":[35,10839,10848],"class_list":["post-59983","post","type-post","status-publish","format-standard","hentry","category-g1","tag-g1","tag-policial","tag-rodape-01"],"author_meta":{"display_name":"Reda\u00e7\u00e3o","author_link":"https:\/\/sindaopcpb.org.br\/author\/redacao\/"},"featured_img":null,"coauthors":[],"tax_additional":{"categories":{"linked":["<a href=\"https:\/\/sindaopcpb.org.br\/g1\/\" class=\"advgb-post-tax-term\">G1<\/a>"],"unlinked":["<span class=\"advgb-post-tax-term\">G1<\/span>"]},"tags":{"linked":["<a href=\"https:\/\/sindaopcpb.org.br\/g1\/\" class=\"advgb-post-tax-term\">g1<\/a>","<a href=\"https:\/\/sindaopcpb.org.br\/g1\/\" class=\"advgb-post-tax-term\">Policial<\/a>","<a href=\"https:\/\/sindaopcpb.org.br\/g1\/\" class=\"advgb-post-tax-term\">Rodape 01<\/a>"],"unlinked":["<span class=\"advgb-post-tax-term\">g1<\/span>","<span class=\"advgb-post-tax-term\">Policial<\/span>","<span class=\"advgb-post-tax-term\">Rodape 01<\/span>"]}},"comment_count":"0","relative_dates":{"created":"Publicado 9 meses atr\u00e1s","modified":"Atualizado 8 meses atr\u00e1s"},"absolute_dates":{"created":"Publicado em 20 de agosto de 2025","modified":"Atualizado em 20 de agosto de 2025"},"absolute_dates_time":{"created":"Publicado em 20 de agosto de 2025 09:37","modified":"Atualizado em 20 de agosto de 2025 11:37"},"featured_img_caption":"","series_order":"","_links":{"self":[{"href":"https:\/\/sindaopcpb.org.br\/index.php\/wp-json\/wp\/v2\/posts\/59983","targetHints":{"allow":["GET"]}}],"collection":[{"href":"https:\/\/sindaopcpb.org.br\/index.php\/wp-json\/wp\/v2\/posts"}],"about":[{"href":"https:\/\/sindaopcpb.org.br\/index.php\/wp-json\/wp\/v2\/types\/post"}],"author":[{"embeddable":true,"href":"https:\/\/sindaopcpb.org.br\/index.php\/wp-json\/wp\/v2\/users\/123457"}],"replies":[{"embeddable":true,"href":"https:\/\/sindaopcpb.org.br\/index.php\/wp-json\/wp\/v2\/comments?post=59983"}],"version-history":[{"count":3,"href":"https:\/\/sindaopcpb.org.br\/index.php\/wp-json\/wp\/v2\/posts\/59983\/revisions"}],"predecessor-version":[{"id":59997,"href":"https:\/\/sindaopcpb.org.br\/index.php\/wp-json\/wp\/v2\/posts\/59983\/revisions\/59997"}],"wp:attachment":[{"href":"https:\/\/sindaopcpb.org.br\/index.php\/wp-json\/wp\/v2\/media?parent=59983"}],"wp:term":[{"taxonomy":"category","embeddable":true,"href":"https:\/\/sindaopcpb.org.br\/index.php\/wp-json\/wp\/v2\/categories?post=59983"},{"taxonomy":"post_tag","embeddable":true,"href":"https:\/\/sindaopcpb.org.br\/index.php\/wp-json\/wp\/v2\/tags?post=59983"}],"curies":[{"name":"wp","href":"https:\/\/api.w.org\/{rel}","templated":true}]}}