{"id":59971,"date":"2025-08-20T07:09:03","date_gmt":"2025-08-20T10:09:03","guid":{"rendered":"https:\/\/www.pbagora.com.br\/?p=913216"},"modified":"2025-08-20T07:09:03","modified_gmt":"2025-08-20T10:09:03","slug":"pf-prende-homem-apos-retirar-encomenda-contendo-r-50000-em-cedulas-falsas","status":"publish","type":"post","link":"https:\/\/sindaopcpb.org.br\/index.php\/2025\/08\/20\/pf-prende-homem-apos-retirar-encomenda-contendo-r-50000-em-cedulas-falsas\/","title":{"rendered":"PF prende homem ap\u00f3s retirar encomenda contendo R$ 500,00 em c\u00e9dulas falsas"},"content":{"rendered":"<p><img width=\"693\" height=\"850\" src=\"https:\/\/www.pbagora.com.br\/storage\/2025\/08\/POLICE.jpg\" class=\"attachment-large size-large wp-post-image\" alt=\"\" style=\"margin-bottom: 20px;\" decoding=\"async\" srcset=\"https:\/\/www.pbagora.com.br\/storage\/2025\/08\/POLICE.jpg 693w, https:\/\/www.pbagora.com.br\/storage\/2025\/08\/POLICE-245x300.jpg 245w, https:\/\/www.pbagora.com.br\/storage\/2025\/08\/POLICE-122x150.jpg 122w, https:\/\/www.pbagora.com.br\/storage\/2025\/08\/POLICE-380x466.jpg 380w, https:\/\/www.pbagora.com.br\/storage\/2025\/08\/POLICE-80x98.jpg 80w, https:\/\/www.pbagora.com.br\/storage\/2025\/08\/POLICE-65x80.jpg 65w, https:\/\/www.pbagora.com.br\/storage\/2025\/08\/POLICE-489x600.jpg 489w\" sizes=\"(max-width: 693px) 100vw, 693px\" \/><\/p>\n<p>A Pol\u00edcia Federal prendeu em flagrante, na tarde desta ter\u00e7a-feira (19\/08), um homem de 25 anos no munic\u00edpio de Areia\/PB, logo retirar da Ag\u00eancia dos Correios uma encomenda contendo R$ 500,00 em c\u00e9dulas falsas, sendo tr\u00eas notas de R$ 100,00 e uma de R$ 200,00.<\/p>\n\n\n\n<p>A a\u00e7\u00e3o foi realizada em conjunto com a \u00c1rea de Seguran\u00e7a Corporativa dos Correios, que identificou irregularidades na correspond\u00eancia e acionou a Pol\u00edcia Federal.<\/p>\n\n\n\n<p>O suspeito ser\u00e1 submetido ao devido processo legal, respondendo por introdu\u00e7\u00e3o de moeda falsa em circula\u00e7\u00e3o, conforme disposto no art. 289, \u00a71\u00ba, do C\u00f3digo Penal \u2014 infra\u00e7\u00e3o cuja pena, dada a sua gravidade, pode atingir at\u00e9 12 anos de reclus\u00e3o, al\u00e9m de multa.<\/p>\n\n\n\n<p>Ap\u00f3s a lavratura do auto de pris\u00e3o em flagrante, o investigado aguardar\u00e1 audi\u00eancia de cust\u00f3dia, ocasi\u00e3o na qual o ju\u00edzo competente deliberar\u00e1 sobre a situa\u00e7\u00e3o de sua pris\u00e3o.<\/p>\n\n\n\n<p><em><strong>Reda\u00e7\u00e3o<\/strong><\/em><\/p>\n","protected":false},"excerpt":{"rendered":"<p><img loading=\"lazy\" decoding=\"async\" width=\"693\" height=\"850\" src=\"https:\/\/www.pbagora.com.br\/storage\/2025\/08\/POLICE.jpg\" class=\"attachment-large size-large wp-post-image\" alt=\"\" srcset=\"https:\/\/www.pbagora.com.br\/storage\/2025\/08\/POLICE.jpg 693w, https:\/\/www.pbagora.com.br\/storage\/2025\/08\/POLICE-245x300.jpg 245w, https:\/\/www.pbagora.com.br\/storage\/2025\/08\/POLICE-122x150.jpg 122w, https:\/\/www.pbagora.com.br\/storage\/2025\/08\/POLICE-380x466.jpg 380w, https:\/\/www.pbagora.com.br\/storage\/2025\/08\/POLICE-80x98.jpg 80w, https:\/\/www.pbagora.com.br\/storage\/2025\/08\/POLICE-65x80.jpg 65w, https:\/\/www.pbagora.com.br\/storage\/2025\/08\/POLICE-489x600.jpg 489w\" sizes=\"auto, (max-width: 693px) 100vw, 693px\"><\/p>\n<p>A Pol\u00edcia Federal prendeu em flagrante, na tarde desta ter\u00e7a-feira (19\/08), um homem de 25 anos no munic\u00edpio\u2026<\/p>\n","protected":false},"author":123457,"featured_media":0,"comment_status":"closed","ping_status":"closed","sticky":false,"template":"","format":"standard","meta":{"advgb_blocks_editor_width":"","advgb_blocks_columns_visual_guide":"","footnotes":""},"categories":[34],"tags":[10845,35,10839],"class_list":["post-59971","post","type-post","status-publish","format-standard","hentry","category-g1","tag-destaque-centro-01","tag-g1","tag-policial"],"author_meta":{"display_name":"Reda\u00e7\u00e3o","author_link":"https:\/\/sindaopcpb.org.br\/author\/redacao\/"},"featured_img":null,"coauthors":[],"tax_additional":{"categories":{"linked":["<a href=\"https:\/\/sindaopcpb.org.br\/g1\/\" class=\"advgb-post-tax-term\">G1<\/a>"],"unlinked":["<span class=\"advgb-post-tax-term\">G1<\/span>"]},"tags":{"linked":["<a href=\"https:\/\/sindaopcpb.org.br\/g1\/\" class=\"advgb-post-tax-term\">Destaque Centro 01<\/a>","<a href=\"https:\/\/sindaopcpb.org.br\/g1\/\" class=\"advgb-post-tax-term\">g1<\/a>","<a href=\"https:\/\/sindaopcpb.org.br\/g1\/\" class=\"advgb-post-tax-term\">Policial<\/a>"],"unlinked":["<span class=\"advgb-post-tax-term\">Destaque Centro 01<\/span>","<span class=\"advgb-post-tax-term\">g1<\/span>","<span class=\"advgb-post-tax-term\">Policial<\/span>"]}},"comment_count":"0","relative_dates":{"created":"Publicado 9 meses atr\u00e1s","modified":"Atualizado 9 meses atr\u00e1s"},"absolute_dates":{"created":"Publicado em 20 de agosto de 2025","modified":"Atualizado em 20 de agosto de 2025"},"absolute_dates_time":{"created":"Publicado em 20 de agosto de 2025 07:09","modified":"Atualizado em 20 de agosto de 2025 07:09"},"featured_img_caption":"","series_order":"","_links":{"self":[{"href":"https:\/\/sindaopcpb.org.br\/index.php\/wp-json\/wp\/v2\/posts\/59971","targetHints":{"allow":["GET"]}}],"collection":[{"href":"https:\/\/sindaopcpb.org.br\/index.php\/wp-json\/wp\/v2\/posts"}],"about":[{"href":"https:\/\/sindaopcpb.org.br\/index.php\/wp-json\/wp\/v2\/types\/post"}],"author":[{"embeddable":true,"href":"https:\/\/sindaopcpb.org.br\/index.php\/wp-json\/wp\/v2\/users\/123457"}],"replies":[{"embeddable":true,"href":"https:\/\/sindaopcpb.org.br\/index.php\/wp-json\/wp\/v2\/comments?post=59971"}],"version-history":[{"count":2,"href":"https:\/\/sindaopcpb.org.br\/index.php\/wp-json\/wp\/v2\/posts\/59971\/revisions"}],"predecessor-version":[{"id":59988,"href":"https:\/\/sindaopcpb.org.br\/index.php\/wp-json\/wp\/v2\/posts\/59971\/revisions\/59988"}],"wp:attachment":[{"href":"https:\/\/sindaopcpb.org.br\/index.php\/wp-json\/wp\/v2\/media?parent=59971"}],"wp:term":[{"taxonomy":"category","embeddable":true,"href":"https:\/\/sindaopcpb.org.br\/index.php\/wp-json\/wp\/v2\/categories?post=59971"},{"taxonomy":"post_tag","embeddable":true,"href":"https:\/\/sindaopcpb.org.br\/index.php\/wp-json\/wp\/v2\/tags?post=59971"}],"curies":[{"name":"wp","href":"https:\/\/api.w.org\/{rel}","templated":true}]}}