{"id":59958,"date":"2025-08-19T15:14:20","date_gmt":"2025-08-19T18:14:20","guid":{"rendered":"https:\/\/www.pbagora.com.br\/?p=913153"},"modified":"2025-08-19T15:14:20","modified_gmt":"2025-08-19T18:14:20","slug":"arma-municoes-e-drogas-sao-apreendidas-em-sacola-na-cidade-de-santa-rita","status":"publish","type":"post","link":"https:\/\/sindaopcpb.org.br\/index.php\/2025\/08\/19\/arma-municoes-e-drogas-sao-apreendidas-em-sacola-na-cidade-de-santa-rita\/","title":{"rendered":"Arma, muni\u00e7\u00f5es e drogas s\u00e3o apreendidas em sacola na cidade de Santa Rita"},"content":{"rendered":"<p><img width=\"800\" height=\"445\" src=\"https:\/\/www.pbagora.com.br\/storage\/2025\/08\/Apreensao-Santa-Rita.jpeg\" class=\"attachment-large size-large wp-post-image\" alt=\"\" style=\"margin-bottom: 20px;\" decoding=\"async\" loading=\"lazy\" srcset=\"https:\/\/www.pbagora.com.br\/storage\/2025\/08\/Apreensao-Santa-Rita.jpeg 800w, https:\/\/www.pbagora.com.br\/storage\/2025\/08\/Apreensao-Santa-Rita-300x167.jpeg 300w, https:\/\/www.pbagora.com.br\/storage\/2025\/08\/Apreensao-Santa-Rita-150x83.jpeg 150w, https:\/\/www.pbagora.com.br\/storage\/2025\/08\/Apreensao-Santa-Rita-768x427.jpeg 768w, https:\/\/www.pbagora.com.br\/storage\/2025\/08\/Apreensao-Santa-Rita-380x211.jpeg 380w, https:\/\/www.pbagora.com.br\/storage\/2025\/08\/Apreensao-Santa-Rita-80x46.jpeg 80w, https:\/\/www.pbagora.com.br\/storage\/2025\/08\/Apreensao-Santa-Rita-760x423.jpeg 760w, https:\/\/www.pbagora.com.br\/storage\/2025\/08\/Apreensao-Santa-Rita-600x334.jpeg 600w\" sizes=\"auto, (max-width: 800px) 100vw, 800px\" \/><\/p>\n<p>A Pol\u00edcia Militar apreendeu nesta segunda-feira (18),uma sacola com um rev\u00f3lver, muni\u00e7\u00f5es, por\u00e7\u00f5es de maconha e haxixe, na cidade Santa Rita. O material estava em uma localidade conhecida como Paulo VI e foi abandonado por um suspeito, que fugiu ao perceber a entrada das guarni\u00e7\u00f5es da R\u00e1dio Patrulha do 7\u00ba Batalh\u00e3o na regi\u00e3o.<\/p>\n\n\n\n<p>As equipes ainda fizeram buscas na tentativa de prender o acusado, mas ele n\u00e3o foi localizado. O material foi deixando na 6\u00aa Delegacia Distrital, em Santa Rita.<\/p>\n\n\n\n<p><strong><em>Ascom Pol\u00edcia Militar<\/em><\/strong><\/p>\n","protected":false},"excerpt":{"rendered":"<p><img decoding=\"async\" width=\"800\" height=\"445\" src=\"https:\/\/www.pbagora.com.br\/storage\/2025\/08\/Apreensao-Santa-Rita.jpeg\" class=\"attachment-large size-large wp-post-image\" alt=\"\" loading=\"lazy\" srcset=\"https:\/\/www.pbagora.com.br\/storage\/2025\/08\/Apreensao-Santa-Rita.jpeg 800w, https:\/\/www.pbagora.com.br\/storage\/2025\/08\/Apreensao-Santa-Rita-300x167.jpeg 300w, https:\/\/www.pbagora.com.br\/storage\/2025\/08\/Apreensao-Santa-Rita-150x83.jpeg 150w, https:\/\/www.pbagora.com.br\/storage\/2025\/08\/Apreensao-Santa-Rita-768x427.jpeg 768w, https:\/\/www.pbagora.com.br\/storage\/2025\/08\/Apreensao-Santa-Rita-380x211.jpeg 380w, https:\/\/www.pbagora.com.br\/storage\/2025\/08\/Apreensao-Santa-Rita-80x46.jpeg 80w, https:\/\/www.pbagora.com.br\/storage\/2025\/08\/Apreensao-Santa-Rita-760x423.jpeg 760w, https:\/\/www.pbagora.com.br\/storage\/2025\/08\/Apreensao-Santa-Rita-600x334.jpeg 600w\" sizes=\"auto, (max-width: 800px) 100vw, 800px\"><\/p>\n<p>A Pol\u00edcia Militar apreendeu nesta segunda-feira (18),uma sacola com um rev\u00f3lver, muni\u00e7\u00f5es, por\u00e7\u00f5es de maconha e haxixe, na\u2026<\/p>\n","protected":false},"author":123457,"featured_media":0,"comment_status":"closed","ping_status":"closed","sticky":false,"template":"","format":"standard","meta":{"advgb_blocks_editor_width":"","advgb_blocks_columns_visual_guide":"","footnotes":""},"categories":[34],"tags":[10841,35,10839],"class_list":["post-59958","post","type-post","status-publish","format-standard","hentry","category-g1","tag-destaque-centro-02","tag-g1","tag-policial"],"author_meta":{"display_name":"Reda\u00e7\u00e3o","author_link":"https:\/\/sindaopcpb.org.br\/author\/redacao\/"},"featured_img":null,"coauthors":[],"tax_additional":{"categories":{"linked":["<a href=\"https:\/\/sindaopcpb.org.br\/g1\/\" class=\"advgb-post-tax-term\">G1<\/a>"],"unlinked":["<span class=\"advgb-post-tax-term\">G1<\/span>"]},"tags":{"linked":["<a href=\"https:\/\/sindaopcpb.org.br\/g1\/\" class=\"advgb-post-tax-term\">Destaque Centro 02<\/a>","<a href=\"https:\/\/sindaopcpb.org.br\/g1\/\" class=\"advgb-post-tax-term\">g1<\/a>","<a href=\"https:\/\/sindaopcpb.org.br\/g1\/\" class=\"advgb-post-tax-term\">Policial<\/a>"],"unlinked":["<span class=\"advgb-post-tax-term\">Destaque Centro 02<\/span>","<span class=\"advgb-post-tax-term\">g1<\/span>","<span class=\"advgb-post-tax-term\">Policial<\/span>"]}},"comment_count":"0","relative_dates":{"created":"Publicado 9 meses atr\u00e1s","modified":"Atualizado 9 meses atr\u00e1s"},"absolute_dates":{"created":"Publicado em 19 de agosto de 2025","modified":"Atualizado em 19 de agosto de 2025"},"absolute_dates_time":{"created":"Publicado em 19 de agosto de 2025 15:14","modified":"Atualizado em 19 de agosto de 2025 15:14"},"featured_img_caption":"","series_order":"","_links":{"self":[{"href":"https:\/\/sindaopcpb.org.br\/index.php\/wp-json\/wp\/v2\/posts\/59958","targetHints":{"allow":["GET"]}}],"collection":[{"href":"https:\/\/sindaopcpb.org.br\/index.php\/wp-json\/wp\/v2\/posts"}],"about":[{"href":"https:\/\/sindaopcpb.org.br\/index.php\/wp-json\/wp\/v2\/types\/post"}],"author":[{"embeddable":true,"href":"https:\/\/sindaopcpb.org.br\/index.php\/wp-json\/wp\/v2\/users\/123457"}],"replies":[{"embeddable":true,"href":"https:\/\/sindaopcpb.org.br\/index.php\/wp-json\/wp\/v2\/comments?post=59958"}],"version-history":[{"count":1,"href":"https:\/\/sindaopcpb.org.br\/index.php\/wp-json\/wp\/v2\/posts\/59958\/revisions"}],"predecessor-version":[{"id":59959,"href":"https:\/\/sindaopcpb.org.br\/index.php\/wp-json\/wp\/v2\/posts\/59958\/revisions\/59959"}],"wp:attachment":[{"href":"https:\/\/sindaopcpb.org.br\/index.php\/wp-json\/wp\/v2\/media?parent=59958"}],"wp:term":[{"taxonomy":"category","embeddable":true,"href":"https:\/\/sindaopcpb.org.br\/index.php\/wp-json\/wp\/v2\/categories?post=59958"},{"taxonomy":"post_tag","embeddable":true,"href":"https:\/\/sindaopcpb.org.br\/index.php\/wp-json\/wp\/v2\/tags?post=59958"}],"curies":[{"name":"wp","href":"https:\/\/api.w.org\/{rel}","templated":true}]}}