{"id":59950,"date":"2025-08-19T13:00:50","date_gmt":"2025-08-19T16:00:50","guid":{"rendered":"https:\/\/www.pbagora.com.br\/?p=913138"},"modified":"2025-08-19T13:00:50","modified_gmt":"2025-08-19T16:00:50","slug":"vereadores-de-joao-pessoa-pedem-entrada-da-policia-federal-em-caso-envolvendo-guga-moov-jampa","status":"publish","type":"post","link":"https:\/\/sindaopcpb.org.br\/index.php\/2025\/08\/19\/vereadores-de-joao-pessoa-pedem-entrada-da-policia-federal-em-caso-envolvendo-guga-moov-jampa\/","title":{"rendered":"Vereadores de Jo\u00e3o Pessoa pedem entrada da Pol\u00edcia Federal em caso envolvendo Guga Moov Jampa"},"content":{"rendered":"<p><img width=\"377\" height=\"325\" src=\"https:\/\/www.pbagora.com.br\/storage\/2025\/08\/Captura-de-tela-2025-08-19-123853.png\" class=\"attachment-large size-large wp-post-image\" alt=\"\" style=\"margin-bottom: 20px;\" decoding=\"async\" loading=\"lazy\" srcset=\"https:\/\/www.pbagora.com.br\/storage\/2025\/08\/Captura-de-tela-2025-08-19-123853.png 377w, https:\/\/www.pbagora.com.br\/storage\/2025\/08\/Captura-de-tela-2025-08-19-123853-300x259.png 300w, https:\/\/www.pbagora.com.br\/storage\/2025\/08\/Captura-de-tela-2025-08-19-123853-150x129.png 150w, https:\/\/www.pbagora.com.br\/storage\/2025\/08\/Captura-de-tela-2025-08-19-123853-80x69.png 80w\" sizes=\"auto, (max-width: 377px) 100vw, 377px\" \/><\/p>\n<p>A C\u00e2mara Municipal de Jo\u00e3o Pessoa deve encaminhar, nos pr\u00f3ximos dias, um requerimento \u00e0 Superintend\u00eancia da Pol\u00edcia Federal na Para\u00edba solicitando a participa\u00e7\u00e3o do \u00f3rg\u00e3o nas investiga\u00e7\u00f5es que envolvem o vereador Guga Moov Jampa.<\/p>\n\n\n\n<p>A iniciativa partiu do vereador Marcos Vin\u00edcius (MDB) e j\u00e1 conta com a assinatura de mais de 12 parlamentares. O documento ser\u00e1 encaminhado dentro das prerrogativas regimentais da Casa Legislativa.<\/p>\n\n\n\n<p>Segundo Marcos Vin\u00edcius, a presen\u00e7a da Pol\u00edcia Federal \u00e9 fundamental para dar transpar\u00eancia e credibilidade ao processo de apura\u00e7\u00e3o. \u201cN\u00f3s queremos que tudo seja esclarecido da forma mais clara poss\u00edvel, e a participa\u00e7\u00e3o da PF pode refor\u00e7ar a seriedade dessa investiga\u00e7\u00e3o\u201d, declarou.<\/p>\n\n\n\n<p>O presidente da C\u00e2mara, Dinho (Avante), deve agora analisar o pedido. Paralelamente, os vereadores j\u00e1 articulam a instala\u00e7\u00e3o de uma Comiss\u00e3o Parlamentar de Inqu\u00e9rito (CPI) para investigar den\u00fancias de poss\u00edvel cartel. \u201cA CPI ser\u00e1 instalada, estamos apenas ajustando algumas recomenda\u00e7\u00f5es feitas pela Procuradoria para que os trabalhos iniciem de forma correta e dentro da legalidade\u201d, acrescentou Marcos Vin\u00edcius.<\/p>\n\n\n\n<p>A expectativa \u00e9 de que, com a entrada da Pol\u00edcia Federal, as investiga\u00e7\u00f5es avancem com maior alcance, garantindo imparcialidade e aprofundamento nos fatos que envolvem o atentado contra o vereador Guga.<\/p>\n\n\n\n<p><strong><em>Reda\u00e7\u00e3o<\/em><\/strong><\/p>\n","protected":false},"excerpt":{"rendered":"<p><img loading=\"lazy\" decoding=\"async\" width=\"377\" height=\"325\" src=\"https:\/\/www.pbagora.com.br\/storage\/2025\/08\/Captura-de-tela-2025-08-19-123853.png\" class=\"attachment-large size-large wp-post-image\" alt=\"\" srcset=\"https:\/\/www.pbagora.com.br\/storage\/2025\/08\/Captura-de-tela-2025-08-19-123853.png 377w, https:\/\/www.pbagora.com.br\/storage\/2025\/08\/Captura-de-tela-2025-08-19-123853-300x259.png 300w, https:\/\/www.pbagora.com.br\/storage\/2025\/08\/Captura-de-tela-2025-08-19-123853-150x129.png 150w, https:\/\/www.pbagora.com.br\/storage\/2025\/08\/Captura-de-tela-2025-08-19-123853-80x69.png 80w\" sizes=\"auto, (max-width: 377px) 100vw, 377px\"><\/p>\n<p>A C\u00e2mara Municipal de Jo\u00e3o Pessoa deve encaminhar, nos pr\u00f3ximos dias, um requerimento \u00e0 Superintend\u00eancia da Pol\u00edcia Federal\u2026<\/p>\n","protected":false},"author":123457,"featured_media":0,"comment_status":"closed","ping_status":"closed","sticky":false,"template":"","format":"standard","meta":{"advgb_blocks_editor_width":"","advgb_blocks_columns_visual_guide":"","footnotes":""},"categories":[34],"tags":[10845,35,10839],"class_list":["post-59950","post","type-post","status-publish","format-standard","hentry","category-g1","tag-destaque-centro-01","tag-g1","tag-policial"],"author_meta":{"display_name":"Reda\u00e7\u00e3o","author_link":"https:\/\/sindaopcpb.org.br\/author\/redacao\/"},"featured_img":null,"coauthors":[],"tax_additional":{"categories":{"linked":["<a href=\"https:\/\/sindaopcpb.org.br\/g1\/\" class=\"advgb-post-tax-term\">G1<\/a>"],"unlinked":["<span class=\"advgb-post-tax-term\">G1<\/span>"]},"tags":{"linked":["<a href=\"https:\/\/sindaopcpb.org.br\/g1\/\" class=\"advgb-post-tax-term\">Destaque Centro 01<\/a>","<a href=\"https:\/\/sindaopcpb.org.br\/g1\/\" class=\"advgb-post-tax-term\">g1<\/a>","<a href=\"https:\/\/sindaopcpb.org.br\/g1\/\" class=\"advgb-post-tax-term\">Policial<\/a>"],"unlinked":["<span class=\"advgb-post-tax-term\">Destaque Centro 01<\/span>","<span class=\"advgb-post-tax-term\">g1<\/span>","<span class=\"advgb-post-tax-term\">Policial<\/span>"]}},"comment_count":"0","relative_dates":{"created":"Publicado 9 meses atr\u00e1s","modified":"Atualizado 9 meses atr\u00e1s"},"absolute_dates":{"created":"Publicado em 19 de agosto de 2025","modified":"Atualizado em 19 de agosto de 2025"},"absolute_dates_time":{"created":"Publicado em 19 de agosto de 2025 13:00","modified":"Atualizado em 19 de agosto de 2025 13:00"},"featured_img_caption":"","series_order":"","_links":{"self":[{"href":"https:\/\/sindaopcpb.org.br\/index.php\/wp-json\/wp\/v2\/posts\/59950","targetHints":{"allow":["GET"]}}],"collection":[{"href":"https:\/\/sindaopcpb.org.br\/index.php\/wp-json\/wp\/v2\/posts"}],"about":[{"href":"https:\/\/sindaopcpb.org.br\/index.php\/wp-json\/wp\/v2\/types\/post"}],"author":[{"embeddable":true,"href":"https:\/\/sindaopcpb.org.br\/index.php\/wp-json\/wp\/v2\/users\/123457"}],"replies":[{"embeddable":true,"href":"https:\/\/sindaopcpb.org.br\/index.php\/wp-json\/wp\/v2\/comments?post=59950"}],"version-history":[{"count":2,"href":"https:\/\/sindaopcpb.org.br\/index.php\/wp-json\/wp\/v2\/posts\/59950\/revisions"}],"predecessor-version":[{"id":59960,"href":"https:\/\/sindaopcpb.org.br\/index.php\/wp-json\/wp\/v2\/posts\/59950\/revisions\/59960"}],"wp:attachment":[{"href":"https:\/\/sindaopcpb.org.br\/index.php\/wp-json\/wp\/v2\/media?parent=59950"}],"wp:term":[{"taxonomy":"category","embeddable":true,"href":"https:\/\/sindaopcpb.org.br\/index.php\/wp-json\/wp\/v2\/categories?post=59950"},{"taxonomy":"post_tag","embeddable":true,"href":"https:\/\/sindaopcpb.org.br\/index.php\/wp-json\/wp\/v2\/tags?post=59950"}],"curies":[{"name":"wp","href":"https:\/\/api.w.org\/{rel}","templated":true}]}}